{"id":9995,"date":"2023-08-07T10:32:24","date_gmt":"2023-08-07T14:32:24","guid":{"rendered":"https:\/\/ciudadliberal.cl\/?p=9995"},"modified":"2023-08-07T10:32:26","modified_gmt":"2023-08-07T14:32:26","slug":"encuesta-revelo-que-23-de-los-chilenos-rechazara-la-propuesta-del-consejo-constitucional","status":"publish","type":"post","link":"https:\/\/ciudadliberal.cl\/?p=9995","title":{"rendered":"Encuesta revel\u00f3 que 23% de los chilenos rechazar\u00e1 la propuesta del Consejo Constitucional"},"content":{"rendered":"\n<p>Un sondeo de la consultora Research Chile indic\u00f3 que quienes aseguran que votar\u00e1n a favor del texto que se presente se mantiene estable en un 7%.<\/p>\n\n\n\n<p>Respecto a la \u00abconfianza en que Chile tendr\u00e1 una nueva Constituci\u00f3n este a\u00f1o\u00bb el escenario cambi\u00f3 radicalmente, y en un mes cay\u00f3 desde el 36% al 20%.<\/p>\n\n\n\n<p><\/p>\n\n\n\n<p>Una encuesta de la consultora Research Chile revel\u00f3 que,<strong>&nbsp;por primera vez, quienes aseguran que rechazar\u00e1n la propuesta constitucional en diciembre pr\u00f3ximo superan la barrera del 20%<\/strong>, mientras que quienes afirman que la aprobar\u00e1n se estancan en 7%.<\/p>\n\n\n\n<p>Seg\u00fan el sondeo del \u00faltimo mes, el n\u00famero de personas que afirmaron que votar\u00e1n en contra de la propuesta del Consejo Constitucional pas\u00f3 de 16% en julio,<strong>&nbsp;a 23% en agosto<\/strong>.<\/p>\n\n\n\n<p>En el mismo periodo, quienes aseguran que votar\u00e1n a favor del texto que se presente se mantiene estable en 7%.<\/p>\n\n\n\n<p><\/p>\n\n\n\n<p>Una encuesta de la consultora Research Chile revel\u00f3 que,<strong>&nbsp;por primera vez, quienes aseguran que rechazar\u00e1n la propuesta constitucional en diciembre pr\u00f3ximo superan la barrera del 20%<\/strong>, mientras que quienes afirman que la aprobar\u00e1n se estancan en 7%.<\/p>\n\n\n\n<p>Seg\u00fan el sondeo del \u00faltimo mes, el n\u00famero de personas que afirmaron que votar\u00e1n en contra de la propuesta del Consejo Constitucional pas\u00f3 de 16% en julio,<strong>&nbsp;a 23% en agosto<\/strong>.<\/p>\n\n\n\n<p>En el mismo periodo, quienes aseguran que votar\u00e1n a favor del texto que se presente se mantiene estable en 7%.<\/p>\n\n\n\n<p>Por otra parte, en el apartado de la \u00ab<strong>confianza en que Chile tendr\u00e1 una nueva Constituci\u00f3n<\/strong>&nbsp;este a\u00f1o\u00bb el escenario cambi\u00f3 radicalmente, y en un mes quienes conf\u00edan en que esto ocurrir\u00e1<strong>&nbsp;cay\u00f3 desde el 36% al 20%<\/strong>.<\/p>\n\n\n\n<p>Al contrario, la proporci\u00f3n de quienes afirman que&nbsp;<strong>de ninguna manera el proceso ser\u00e1 exitoso creci\u00f3 desde 15% a 32%<\/strong>, y quienes estiman que es muy dif\u00edcil desde 37% a 47%.<\/p>\n\n\n\n<p>Esto \u00abse da en paralelo al inicio del trabajo del Consejo Constitucional y las dudas que se manifestaron respecto a lo que hab\u00eda acordado la Comisi\u00f3n de Expertos. Sin duda, el debate que se abri\u00f3 al respecto, que no lo hab\u00edamos visto hasta ahora en esta nueva fase del proceso constitucional,&nbsp;<strong>repercuti\u00f3 negativamente en la percepci\u00f3n que tiene la ciudadan\u00eda<\/strong>\u00ab, se\u00f1al\u00f3 el&nbsp;director ejecutivo de Research Chile,&nbsp;<strong>Rodrigo Zambrano<\/strong>.<\/p>\n\n\n\n<h2 class=\"wp-block-heading\"><em><strong>APROBACI\u00d3N DEL GOBIERNO<\/strong><\/em><\/h2>\n\n\n\n<p>Durante el mes de agosto,&nbsp;<strong>la aprobaci\u00f3n del Presidente Gabriel Boric disminuy\u00f3 tres puntos<\/strong>&nbsp;respecto al mes anterior, al alcanzar 30%. Si se compara con el mes de junio, esa ca\u00edda llega a 10 puntos. Este nivel es el segundo peor registro en lo que va del a\u00f1o.<\/p>\n\n\n\n<p>El ministro de Deportes,&nbsp;<strong>Jaime Pizarro<\/strong>,<strong>&nbsp;es el ministro mejor evaluado del gabinete<\/strong>&nbsp;(46%). En segundo lugar se ubica el titular de Hacienda, Mario Marcel, con&nbsp; 43% de las menciones; seguido de sus pares de Interior, Carolina Toh\u00e1 (42%); el canciller Alberto Van Klaveren (41%) y el ministro de Transportes, Juan Carlos Mu\u00f1oz (38%).<strong>&nbsp;Ninguno super\u00f3 la barrera del 50% de menciones positivas<\/strong>.<\/p>\n\n\n\n<p>Respecto a los que tienen la\u00a0<strong>peor evaluaci\u00f3n ciudadana<\/strong>, en primer lugar est\u00e1 el ministro de Desarrollo Social,<strong>\u00a0Giorgio Jackson<\/strong>\u00a0(18%); seguido por el de educaci\u00f3n, Marco Antonio \u00c1vila (22%); el de Cultura, Jaime de Aguirre (26%); y los de Econom\u00eda, Nicol\u00e1s Grau, y de Bienes Nacionales, Javiera Toro, ambos con s\u00f3lo 27% de evaluaci\u00f3n positiva.<\/p>\n\n\n\n<p><\/p>\n\n\n\n<p><\/p>\n\n\n\n<p>V\u00eda: <a href=\"https:\/\/www.cooperativa.cl\/noticias\/pais\/politica\/constitucion\/encuesta-revelo-que-23-de-los-chilenos-rechazara-la-propuesta-del\/2023-08-06\/201946.html\">Cooperativa<\/a><\/p>\n","protected":false},"excerpt":{"rendered":"<p>Un sondeo de la consultora Research Chile indic\u00f3 que quienes aseguran que votar\u00e1n a favor del texto que se presente se mantiene estable en un 7%. Respecto a la \u00abconfianza en que Chile tendr\u00e1 una nueva Constituci\u00f3n este a\u00f1o\u00bb el escenario cambi\u00f3 radicalmente, y en un mes cay\u00f3 desde el 36% al 20%. Una encuesta [&hellip;]<\/p>\n","protected":false},"author":1,"featured_media":9996,"comment_status":"closed","ping_status":"closed","sticky":false,"template":"","format":"standard","meta":{"footnotes":""},"categories":[16,2],"tags":[],"class_list":["post-9995","post","type-post","status-publish","format-standard","has-post-thumbnail","hentry","category-internet","category-portada"],"_links":{"self":[{"href":"https:\/\/ciudadliberal.cl\/index.php?rest_route=\/wp\/v2\/posts\/9995","targetHints":{"allow":["GET"]}}],"collection":[{"href":"https:\/\/ciudadliberal.cl\/index.php?rest_route=\/wp\/v2\/posts"}],"about":[{"href":"https:\/\/ciudadliberal.cl\/index.php?rest_route=\/wp\/v2\/types\/post"}],"author":[{"embeddable":true,"href":"https:\/\/ciudadliberal.cl\/index.php?rest_route=\/wp\/v2\/users\/1"}],"replies":[{"embeddable":true,"href":"https:\/\/ciudadliberal.cl\/index.php?rest_route=%2Fwp%2Fv2%2Fcomments&post=9995"}],"version-history":[{"count":1,"href":"https:\/\/ciudadliberal.cl\/index.php?rest_route=\/wp\/v2\/posts\/9995\/revisions"}],"predecessor-version":[{"id":9997,"href":"https:\/\/ciudadliberal.cl\/index.php?rest_route=\/wp\/v2\/posts\/9995\/revisions\/9997"}],"wp:featuredmedia":[{"embeddable":true,"href":"https:\/\/ciudadliberal.cl\/index.php?rest_route=\/wp\/v2\/media\/9996"}],"wp:attachment":[{"href":"https:\/\/ciudadliberal.cl\/index.php?rest_route=%2Fwp%2Fv2%2Fmedia&parent=9995"}],"wp:term":[{"taxonomy":"category","embeddable":true,"href":"https:\/\/ciudadliberal.cl\/index.php?rest_route=%2Fwp%2Fv2%2Fcategories&post=9995"},{"taxonomy":"post_tag","embeddable":true,"href":"https:\/\/ciudadliberal.cl\/index.php?rest_route=%2Fwp%2Fv2%2Ftags&post=9995"}],"curies":[{"name":"wp","href":"https:\/\/api.w.org\/{rel}","templated":true}]}}