{"id":9923,"date":"2023-05-06T16:27:59","date_gmt":"2023-05-06T20:27:59","guid":{"rendered":"https:\/\/ciudadliberal.cl\/?p=9923"},"modified":"2023-05-06T16:28:00","modified_gmt":"2023-05-06T20:28:00","slug":"carlos-iii-es-coronado-rey-del-reino-unido","status":"publish","type":"post","link":"https:\/\/ciudadliberal.cl\/?p=9923","title":{"rendered":"Carlos III es coronado rey del Reino Unido"},"content":{"rendered":"\n<p>El nuevo monarca de Gran Breta\u00f1a particip\u00f3 en una pomposa ceremonia junto a Camila y a unos 2.300 invitados en la Abad\u00eda de Westminster, en Londres.<\/p>\n\n\n\n<p><\/p>\n\n\n\n<p><a href=\"https:\/\/www.dw.com\/es\/carlos-iii\/t-46336199\">Carlos III<\/a>, de 74 a\u00f1os, fue coronado este s\u00e1bado (06.05.2023) &nbsp;en la Abad\u00eda de Westminster, en una&nbsp;<a href=\"https:\/\/www.dw.com\/es\/los-rituales-de-la-realeza-ante-la-coronaci%C3%B3n-del-rey-carlos-iii\/a-65530948\">fastuosa y solemne ceremonia<\/a>&nbsp;en Londres, evento in\u00e9dito en el Reino Unido desde hace 70 a\u00f1os. El acto tuvo lugar&nbsp;ocho meses despu\u00e9s de su llegada al trono tras la muerte de su madre&nbsp;<a href=\"https:\/\/www.dw.com\/es\/isabel-ii\/t-36486166\">Isabel II<\/a>.&nbsp;<\/p>\n\n\n\n<p>El arzobispo de Canterbury, Justin Welby, puso la corona de San Eduardo sobre la cabeza del rey ante unos 2.300 invitados, entre ellos un centenar de jefes de Estado extranjeros, como Luiz In\u00e1cio Lula da Silva y los reyes de Espa\u00f1a, Felipe VI y Letizia. Tras colocarle la corona, el arzobispo grit\u00f3 a la congregaci\u00f3n \u00abDios salve al Rey\u00bb, tras lo cual se escucharon trompetas. La esposa de Carlos III,&nbsp;Camila fue coronada inmediatamente despu\u00e9s de un modo similar pero m\u00e1s sencillo.<\/p>\n\n\n\n<p>Sentado en la silla de roble de San Eduardo, considerado el mueble m\u00e1s antiguo del Reino Unido y colocado sobre un piso de mosaico medieval, Carlos III fue coronado tras recibir las distintas insignias reales, que simbolizan las responsabilidades como el jefe de Estado brit\u00e1nico hasta el d\u00eda de su muerte.<br>Al rey se le entreg\u00f3 el orbe del soberano, que simboliza el mundo; el cetro con cruz, que representa el mundo cristiano; y el cetro de la paloma, s\u00edmbolo del papel espiritual del monarca.<\/p>\n\n\n\n<figure class=\"wp-block-image size-full\"><img loading=\"lazy\" decoding=\"async\" width=\"700\" height=\"394\" src=\"https:\/\/ciudadliberal.cl\/wp-content\/uploads\/2023\/05\/image.png\" alt=\"\" class=\"wp-image-9924\" srcset=\"https:\/\/ciudadliberal.cl\/wp-content\/uploads\/2023\/05\/image.png 700w, https:\/\/ciudadliberal.cl\/wp-content\/uploads\/2023\/05\/image-300x169.png 300w, https:\/\/ciudadliberal.cl\/wp-content\/uploads\/2023\/05\/image-640x360.png 640w, https:\/\/ciudadliberal.cl\/wp-content\/uploads\/2023\/05\/image-681x383.png 681w\" sizes=\"auto, (max-width: 700px) 100vw, 700px\" \/><\/figure>\n\n\n\n<p><a href=\"https:\/\/www.facebook.com\/sharer\/sharer.php?u=https%3A%2F%2Fp.dw.com%2Fp%2F4Qz35%3Fmaca%3Des-Facebook-sharing\"><\/a><\/p>\n\n\n\n<h2 class=\"wp-block-heading\">De vuelta a Buckingham<\/h2>\n\n\n\n<p>Por \u00faltimo Welby le coloc\u00f3 la corona de San Eduardo, hecha en oro y decorada con rub\u00edes, amatistas, zafiros, granate y topacios, la \u00fanica vez en su vida que el monarca la llevar\u00e1.&nbsp;Antes, el monarca fue ungido con aceite consagrado por el arzobispo de Canterbury, el rito religioso m\u00e1s solemne de la liturgia de la coronaci\u00f3n, que requiere que el monarca est\u00e9 temporalmente oculto al p\u00fablico.<\/p>\n\n\n\n<p>El soberano qued\u00f3 velado por un panel de tela bordada con motivos de \u00e1ngeles y un \u00e1rbol con 56 hojas que representan a cada uno de los pa\u00edses de la Commonwealth, bendecida en la Capilla Real del Palacio de St James hace una semana. Durante la unci\u00f3n, el coro enton\u00f3 la pieza \u00abZadok the Priest\u00bb, compuesta por Georg Friedrich Handel para la coronaci\u00f3n de Jorge II, en 1727.&nbsp;<\/p>\n\n\n\n<p>Acompa\u00f1ados por miles de militares y miembros de la realeza, los monarcas regresar\u00e1n en una nueva procesi\u00f3n al Palacio de Buckingham, donde acompa\u00f1ados por su familia saludar\u00e1n a la multitud desde el balc\u00f3n.<\/p>\n\n\n\n<p>No obstante, no todos los brit\u00e1nicos est\u00e1n felices con la hist\u00f3rica coronaci\u00f3n. Horas antes del evento un grupo de\u00a0<a href=\"https:\/\/www.dw.com\/es\/reportan-explosi%C3%B3n-y-un-detenido-afuera-del-palacio-de-buckingham\/a-65497170\">activistas antimon\u00e1rquicos<\/a>\u00a0estaba sacando de un cami\u00f3n sus pancartas con el lema \u00abNo es mi rey\u00bb, cuando la polic\u00eda detuvo a varios de ellos. A pesar de los fracasados intentos de manifestaciones, a pocos metros de all\u00ed, miles de admiradores de los monarcas se agolparon desde primera hora de la ma\u00f1ana para ver pasar a los reyes, algunos desde hace d\u00edas, tras las barreras colocadas en The Mall, la gran avenida que parte del Palacio de Buckingham.<\/p>\n\n\n\n<p><\/p>\n\n\n\n<p><\/p>\n\n\n\n<p>V\u00eda: <a href=\"https:\/\/www.dw.com\/es\/carlos-iii-es-coronado-rey-del-reino-unido\/a-65536547\">DW<\/a><\/p>\n","protected":false},"excerpt":{"rendered":"<p>El nuevo monarca de Gran Breta\u00f1a particip\u00f3 en una pomposa ceremonia junto a Camila y a unos 2.300 invitados en la Abad\u00eda de Westminster, en Londres. Carlos III, de 74 a\u00f1os, fue coronado este s\u00e1bado (06.05.2023) &nbsp;en la Abad\u00eda de Westminster, en una&nbsp;fastuosa y solemne ceremonia&nbsp;en Londres, evento in\u00e9dito en el Reino Unido desde hace [&hellip;]<\/p>\n","protected":false},"author":1,"featured_media":9925,"comment_status":"closed","ping_status":"closed","sticky":false,"template":"","format":"standard","meta":{"footnotes":""},"categories":[14,2],"tags":[],"class_list":["post-9923","post","type-post","status-publish","format-standard","has-post-thumbnail","hentry","category-entertainment","category-portada"],"_links":{"self":[{"href":"https:\/\/ciudadliberal.cl\/index.php?rest_route=\/wp\/v2\/posts\/9923","targetHints":{"allow":["GET"]}}],"collection":[{"href":"https:\/\/ciudadliberal.cl\/index.php?rest_route=\/wp\/v2\/posts"}],"about":[{"href":"https:\/\/ciudadliberal.cl\/index.php?rest_route=\/wp\/v2\/types\/post"}],"author":[{"embeddable":true,"href":"https:\/\/ciudadliberal.cl\/index.php?rest_route=\/wp\/v2\/users\/1"}],"replies":[{"embeddable":true,"href":"https:\/\/ciudadliberal.cl\/index.php?rest_route=%2Fwp%2Fv2%2Fcomments&post=9923"}],"version-history":[{"count":1,"href":"https:\/\/ciudadliberal.cl\/index.php?rest_route=\/wp\/v2\/posts\/9923\/revisions"}],"predecessor-version":[{"id":9926,"href":"https:\/\/ciudadliberal.cl\/index.php?rest_route=\/wp\/v2\/posts\/9923\/revisions\/9926"}],"wp:featuredmedia":[{"embeddable":true,"href":"https:\/\/ciudadliberal.cl\/index.php?rest_route=\/wp\/v2\/media\/9925"}],"wp:attachment":[{"href":"https:\/\/ciudadliberal.cl\/index.php?rest_route=%2Fwp%2Fv2%2Fmedia&parent=9923"}],"wp:term":[{"taxonomy":"category","embeddable":true,"href":"https:\/\/ciudadliberal.cl\/index.php?rest_route=%2Fwp%2Fv2%2Fcategories&post=9923"},{"taxonomy":"post_tag","embeddable":true,"href":"https:\/\/ciudadliberal.cl\/index.php?rest_route=%2Fwp%2Fv2%2Ftags&post=9923"}],"curies":[{"name":"wp","href":"https:\/\/api.w.org\/{rel}","templated":true}]}}