{"id":9917,"date":"2023-04-24T05:46:05","date_gmt":"2023-04-24T09:46:05","guid":{"rendered":"https:\/\/ciudadliberal.cl\/?p=9917"},"modified":"2023-04-24T05:46:07","modified_gmt":"2023-04-24T09:46:07","slug":"plan-calles-sin-violencia-iniciara-este-lunes-en-la-comuna-de-santiago","status":"publish","type":"post","link":"https:\/\/ciudadliberal.cl\/?p=9917","title":{"rendered":"Plan Calles sin Violencia iniciar\u00e1 este lunes en la comuna de Santiago"},"content":{"rendered":"\n<p>Las 46 comunas seleccionadas son las que concentran el 50% de delitos violentos y que presentaron mayor ocurrencia de homicidios en 2022.<\/p>\n\n\n\n<p>El alcalde Eliecer Chamorro dijo esperar que Calama est\u00e9 en la primera etapa de intervenci\u00f3n y asegur\u00f3 que \u00abno es efectivo que pueda lograr un resultado tan potente\u00bb.<\/p>\n\n\n\n<p>Este lunes<strong>&nbsp;inicia el piloto<\/strong>&nbsp;del&nbsp;<a href=\"https:\/\/www.cooperativa.cl\/noticias\/pais\/seguridad-ciudadana\/planes-antidelincuencia\/las-46-comunas-contempladas-en-el-plan-calles-sin-violencia\/2023-04-15\/214934.html\">plan Calles sin Violencia<\/a>&nbsp;en la comuna de Santiago, una de las estrategias propuestas por el Gobierno para responder a la crisis de seguridad.&nbsp;<\/p>\n\n\n\n<p>La iniciativa contempla a 46 comunas: 22 de la Regi\u00f3n Metropolitana y 24 de otras zonas incluidas todas las capitales regionales, con un foco en las que<strong>&nbsp;concentran el 50% de delitos violentos y que presentaron mayor ocurrencia de homicidios<\/strong>&nbsp;consumados en 2022.<\/p>\n\n\n\n<p>Seg\u00fan prometi\u00f3 el Ejecutivo, se espera que la entrada en\u00a0<a href=\"https:\/\/www.cooperativa.cl\/noticias\/pais\/seguridad-ciudadana\/calles-sin-violencia-iniciara-en-abril-en-santiago-y-en-mayo-en-el\/2023-04-16\/193514.html\">vigencia del plan en el resto de las comunas seleccionadas<\/a>\u00a0ocurra durante el mes de mayo.<\/p>\n\n\n\n<p>El subsecretario de Prevenci\u00f3n del Delito<strong>, Eduardo Vergara,<\/strong>&nbsp;explic\u00f3 que esta medida \u00abse inicia con un fuerte<strong>&nbsp;enfoque en trabajo conjunto con Ministerio P\u00fablico,<\/strong>&nbsp;pero tambi\u00e9n con un&nbsp;<strong>incremento en la presencia policial<\/strong>\u00ab.&nbsp;<\/p>\n\n\n\n<p>Esto, con el fin de \u00abllevar adelante operativos de fiscalizaci\u00f3n e incautaci\u00f3n, pero por sobre todo para llevar a los responsables frente a la justicia\u00bb, agreg\u00f3.<\/p>\n\n\n\n<p>Vergara agreg\u00f3 adem\u00e1s que,&nbsp;<strong>en paralelo a Calles sin Violencia, \u00abse instala el plan Estado Presente, que va a aumentar la presencia estatal en&nbsp;120 comunas<\/strong>, seleccionadas gracias al \u00edndice de vulnerabilidad sociodelictual\u00bb, que va m\u00e1s all\u00e1 de la incidencia criminal.<\/p>\n\n\n\n<p>Para definir los territorios que ser\u00e1n beneficiados con esta medida, que&nbsp;<strong>tendr\u00e1 un car\u00e1cter preventivo,<\/strong>&nbsp;se utilizaron los criterios de cantidad de poblaci\u00f3n flotante, la presencia de ni\u00f1as, ni\u00f1os y adolescentes en delitos y la dependencia financiera de las comunas incorporadas.&nbsp;<\/p>\n\n\n\n<p>El alcalde de Independencia,&nbsp;<strong>Gonzalo Dur\u00e1n<\/strong>, dijo que esperan \u00ab<strong>una disminuci\u00f3n significativa de las incivilidades\u00bb<\/strong>, como \u00abel comercio irregular, el expendio de alimentos en la v\u00eda p\u00fablica y la consecuente proliferaci\u00f3n de actividades il\u00edcitas en su entorno\u00bb.<\/p>\n\n\n\n<p>Su hom\u00f3logo de Puente Alto,<strong>&nbsp;Germ\u00e1n Codina<\/strong>, indic\u00f3 que \u00abeste plan, aunque sea perfectible,<strong>&nbsp;es urgente que comience a implementarse\u00bb.<\/strong>&nbsp;Adem\u00e1s, apunt\u00f3 que \u00abse necesitan par\u00e1metros objetivos de evaluaci\u00f3n y que la voz de expertos se considere\u00bb.<\/p>\n\n\n\n<h2 class=\"wp-block-heading\"><em>ALCALDE DE CALAMA HIZO CR\u00cdTICAS AL PLAN Y DIJO QUE \u00abSE REQUIERE UNA ACCI\u00d3N MAYOR\u00bb<\/em><\/h2>\n\n\n\n<p><strong>Eliecer Chamorro,<\/strong>&nbsp;alcalde de Calama -presente entre las comunas que integran Calles sin Violencia-, indic\u00f3 que espera que la ciudad&nbsp;<strong>est\u00e9 dentro \u00abde la primera etapa de la intervenci\u00f3n\u00bb.<\/strong><\/p>\n\n\n\n<p>El plan \u00abes criticable tambi\u00e9n en ciertos aspectos, porque se adjuntan conceptos como&nbsp;<strong>&#8216;fiscales preferentes&#8217;, que son los mismos fiscales que est\u00e1n en la comuna,<\/strong>&nbsp;que est\u00e1n sobrecargados con situaciones complejas, con temas de infraestructura, problemas de hacinamiento y de equipamiento, etc\u00bb, sostuvo.<\/p>\n\n\n\n<p>Por lo anterior\u00a0<strong>\u00abno es efectivo que se pueda lograr un resultado tan potente<\/strong>\u00a0como espera el Gobierno, yo creo que se requiere una acci\u00f3n mayor\u00bb, sentenci\u00f3 Chamorro.<\/p>\n\n\n\n<p><\/p>\n\n\n\n<p>V\u00eda: <a href=\"https:\/\/www.cooperativa.cl\/noticias\/pais\/seguridad-ciudadana\/planes-antidelincuencia\/plan-calles-sin-violencia-iniciara-este-lunes-en-la-comuna-de-santiago\/2023-04-23\/133157.html\">Cooperativa<\/a><\/p>\n","protected":false},"excerpt":{"rendered":"<p>Las 46 comunas seleccionadas son las que concentran el 50% de delitos violentos y que presentaron mayor ocurrencia de homicidios en 2022. El alcalde Eliecer Chamorro dijo esperar que Calama est\u00e9 en la primera etapa de intervenci\u00f3n y asegur\u00f3 que \u00abno es efectivo que pueda lograr un resultado tan potente\u00bb. Este lunes&nbsp;inicia el piloto&nbsp;del&nbsp;plan Calles [&hellip;]<\/p>\n","protected":false},"author":1,"featured_media":9918,"comment_status":"closed","ping_status":"closed","sticky":false,"template":"","format":"standard","meta":{"footnotes":""},"categories":[16,2],"tags":[],"class_list":["post-9917","post","type-post","status-publish","format-standard","has-post-thumbnail","hentry","category-internet","category-portada"],"_links":{"self":[{"href":"https:\/\/ciudadliberal.cl\/index.php?rest_route=\/wp\/v2\/posts\/9917","targetHints":{"allow":["GET"]}}],"collection":[{"href":"https:\/\/ciudadliberal.cl\/index.php?rest_route=\/wp\/v2\/posts"}],"about":[{"href":"https:\/\/ciudadliberal.cl\/index.php?rest_route=\/wp\/v2\/types\/post"}],"author":[{"embeddable":true,"href":"https:\/\/ciudadliberal.cl\/index.php?rest_route=\/wp\/v2\/users\/1"}],"replies":[{"embeddable":true,"href":"https:\/\/ciudadliberal.cl\/index.php?rest_route=%2Fwp%2Fv2%2Fcomments&post=9917"}],"version-history":[{"count":1,"href":"https:\/\/ciudadliberal.cl\/index.php?rest_route=\/wp\/v2\/posts\/9917\/revisions"}],"predecessor-version":[{"id":9919,"href":"https:\/\/ciudadliberal.cl\/index.php?rest_route=\/wp\/v2\/posts\/9917\/revisions\/9919"}],"wp:featuredmedia":[{"embeddable":true,"href":"https:\/\/ciudadliberal.cl\/index.php?rest_route=\/wp\/v2\/media\/9918"}],"wp:attachment":[{"href":"https:\/\/ciudadliberal.cl\/index.php?rest_route=%2Fwp%2Fv2%2Fmedia&parent=9917"}],"wp:term":[{"taxonomy":"category","embeddable":true,"href":"https:\/\/ciudadliberal.cl\/index.php?rest_route=%2Fwp%2Fv2%2Fcategories&post=9917"},{"taxonomy":"post_tag","embeddable":true,"href":"https:\/\/ciudadliberal.cl\/index.php?rest_route=%2Fwp%2Fv2%2Ftags&post=9917"}],"curies":[{"name":"wp","href":"https:\/\/api.w.org\/{rel}","templated":true}]}}