{"id":9914,"date":"2023-04-24T05:43:16","date_gmt":"2023-04-24T09:43:16","guid":{"rendered":"https:\/\/ciudadliberal.cl\/?p=9914"},"modified":"2023-04-24T05:43:18","modified_gmt":"2023-04-24T09:43:18","slug":"consejo-constitucional-a-dos-semanas-de-la-eleccion-66-no-conoce-a-candidatos-y-84-sabe-poco-o-nada-del-proceso","status":"publish","type":"post","link":"https:\/\/ciudadliberal.cl\/?p=9914","title":{"rendered":"Consejo Constitucional: A dos semanas de la elecci\u00f3n, 66% no conoce a candidatos y 84% sabe \u00abpoco\u00bb o \u00abnada\u00bb del proceso"},"content":{"rendered":"\n<p>Pese a esto, un 72% de los encuestados afirma que ir\u00e1 a votar el 7 de mayo, seg\u00fan sondeo Feedback-UDP.<\/p>\n\n\n\n<p>Una encuesta elaborada por el&nbsp;<strong>Laboratorio Constitucional y la Plataforma de Pol\u00edticas P\u00fablicas de la Universidad Diego Portales (UDP), junto con Feedback Research<\/strong>, revel\u00f3 que, de cara a&nbsp;<a href=\"https:\/\/www.cooperativa.cl\/noticias\/pais\/politica\/elecciones\/servel-informo-vocales-reemplazantes-revisa-aca-si-estas-en-la-nomina\/2023-04-22\/104408.html\" target=\"_blank\" rel=\"noreferrer noopener\">la elecci\u00f3n del Consejo Constitucional del pr\u00f3ximo domingo 7 de mayo<\/a>, existe un gran nivel de desconocimiento de la ciudadan\u00eda&nbsp;sobre el nuevo proceso de redacci\u00f3n de la nueva Carta Fundamental.<\/p>\n\n\n\n<p>El sondeo se realiz\u00f3 cara a cara entre el 17 de marzo y el 17 de abril en ocho regiones del pa\u00eds a<strong>&nbsp;<\/strong>1.072 entrevistados.<\/p>\n\n\n\n<p>Seg\u00fan los datos arrojados,\u00a0<strong>el 83,5% manifest\u00f3 estar poco o nada informado acerca del nuevo proceso constituyente<\/strong>. Entre los encuestados del n<strong>ivel socioecon\u00f3mico (NSE) bajo<\/strong>, la cifra alcanz\u00f3 el\u00a0<strong>90%<\/strong>.<\/p>\n\n\n\n<p>Cuando se pregunt\u00f3 si conoce a alg\u00fan candidata o candidato de su regi\u00f3n, el&nbsp;<strong>66%<\/strong>&nbsp;<strong>de los encuestados se\u00f1al\u00f3 no conocer a ninguno<\/strong>, mientras que un&nbsp;<strong>23,2%<\/strong>&nbsp;afirm\u00f3 conocer a muy pocos. El desconocimiento es mayor entre los NSE bajo, gente de la tercera edad y personas que declararon no haber votado.<\/p>\n\n\n\n<p>Los datos anteriores contrastan respecto a la de la intenci\u00f3n de ir a votar en los comicios del 7 de mayo, donde regir\u00e1 el<strong>&nbsp;sufragio obligatorio<\/strong>. En ese sentido,&nbsp;<strong>un 71,8%<\/strong>&nbsp;<strong>se\u00f1al\u00f3 que ir\u00e1 a votar con toda seguridad; mientras que apenas un 17,7% afirm\u00f3 que probablemente concurrir\u00e1.<\/strong><\/p>\n\n\n\n<p>Entre las razones que se\u00f1alaron los encuestados para ir a votar, la principal se asocia con&nbsp;<strong>cumplir el deber c\u00edvico<\/strong>, con un 56,4%;&nbsp;<strong>\u00abporque es un deber\u00bb,<\/strong>&nbsp;con un 35,3%;&nbsp;<strong>\u00abpara no recibir multas o sanciones\u00bb<\/strong>, con un 21,1%;&nbsp;<strong>inter\u00e9s del proceso<\/strong>&nbsp;con un 25,7%;&nbsp;y&nbsp;<strong>porque quiere una nueva Constituci\u00f3n<\/strong>, con un 13%.<\/p>\n\n\n\n<p>En cuanto a los candidatos por los que prefieren votar, los encuestados afirmaron que&nbsp;<strong>prefieren expertos en temas constitucionales (43%<\/strong>), seguido de&nbsp;<strong>personas comunes y corrientes que representan intereses de sus comunidades (23,3%)<\/strong>. Le siguen las<strong>&nbsp;figuras conocidas independientes de los partidos<\/strong>&nbsp;<strong>(11,5%)<\/strong>; y al final de la lista vienen los&nbsp;<strong>militantes de partidos pol\u00edticos con experiencia (7,8%).<\/strong>&nbsp;Quienes manifestaron preferencia por expertos son las personas mayores entre 30 y 39 a\u00f1os, votantes frecuentes y de un NSE alto.<\/p>\n\n\n\n<h2 class=\"wp-block-heading\"><em><strong>39% CREE QUE CHILE TENDR\u00c1 NUEVA CONSTITUCI\u00d3N<\/strong><\/em><\/h2>\n\n\n\n<p>Sobre la posibilidad de aprobar una nueva Constituci\u00f3n,&nbsp;<strong>el 38,5% asegur\u00f3 que es algo muy probable que se apruebe;<\/strong>&nbsp;mientras que el&nbsp;<strong>49% afirm\u00f3 que es nada o poco factible que se apruebe<\/strong>. En este sentido, los m\u00e1s pesimistas fueron hombres de un SNE bajo, mientras que los m\u00e1s optimistas son personas de un SNE alto.<\/p>\n\n\n\n<p>Respecto del nombramiento de una&nbsp;<strong>Comisi\u00f3n Experta<\/strong>&nbsp;por parte del Congreso, el&nbsp;<strong>23,6% se mostr\u00f3 de acuerdo o muy de acuerdo<\/strong>, el&nbsp;<strong>35,3% en desacuerdo o muy en desacuerdo<\/strong>, y el&nbsp;<strong>35,7% se\u00f1al\u00f3 no tener informaci\u00f3n suficiente para opinar<\/strong>. Adicionalmente, cuando se pregunt\u00f3 sobre la legitimidad del proceso en curso, el&nbsp;<strong>22,1%<\/strong>&nbsp;indic\u00f3 que el proceso tiene una alta legitimidad, mientras que el&nbsp;<strong>37,5%<\/strong>&nbsp;se\u00f1al\u00f3 que tiene mediana legitimidad, y&nbsp;<strong>30,8<\/strong>% manifest\u00f3 que su legitimidad es baja.<\/p>\n\n\n\n<p>Consultados respecto su parecer en a&nbsp;<strong>temas claves del debate constitucional<\/strong>, los porcentajes de personas que aprueban completamente esa idea son: Poder del Presidente de expulsar a extranjeros que cometan graves delitos sin intervenci\u00f3n del Poder Judicial&nbsp;<strong>(75,5%)<\/strong>; Educaci\u00f3n Superior Gratuita&nbsp;<strong>(69,8%)<\/strong>; propiedad individual de las personas de los fondos de pensiones&nbsp;<strong><em>(64,9%)<\/em><\/strong>; libertad de las personas de elegir sistema de salud p\u00fablico o privado<strong>&nbsp;(65%)<\/strong>; Sistema de pensiones p\u00fablico&nbsp;<strong>(60,4%)<\/strong>, Sistema de Salud Universal, P\u00fablico e integrado&nbsp;<strong>(52,4%)<\/strong>, Estado Social y Democr\u00e1tico de Derecho&nbsp;<strong>(48%)<\/strong>, Reconocimiento de pueblos ind\u00edgenas&nbsp;<strong>(41,3%)<\/strong>, derecho al aborto&nbsp;<strong>(31,2%)<\/strong>, Estado plurinacional e intercultural&nbsp;<strong>(25,3%)<\/strong>, sistema de justicia ind\u00edgena,&nbsp;<strong>(24,1%)<\/strong>.<\/p>\n\n\n\n<p>Para revisar el sondeo completo visita el sitio\u00a0<strong><a href=\"https:\/\/labconstitucional.udp.cl\/encuesta-revela-preocupante-desinformacion-sobre-proceso-constituyente\/\">web de la Universidad Diego Portales.<\/a><\/strong><\/p>\n\n\n\n<p><\/p>\n\n\n\n<p>V\u00eda: <a href=\"https:\/\/www.cooperativa.cl\/noticias\/pais\/politica\/constitucion\/consejo-constitucional-a-dos-semanas-de-la-eleccion-66-no-conoce-a\/2023-04-23\/175601.html\">DW<\/a><\/p>\n","protected":false},"excerpt":{"rendered":"<p>Pese a esto, un 72% de los encuestados afirma que ir\u00e1 a votar el 7 de mayo, seg\u00fan sondeo Feedback-UDP. Una encuesta elaborada por el&nbsp;Laboratorio Constitucional y la Plataforma de Pol\u00edticas P\u00fablicas de la Universidad Diego Portales (UDP), junto con Feedback Research, revel\u00f3 que, de cara a&nbsp;la elecci\u00f3n del Consejo Constitucional del pr\u00f3ximo domingo 7 [&hellip;]<\/p>\n","protected":false},"author":1,"featured_media":9915,"comment_status":"closed","ping_status":"closed","sticky":false,"template":"","format":"standard","meta":{"footnotes":""},"categories":[16,2],"tags":[],"class_list":["post-9914","post","type-post","status-publish","format-standard","has-post-thumbnail","hentry","category-internet","category-portada"],"_links":{"self":[{"href":"https:\/\/ciudadliberal.cl\/index.php?rest_route=\/wp\/v2\/posts\/9914","targetHints":{"allow":["GET"]}}],"collection":[{"href":"https:\/\/ciudadliberal.cl\/index.php?rest_route=\/wp\/v2\/posts"}],"about":[{"href":"https:\/\/ciudadliberal.cl\/index.php?rest_route=\/wp\/v2\/types\/post"}],"author":[{"embeddable":true,"href":"https:\/\/ciudadliberal.cl\/index.php?rest_route=\/wp\/v2\/users\/1"}],"replies":[{"embeddable":true,"href":"https:\/\/ciudadliberal.cl\/index.php?rest_route=%2Fwp%2Fv2%2Fcomments&post=9914"}],"version-history":[{"count":1,"href":"https:\/\/ciudadliberal.cl\/index.php?rest_route=\/wp\/v2\/posts\/9914\/revisions"}],"predecessor-version":[{"id":9916,"href":"https:\/\/ciudadliberal.cl\/index.php?rest_route=\/wp\/v2\/posts\/9914\/revisions\/9916"}],"wp:featuredmedia":[{"embeddable":true,"href":"https:\/\/ciudadliberal.cl\/index.php?rest_route=\/wp\/v2\/media\/9915"}],"wp:attachment":[{"href":"https:\/\/ciudadliberal.cl\/index.php?rest_route=%2Fwp%2Fv2%2Fmedia&parent=9914"}],"wp:term":[{"taxonomy":"category","embeddable":true,"href":"https:\/\/ciudadliberal.cl\/index.php?rest_route=%2Fwp%2Fv2%2Fcategories&post=9914"},{"taxonomy":"post_tag","embeddable":true,"href":"https:\/\/ciudadliberal.cl\/index.php?rest_route=%2Fwp%2Fv2%2Ftags&post=9914"}],"curies":[{"name":"wp","href":"https:\/\/api.w.org\/{rel}","templated":true}]}}