{"id":9910,"date":"2023-04-17T08:32:20","date_gmt":"2023-04-17T12:32:20","guid":{"rendered":"https:\/\/ciudadliberal.cl\/?p=9910"},"modified":"2023-04-17T08:32:22","modified_gmt":"2023-04-17T12:32:22","slug":"cancilleres-del-g7-abordan-la-guerra-de-ucrania-y-tensiones-en-asia-pacifico","status":"publish","type":"post","link":"https:\/\/ciudadliberal.cl\/?p=9910","title":{"rendered":"Cancilleres del G7 abordan la guerra de Ucrania y tensiones en Asia-Pac\u00edfico"},"content":{"rendered":"\n<p>Los ministros tienen previsto avanzar en una declaraci\u00f3n conjunta con la postura com\u00fan ante los retos que plantea la invasi\u00f3n rusa de Ucrania y el auge militar de China.<\/p>\n\n\n\n<p><\/p>\n\n\n\n<p>Los ministros de Exteriores del G7 iniciaron este lunes (17.04.2023) su segunda jornada de reuniones en la ciudad japonesa de Karuizawa, en la que abordar\u00e1n la guerra de&nbsp;<a href=\"https:\/\/www.dw.com\/es\/ucrania\/t-36925922\">Ucrania<\/a>&nbsp;y el aumento de tensiones en Asia-Pac\u00edfico, desaf\u00edos ante los que aspiran a enviar un mensaje de unidad.<\/p>\n\n\n\n<p>Los cancilleres del Grupo de los Siete llegaron desde las 10.00 hora local (1.00 GMT) del lunes al hotel Prince Karuizawa, la sede de sus encuentros que se prolongar\u00e1n hasta este martes.<\/p>\n\n\n\n<p>Los ministros tienen previsto celebrar hoy cuatro sesiones y un almuerzo de trabajo, adem\u00e1s de una cena, en las que se espera avanzar en una declaraci\u00f3n conjunta con la postura com\u00fan ante los retos que plantea la invasi\u00f3n rusa de Ucrania y el auge militar de&nbsp;<a href=\"https:\/\/www.dw.com\/es\/china\/t-17411734\">China<\/a>&nbsp;en el Indopac\u00edfico.<\/p>\n\n\n\n<p>\u00abEspero que nuestras discusiones sirvan para mostrar la determinaci\u00f3n de G7 para mantener el orden internacional\u00bb, dijo el primer ministro nip\u00f3n, Yoshimasa Hayashi, en su intervenci\u00f3n al abrir las sesiones.<\/p>\n\n\n\n<p>En cuanto a China, Hayashi subray\u00f3 la necesidad de \u00abcrear una relaci\u00f3n estable y constructiva\u00bb con vistas a \u00abtrabajar juntos sobre desaf\u00edos globales y \u00e1reas de inter\u00e9s com\u00fan\u00bb.<\/p>\n\n\n\n<p>Al mismo tiempo, el canciller japon\u00e9s expres\u00f3 su \u00abpreocupaci\u00f3n\u00bb por ciertos comportamientos del gigante asi\u00e1tico y le llam\u00f3 a \u00abactuar con responsabilidad como miembro de la comunidad internacional\u00bb, una postura compartida por los otros ministros del G7, seg\u00fan la presidencia nipona.<\/p>\n\n\n\n<p>En la misma l\u00ednea, Hayashi hizo hincapi\u00e9 en la importancia de \u00abmantener la paz y la estabilidad en el estrecho de Taiw\u00e1n\u00bb como \u00abelemento indispensable para la prosperidad de la comunidad internacional\u00bb y urgi\u00f3 a \u00abuna resoluci\u00f3n pac\u00edfica de los conflictos\u00bb en esta zona.<\/p>\n\n\n\n<p>La reuni\u00f3n del G7 llega despu\u00e9s de un nuevo repunte de las tensiones alrededor de la isla autogobernada y reclamada por Pek\u00edn, debido a las nuevas maniobras militares chinas en respuesta a la reciente visita a Estados Unidos de la presidenta taiwanesa, Tsai Ing-wen.<\/p>\n\n\n\n<p>La cita en Karuizawa tiene lugar adem\u00e1s tras una serie de visitas a Pek\u00edn de varios l\u00edderes europeos, entre ellos el presidente franc\u00e9s, Emmanuel Macron, quien desat\u00f3 una gran polvareda al defender una mayor autonom\u00eda de Europa sobre Taiw\u00e1n para evitar verse involucrada \u00aben crisis que no son suyas\u00bb, palabras que matiz\u00f3 despu\u00e9s el El\u00edseo.<\/p>\n\n\n\n<p><\/p>\n\n\n\n<p>V\u00eda: <a href=\"https:\/\/www.dw.com\/es\/cancilleres-del-g7-abordan-la-guerra-de-ucrania-y-tensiones-en-asia-pac%C3%ADfico\/a-65343176\">DW<\/a><\/p>\n\n\n\n<p><a href=\"https:\/\/www.facebook.com\/sharer\/sharer.php?u=https%3A%2F%2Fp.dw.com%2Fp%2F4QAkC%3Fmaca%3Des-Facebook-sharing\"><\/a><\/p>\n","protected":false},"excerpt":{"rendered":"<p>Los ministros tienen previsto avanzar en una declaraci\u00f3n conjunta con la postura com\u00fan ante los retos que plantea la invasi\u00f3n rusa de Ucrania y el auge militar de China. Los ministros de Exteriores del G7 iniciaron este lunes (17.04.2023) su segunda jornada de reuniones en la ciudad japonesa de Karuizawa, en la que abordar\u00e1n la [&hellip;]<\/p>\n","protected":false},"author":1,"featured_media":9911,"comment_status":"closed","ping_status":"closed","sticky":false,"template":"","format":"standard","meta":{"footnotes":""},"categories":[14,2],"tags":[],"class_list":["post-9910","post","type-post","status-publish","format-standard","has-post-thumbnail","hentry","category-entertainment","category-portada"],"_links":{"self":[{"href":"https:\/\/ciudadliberal.cl\/index.php?rest_route=\/wp\/v2\/posts\/9910","targetHints":{"allow":["GET"]}}],"collection":[{"href":"https:\/\/ciudadliberal.cl\/index.php?rest_route=\/wp\/v2\/posts"}],"about":[{"href":"https:\/\/ciudadliberal.cl\/index.php?rest_route=\/wp\/v2\/types\/post"}],"author":[{"embeddable":true,"href":"https:\/\/ciudadliberal.cl\/index.php?rest_route=\/wp\/v2\/users\/1"}],"replies":[{"embeddable":true,"href":"https:\/\/ciudadliberal.cl\/index.php?rest_route=%2Fwp%2Fv2%2Fcomments&post=9910"}],"version-history":[{"count":1,"href":"https:\/\/ciudadliberal.cl\/index.php?rest_route=\/wp\/v2\/posts\/9910\/revisions"}],"predecessor-version":[{"id":9912,"href":"https:\/\/ciudadliberal.cl\/index.php?rest_route=\/wp\/v2\/posts\/9910\/revisions\/9912"}],"wp:featuredmedia":[{"embeddable":true,"href":"https:\/\/ciudadliberal.cl\/index.php?rest_route=\/wp\/v2\/media\/9911"}],"wp:attachment":[{"href":"https:\/\/ciudadliberal.cl\/index.php?rest_route=%2Fwp%2Fv2%2Fmedia&parent=9910"}],"wp:term":[{"taxonomy":"category","embeddable":true,"href":"https:\/\/ciudadliberal.cl\/index.php?rest_route=%2Fwp%2Fv2%2Fcategories&post=9910"},{"taxonomy":"post_tag","embeddable":true,"href":"https:\/\/ciudadliberal.cl\/index.php?rest_route=%2Fwp%2Fv2%2Ftags&post=9910"}],"curies":[{"name":"wp","href":"https:\/\/api.w.org\/{rel}","templated":true}]}}