{"id":9907,"date":"2023-04-17T08:27:43","date_gmt":"2023-04-17T12:27:43","guid":{"rendered":"https:\/\/ciudadliberal.cl\/?p=9907"},"modified":"2023-04-17T08:27:45","modified_gmt":"2023-04-17T12:27:45","slug":"opositor-critico-ruso-vladimir-kara-murza-condenado-a-25-anos-de-prision","status":"publish","type":"post","link":"https:\/\/ciudadliberal.cl\/?p=9907","title":{"rendered":"Opositor cr\u00edtico ruso Vlad\u00edmir Kara-Murz\u00e1 condenado a 25 a\u00f1os de prisi\u00f3n"},"content":{"rendered":"\n<p>El opositor y periodista, en prisi\u00f3n preventiva desde hace un a\u00f1o, fue hallado culpable de alta traici\u00f3n y difusi\u00f3n de informaci\u00f3n falsa. La defensa ya anunci\u00f3 que recurrir\u00e1 esta sentencia.<\/p>\n\n\n\n<p><\/p>\n\n\n\n<p>El opositor y periodista ruso&nbsp;<a href=\"https:\/\/www.dw.com\/es\/rusia-encarcela-a-vladimir-kara-murza-por-fake-news-sobre-ej%C3%A9rcito\/a-61566260\">Vlad\u00edmir Kara-Murz\u00e1<\/a>, en&nbsp;<a href=\"https:\/\/www.dw.com\/es\/la-ue-pide-la-liberaci%C3%B3n-inmediata-del-opositor-ruso-kara-murz%C3%A1\/a-61455874\">prisi\u00f3n preventiva desde hace un a\u00f1o<\/a>&nbsp;y acusado de traici\u00f3n y otros dos cargos penales, fue condenado este lunes (17.04.2023) por un tribunal ruso a 25 a\u00f1os de prisi\u00f3n.&nbsp;La condena del destacado disidente gener\u00f3 una gran expectaci\u00f3n y reuni\u00f3 en el edificio del Tribunal Urbano de Mosc\u00fa a cerca de un centenar de periodistas y diplom\u00e1ticos, seg\u00fan informa el portal digital Mediazona.<\/p>\n\n\n\n<p>En su \u00faltima intervenci\u00f3n, la semana pasada, Kara-Murz\u00e1 asegur\u00f3 que \u00abno se arrepiente de nada\u00bb y que \u00abama a Rusia\u00bb, seg\u00fan su abogada Mar\u00eda Eismont. El tribunal tambi\u00e9n impuso una multa de 400.000 rublos (cerca de 5.000 d\u00f3lares) al opositor y le prohibi\u00f3 ejercer el periodismo durante siete a\u00f1os.<\/p>\n\n\n\n<p>Kar\u00e1-Murz\u00e1, de 41 a\u00f1os, fue hallado culpable de alta traici\u00f3n, delito que se castiga con hasta 20 a\u00f1os de c\u00e1rcel, difusi\u00f3n de informaci\u00f3n falsa sobre la actuaci\u00f3n del Ej\u00e9rcito ruso en Ucrania y cooperaci\u00f3n con una ONG declarada indeseable por la Justicia rusa. El juez satisfizo de esa manera la demanda de la Fiscal\u00eda que hab\u00eda pedido para Kara-Murz\u00e1 25 a\u00f1os de prisi\u00f3n. La defensa ya anunci\u00f3 que recurrir\u00e1 esta sentencia.<\/p>\n\n\n\n<h2 class=\"wp-block-heading\">Superviviente de dos envenenamientos<\/h2>\n\n\n\n<p>Varias decenas de periodistas independientes exigieron previamente la libertad de Kara-Murz\u00e1 en una carta, en la que acusan de \u00abinfundadas\u00bb y \u00abc\u00ednicas\u00bb las acusaciones, y de pol\u00edtico el proceso judicial abierto contra el opositor.<\/p>\n\n\n\n<p>\u00abKara-Murz\u00e1 es un aut\u00e9ntico patriota que en los primeros d\u00edas de la guerra ya se pronunci\u00f3 contra la agresi\u00f3n rusa (&#8230;). Pero hoy en d\u00eda en Rusia abogar por la paz y el cese de la guerra es un crimen\u00bb, se\u00f1alaron.<\/p>\n\n\n\n<p>Recientemente, los abogados del opositor, considerado preso de conciencia por Amnist\u00eda Internacional, informaron de que Kara-Murz\u00e1 hab\u00eda sido diagnosticado en la c\u00e1rcel con polineuropatia en extremidades inferiores como consecuencia de los dos envenenamientos que sufri\u00f3 en 2015 y 2017. Seg\u00fan el colectivo de investigaci\u00f3n Bellingcat, con anterioridad hab\u00eda sido seguido por la misma unidad del Servicio Federal de Seguridad que luego envenen\u00f3 al l\u00edder opositor Alex\u00e9i Navalni, que a su vez cumple ocho a\u00f1os de c\u00e1rcel.<\/p>\n\n\n\n<p>En octubre de 2022 fue distinguido con el Premio V\u00e1clav Havel de Derechos Humanos 2022 otorgado por el Consejo de Europa.<\/p>\n\n\n\n<p><\/p>\n\n\n\n<p>v\u00eda: <a href=\"https:\/\/www.dw.com\/es\/opositor-cr%C3%ADtico-ruso-vlad%C3%ADmir-kara-murz%C3%A1-condenado-a-25-a%C3%B1os-de-prisi%C3%B3n\/a-65345061\">DW<\/a><\/p>\n\n\n\n<p><a href=\"https:\/\/www.facebook.com\/sharer\/sharer.php?u=https%3A%2F%2Fp.dw.com%2Fp%2F4QBEb%3Fmaca%3Des-Facebook-sharing\"><\/a><\/p>\n","protected":false},"excerpt":{"rendered":"<p>El opositor y periodista, en prisi\u00f3n preventiva desde hace un a\u00f1o, fue hallado culpable de alta traici\u00f3n y difusi\u00f3n de informaci\u00f3n falsa. La defensa ya anunci\u00f3 que recurrir\u00e1 esta sentencia. El opositor y periodista ruso&nbsp;Vlad\u00edmir Kara-Murz\u00e1, en&nbsp;prisi\u00f3n preventiva desde hace un a\u00f1o&nbsp;y acusado de traici\u00f3n y otros dos cargos penales, fue condenado este lunes (17.04.2023) [&hellip;]<\/p>\n","protected":false},"author":1,"featured_media":9908,"comment_status":"closed","ping_status":"closed","sticky":false,"template":"","format":"standard","meta":{"footnotes":""},"categories":[14,2],"tags":[],"class_list":["post-9907","post","type-post","status-publish","format-standard","has-post-thumbnail","hentry","category-entertainment","category-portada"],"_links":{"self":[{"href":"https:\/\/ciudadliberal.cl\/index.php?rest_route=\/wp\/v2\/posts\/9907","targetHints":{"allow":["GET"]}}],"collection":[{"href":"https:\/\/ciudadliberal.cl\/index.php?rest_route=\/wp\/v2\/posts"}],"about":[{"href":"https:\/\/ciudadliberal.cl\/index.php?rest_route=\/wp\/v2\/types\/post"}],"author":[{"embeddable":true,"href":"https:\/\/ciudadliberal.cl\/index.php?rest_route=\/wp\/v2\/users\/1"}],"replies":[{"embeddable":true,"href":"https:\/\/ciudadliberal.cl\/index.php?rest_route=%2Fwp%2Fv2%2Fcomments&post=9907"}],"version-history":[{"count":1,"href":"https:\/\/ciudadliberal.cl\/index.php?rest_route=\/wp\/v2\/posts\/9907\/revisions"}],"predecessor-version":[{"id":9909,"href":"https:\/\/ciudadliberal.cl\/index.php?rest_route=\/wp\/v2\/posts\/9907\/revisions\/9909"}],"wp:featuredmedia":[{"embeddable":true,"href":"https:\/\/ciudadliberal.cl\/index.php?rest_route=\/wp\/v2\/media\/9908"}],"wp:attachment":[{"href":"https:\/\/ciudadliberal.cl\/index.php?rest_route=%2Fwp%2Fv2%2Fmedia&parent=9907"}],"wp:term":[{"taxonomy":"category","embeddable":true,"href":"https:\/\/ciudadliberal.cl\/index.php?rest_route=%2Fwp%2Fv2%2Fcategories&post=9907"},{"taxonomy":"post_tag","embeddable":true,"href":"https:\/\/ciudadliberal.cl\/index.php?rest_route=%2Fwp%2Fv2%2Ftags&post=9907"}],"curies":[{"name":"wp","href":"https:\/\/api.w.org\/{rel}","templated":true}]}}