{"id":9901,"date":"2023-04-12T20:36:47","date_gmt":"2023-04-13T00:36:47","guid":{"rendered":"https:\/\/ciudadliberal.cl\/?p=9901"},"modified":"2023-04-12T20:37:34","modified_gmt":"2023-04-13T00:37:34","slug":"japon-activa-alerta-por-posible-impacto-de-misil-norcoreano","status":"publish","type":"post","link":"https:\/\/ciudadliberal.cl\/?p=9901","title":{"rendered":"Jap\u00f3n activa alerta por posible impacto de misil norcoreano"},"content":{"rendered":"\n<p>Tokio pidi\u00f3 a los habitantes de la isla de Hokkaido que se refugien tras el lanzamiento del proyectil de Corea del Norte.<\/p>\n\n\n\n<p>Jap\u00f3n activ\u00f3 este jueves (13.04.2023) su sistema de alerta civil ante el posible impacto de un misil en torno a la isla norte\u00f1a de Hokkaido tras detectarse el lanzamiento de un proyectil desde Corea del Norte.<\/p>\n\n\n\n<p>\u00abEvacuen inmediatamente, evacuen inmediatamente\u00bb, se\u00f1al\u00f3 el gobierno en una alerta en la que ped\u00eda a los residentes de Hokkaido refugiarse en un edificio o bajo tierra.<\/p>\n\n\n\n<p>La alerta de protecci\u00f3n civil J-Alert, activada a las 8:02 hora local de este jueves (01:02 CET), llama a la evacuaci\u00f3n inmediata de la poblaci\u00f3n dentro de edificios o en refugios subterr\u00e1neos, y se\u00f1ala que el misil \u00abpodr\u00eda caer alrededor de Hokkaido\u00bb a partir de esa hora.<\/p>\n\n\n\n<p>El Ej\u00e9rcito surcoreano hab\u00eda informado minutos antes de que Corea del Norte hab\u00eda lanzado \u00abmisil bal\u00edstico no identificado\u00bb al mar de Jap\u00f3n (llamado mar del Este en el las dos Coreas).<\/p>\n\n\n\n<p>El misil bal\u00edstico fue lanzado frente a la costa oriental de la pen\u00ednsula coreana, seg\u00fan inform\u00f3 el Estado Mayor Conjunto de Corea del Sur.<\/p>\n\n\n\n<p>El servicio de guardacostas de Jap\u00f3n dijo que el proyectil ya ha ca\u00eddo sin precisar detalles.<\/p>\n\n\n\n<p><\/p>\n\n\n\n<p><\/p>\n\n\n\n<p><\/p>\n\n\n\n<p>V\u00eda: <a href=\"https:\/\/www.dw.com\/es\/jap%C3%B3n-activa-alerta-por-posible-impacto-de-misil-norcoreano\/a-65297345\">DW<\/a><\/p>\n\n\n\n<p><a href=\"https:\/\/www.facebook.com\/sharer\/sharer.php?u=https%3A%2F%2Fp.dw.com%2Fp%2F4Pyoz%3Fmaca%3Des-Facebook-sharing\"><\/a><\/p>\n","protected":false},"excerpt":{"rendered":"<p>Tokio pidi\u00f3 a los habitantes de la isla de Hokkaido que se refugien tras el lanzamiento del proyectil de Corea del Norte. Jap\u00f3n activ\u00f3 este jueves (13.04.2023) su sistema de alerta civil ante el posible impacto de un misil en torno a la isla norte\u00f1a de Hokkaido tras detectarse el lanzamiento de un proyectil desde [&hellip;]<\/p>\n","protected":false},"author":1,"featured_media":9903,"comment_status":"closed","ping_status":"closed","sticky":false,"template":"","format":"standard","meta":{"footnotes":""},"categories":[14,2],"tags":[],"class_list":["post-9901","post","type-post","status-publish","format-standard","has-post-thumbnail","hentry","category-entertainment","category-portada"],"_links":{"self":[{"href":"https:\/\/ciudadliberal.cl\/index.php?rest_route=\/wp\/v2\/posts\/9901","targetHints":{"allow":["GET"]}}],"collection":[{"href":"https:\/\/ciudadliberal.cl\/index.php?rest_route=\/wp\/v2\/posts"}],"about":[{"href":"https:\/\/ciudadliberal.cl\/index.php?rest_route=\/wp\/v2\/types\/post"}],"author":[{"embeddable":true,"href":"https:\/\/ciudadliberal.cl\/index.php?rest_route=\/wp\/v2\/users\/1"}],"replies":[{"embeddable":true,"href":"https:\/\/ciudadliberal.cl\/index.php?rest_route=%2Fwp%2Fv2%2Fcomments&post=9901"}],"version-history":[{"count":1,"href":"https:\/\/ciudadliberal.cl\/index.php?rest_route=\/wp\/v2\/posts\/9901\/revisions"}],"predecessor-version":[{"id":9902,"href":"https:\/\/ciudadliberal.cl\/index.php?rest_route=\/wp\/v2\/posts\/9901\/revisions\/9902"}],"wp:featuredmedia":[{"embeddable":true,"href":"https:\/\/ciudadliberal.cl\/index.php?rest_route=\/wp\/v2\/media\/9903"}],"wp:attachment":[{"href":"https:\/\/ciudadliberal.cl\/index.php?rest_route=%2Fwp%2Fv2%2Fmedia&parent=9901"}],"wp:term":[{"taxonomy":"category","embeddable":true,"href":"https:\/\/ciudadliberal.cl\/index.php?rest_route=%2Fwp%2Fv2%2Fcategories&post=9901"},{"taxonomy":"post_tag","embeddable":true,"href":"https:\/\/ciudadliberal.cl\/index.php?rest_route=%2Fwp%2Fv2%2Ftags&post=9901"}],"curies":[{"name":"wp","href":"https:\/\/api.w.org\/{rel}","templated":true}]}}