{"id":9897,"date":"2023-04-10T10:01:56","date_gmt":"2023-04-10T14:01:56","guid":{"rendered":"https:\/\/ciudadliberal.cl\/?p=9897"},"modified":"2023-04-10T10:01:58","modified_gmt":"2023-04-10T14:01:58","slug":"onu-pide-a-honduras-tomar-medidas-urgentes-por-violencia-en-carceles","status":"publish","type":"post","link":"https:\/\/ciudadliberal.cl\/?p=9897","title":{"rendered":"ONU pide a Honduras tomar medidas urgentes por violencia en c\u00e1rceles"},"content":{"rendered":"\n<p>Tiroteos simult\u00e1neos en cuatro c\u00e1rceles de Honduras que dejaron un muerto y 11 heridos, mantienen preocupada a la ONU que llam\u00f3 a tomar medidas urgentes.<\/p>\n\n\n\n<p>La Oficina del Alto Comisionado de las Naciones Unidas para los Derechos Humanos en Honduras (Oacnudh) expres\u00f3 este domingo (09.04.2023) su \u00abprofunda preocupaci\u00f3n\u00bb por los&nbsp;<a href=\"https:\/\/www.dw.com\/es\/un-muerto-en-tiroteos-simult%C3%A1neos-en-4-c%C3%A1rceles-de-honduras\/a-65265590\">hechos violentos registrados en cuatro c\u00e1rceles<\/a>&nbsp;del pa\u00eds y pidi\u00f3 al Estado tomar \u00abmedidas urgentes\u00bb para garantizar la seguridad de los presos.<\/p>\n\n\n\n<p>En un comunicado, la&nbsp;<a href=\"https:\/\/www.dw.com\/es\/preocupa-a-la-onu-que-honduras-siga-extendiendo-el-r%C3%A9gimen-de-excepci%C3%B3n\/a-65205434\">Oacnudh<\/a>&nbsp;manifest\u00f3 su \u00abprofunda preocupaci\u00f3n por los episodios de violencia\u00bb reportados este s\u00e1bado en cuatro c\u00e1rceles de Honduras que se saldaron con un muerto y once heridos.<\/p>\n\n\n\n<p>\u00abEstos hechos evidencian la deficiencia estructural en materia de hacinamiento, gesti\u00f3n penitenciaria y garant\u00eda de seguridad integral de las personas privadas de libertad\u00bb, se\u00f1al\u00f3.<\/p>\n\n\n\n<p>La Oacnudh inst\u00f3 al Estado de Honduras a tomar \u00abmedidas urgentes para garantizar la seguridad de todas las personas que est\u00e1n bajo su custodia y en particular de aquellas personas en situaci\u00f3n de vulnerabilidad, con el fin de prevenir y proteger los derechos a la vida e integridad personal\u00bb.<\/p>\n\n\n\n<p>Tambi\u00e9n solicit\u00f3 a Honduras realizar una \u00abinvestigaci\u00f3n exhaustiva, independiente e imparcial\u00bb sobre los actos de violencia y violaciones a los derechos humanos ocurridos en los centros de detenci\u00f3n, as\u00ed como de garantizar el acceso a la justicia para las v\u00edctimas.<\/p>\n\n\n\n<p>La Oacnudh reiter\u00f3 \u00absu compromiso\u00bb de apoyar al Estado de Honduras en la promoci\u00f3n y protecci\u00f3n de los derechos humanos y llam\u00f3 a las autoridades a \u00abadoptar medidas de seguridad y gesti\u00f3n penitenciaria\u00bb que incluyan las reglas m\u00ednimas de las Naciones Unidas del tratamiento de los reclusos (Reglas de Mandela).<\/p>\n\n\n\n<h2 class=\"wp-block-heading\">Intervenci\u00f3n \u00abdura\u00bb<\/h2>\n\n\n\n<p>La aplicaci\u00f3n de las reglas de Mandela contribuir\u00e1 a \u00abproteger a la sociedad contra el delito a trav\u00e9s de un trabajo arduo para la reinserci\u00f3n social y reducci\u00f3n de la reincidencia en pleno respeto de la dignidad humana\u00bb, a\u00f1adi\u00f3.<\/p>\n\n\n\n<p>La presidenta de Honduras,&nbsp;<a href=\"https:\/\/www.dw.com\/es\/presidenta-hondure%C3%B1a-anuncia-una-dura-intervenci%C3%B3n-de-c%C3%A1rceles-tras-motines\/a-65268124\">Xiomara Castro, anunci\u00f3 hoy una intervenci\u00f3n \u00abdura\u00bb<\/a>&nbsp;de los centros penales de su pa\u00eds luego de los enfrentamientos simult\u00e1neos entre pandilleros ocurridos este s\u00e1bado en cuatro c\u00e1rceles.<\/p>\n\n\n\n<p>\u00abS\u00e9 del esfuerzo de la Polic\u00eda y la Secretar\u00eda de Seguridad en la disminuci\u00f3n de homicidios y corrupci\u00f3n, pero voy a intervenir en\u00e9rgicamente los Centros Penales\u00bb, indic\u00f3 Castro en uno de cinco mensajes divulgados en su cuenta de Twitter.<\/p>\n\n\n\n<p>Asegur\u00f3 que la \u00abintervenci\u00f3n ser\u00e1 dura, pero respetuosa de la humanidad de los encausados, sus familiares y defensores. El crimen se combate desde la prevenci\u00f3n no solo con el castigo\u00bb.<\/p>\n\n\n\n<p>\u00abVoy a poner mano dura y orden en las c\u00e1rceles, hasta transformarlas en Centros Penales de rehabilitaci\u00f3n, no en escuelas de crimen y tortura como lo que he heredado\u00bb, se\u00f1al\u00f3 la presidenta hondure\u00f1a.<\/p>\n\n\n\n<p>Los tiroteos, los motines y el decomiso de armas son frecuentes en las c\u00e1rceles de\u00a0<a href=\"https:\/\/www.dw.com\/es\/honduras\/t-17412594\">Honduras<\/a>, donde adem\u00e1s impera la sobrepoblaci\u00f3n y el hacinamiento, la falta de instalaciones f\u00edsicas adecuadas y seguras para el alojamiento de los reclusos, las condiciones de higiene y salubridad son deplorables.<\/p>\n\n\n\n<p><\/p>\n\n\n\n<p><\/p>\n\n\n\n<p>V\u00eda: <a href=\"https:\/\/www.dw.com\/es\/onu-pide-a-honduras-tomar-medidas-urgentes-por-violencia-en-c%C3%A1rceles\/a-65269292\">DW<\/a><\/p>\n\n\n\n<p><a href=\"https:\/\/www.facebook.com\/sharer\/sharer.php?u=https%3A%2F%2Fp.dw.com%2Fp%2F4PrWW%3Fmaca%3Des-Facebook-sharing\"><\/a><\/p>\n","protected":false},"excerpt":{"rendered":"<p>Tiroteos simult\u00e1neos en cuatro c\u00e1rceles de Honduras que dejaron un muerto y 11 heridos, mantienen preocupada a la ONU que llam\u00f3 a tomar medidas urgentes. La Oficina del Alto Comisionado de las Naciones Unidas para los Derechos Humanos en Honduras (Oacnudh) expres\u00f3 este domingo (09.04.2023) su \u00abprofunda preocupaci\u00f3n\u00bb por los&nbsp;hechos violentos registrados en cuatro c\u00e1rceles&nbsp;del [&hellip;]<\/p>\n","protected":false},"author":1,"featured_media":9898,"comment_status":"closed","ping_status":"closed","sticky":false,"template":"","format":"standard","meta":{"footnotes":""},"categories":[14,2],"tags":[],"class_list":["post-9897","post","type-post","status-publish","format-standard","has-post-thumbnail","hentry","category-entertainment","category-portada"],"_links":{"self":[{"href":"https:\/\/ciudadliberal.cl\/index.php?rest_route=\/wp\/v2\/posts\/9897","targetHints":{"allow":["GET"]}}],"collection":[{"href":"https:\/\/ciudadliberal.cl\/index.php?rest_route=\/wp\/v2\/posts"}],"about":[{"href":"https:\/\/ciudadliberal.cl\/index.php?rest_route=\/wp\/v2\/types\/post"}],"author":[{"embeddable":true,"href":"https:\/\/ciudadliberal.cl\/index.php?rest_route=\/wp\/v2\/users\/1"}],"replies":[{"embeddable":true,"href":"https:\/\/ciudadliberal.cl\/index.php?rest_route=%2Fwp%2Fv2%2Fcomments&post=9897"}],"version-history":[{"count":1,"href":"https:\/\/ciudadliberal.cl\/index.php?rest_route=\/wp\/v2\/posts\/9897\/revisions"}],"predecessor-version":[{"id":9899,"href":"https:\/\/ciudadliberal.cl\/index.php?rest_route=\/wp\/v2\/posts\/9897\/revisions\/9899"}],"wp:featuredmedia":[{"embeddable":true,"href":"https:\/\/ciudadliberal.cl\/index.php?rest_route=\/wp\/v2\/media\/9898"}],"wp:attachment":[{"href":"https:\/\/ciudadliberal.cl\/index.php?rest_route=%2Fwp%2Fv2%2Fmedia&parent=9897"}],"wp:term":[{"taxonomy":"category","embeddable":true,"href":"https:\/\/ciudadliberal.cl\/index.php?rest_route=%2Fwp%2Fv2%2Fcategories&post=9897"},{"taxonomy":"post_tag","embeddable":true,"href":"https:\/\/ciudadliberal.cl\/index.php?rest_route=%2Fwp%2Fv2%2Ftags&post=9897"}],"curies":[{"name":"wp","href":"https:\/\/api.w.org\/{rel}","templated":true}]}}