{"id":9886,"date":"2023-04-03T12:56:51","date_gmt":"2023-04-03T16:56:51","guid":{"rendered":"https:\/\/ciudadliberal.cl\/?p=9886"},"modified":"2023-04-03T12:56:53","modified_gmt":"2023-04-03T16:56:53","slug":"la-onu-prorroga-por-dos-anos-grupo-de-expertos-en-ddhh-para-nicaragua","status":"publish","type":"post","link":"https:\/\/ciudadliberal.cl\/?p=9886","title":{"rendered":"La ONU prorroga por dos a\u00f1os Grupo de Expertos en DDHH para Nicaragua"},"content":{"rendered":"\n<p>El Consejo de Derechos Humanos de Naciones Unidas aprob\u00f3 hoy una resoluci\u00f3n que prolonga dos a\u00f1os m\u00e1s el trabajo del Grupo de Expertos encargado de investigar violaciones de las libertades fundamentales en Nicaragua.<\/p>\n\n\n\n<p>La resoluci\u00f3n del Consejo de&nbsp;<a href=\"https:\/\/www.dw.com\/es\/derechos-humanos\/t-17411790\">Derechos Humanos<\/a>&nbsp;de las&nbsp;<a href=\"https:\/\/www.dw.com\/es\/expertos-de-la-onu-acusan-al-gobierno-de-nicaragua-de-cr%C3%ADmenes-de-lesa-humanidad\/a-64865409\">Naciones Unidas<\/a>, que tuvo que ser votada por petici\u00f3n de la delegaci\u00f3n cubana, se aprob\u00f3 con 21 votos a favor, 5 en contra (los de China, Cuba, Eritrea, Argelia y Vietnam) y 21 abstenciones, y prorroga por dos a\u00f1os m\u00e1s las investigaciones de un grupo de expertos sobre violaciones a las libertades civiles en&nbsp;<a href=\"https:\/\/www.dw.com\/es\/nicaragua\/t-19469056\">Nicaragua<\/a>.<\/p>\n\n\n\n<p>El Grupo de Expertos de la ONU, formado por el alem\u00e1n Jan Simon, el chileno Alexandro \u00c1lvarez y la colombiana \u00c1ngela Buitrago, denunci\u00f3 en su \u00faltimo informe -presentado en la actual sesi\u00f3n del Consejo- que el r\u00e9gimen de Daniel Ortega ha cometido cr\u00edmenes de lesa humanidad contra parte de la poblaci\u00f3n del pa\u00eds por motivos pol\u00edticos.<\/p>\n\n\n\n<p>La sociedad civil considera que el trabajo de este equipo de expertos, que est\u00e1n documentando de forma rigurosa las violaciones de los derechos humanos e intentando establecer responsabilidades, es esencial para el prop\u00f3sito de que en alg\u00fan momento se haga justicia a las v\u00edctimas.<\/p>\n\n\n\n<p>Entre otras de las cuestiones que m\u00e1s preocupan a la comunidad internacional, y que quedaron plasmadas en la resoluci\u00f3n, figura la cuesti\u00f3n de las detenciones arbitrarias y otras formas de intimidaci\u00f3n para reprimir la disidencia, as\u00ed como la completa impunidad en torno a estos hechos.<\/p>\n\n\n\n<h2 class=\"wp-block-heading\">ONU insta a garantizar independencia de la Justicia<\/h2>\n\n\n\n<p>El texto aprobado insta al Gobierno nicarag\u00fcense a tomar medidas para garantizar la independencia del sistema de justicia, de las autoridades electorales, as\u00ed como de las fuerzas de seguridad, poniendo fin a su injerencia en estas entidades, la que se ha hecho evidente con la reclusi\u00f3n y expulsi\u00f3n del pa\u00eds arbitrarias de jueces y otros funcionarios.<\/p>\n\n\n\n<p>Sobre el retiro el pasado febrero de la nacionalidad a m\u00e1s de 300 cr\u00edticos del gobierno y el destierro de m\u00e1s de 220 de ellos, el Consejo reclam\u00f3 a Ortega que respete los derechos pol\u00edticos y civiles de los ciudadanos, incluido el derecho a la nacionalidad.<\/p>\n\n\n\n<p>Pidi\u00f3 que ofrezca las condiciones para que aquellos que lo deseen puedan regresar, \u00absin temor a nuevas represalias\u00bb.<\/p>\n\n\n\n<p>Mencion\u00f3 en particular el caso de la defensora de los derechos ind\u00edgenas, Alexa Alfred Cunnningham, a quien el pasado febrero se le impidi\u00f3 -por orden del gobierno- retornar a Nicaragua tras haber participado en Ginebra en una reuni\u00f3n de un grupo de expertos de la ONU del que forma parte.<\/p>\n\n\n\n<p>El Consejo tambi\u00e9n ha exhortado a Nicaragua a que coopere plenamente con la Oficina de Derechos Humanos y todos los \u00f3rganos de la ONU que trabajan en esta \u00e1rea, permitiendo sobre todo que entren al pa\u00eds y que visiten centros de detenci\u00f3n sin restricciones.<\/p>\n\n\n\n<p><\/p>\n\n\n\n<p>V\u00eda: <a href=\"https:\/\/www.dw.com\/es\/la-onu-prorroga-por-dos-a%C3%B1os-grupo-de-expertos-en-ddhh-para-nicaragua\/a-65218349\">DW<\/a><\/p>\n\n\n\n<p><a href=\"https:\/\/www.facebook.com\/sharer\/sharer.php?u=https%3A%2F%2Fp.dw.com%2Fp%2F4PeGr%3Fmaca%3Des-Facebook-sharing\"><\/a><\/p>\n","protected":false},"excerpt":{"rendered":"<p>El Consejo de Derechos Humanos de Naciones Unidas aprob\u00f3 hoy una resoluci\u00f3n que prolonga dos a\u00f1os m\u00e1s el trabajo del Grupo de Expertos encargado de investigar violaciones de las libertades fundamentales en Nicaragua. La resoluci\u00f3n del Consejo de&nbsp;Derechos Humanos&nbsp;de las&nbsp;Naciones Unidas, que tuvo que ser votada por petici\u00f3n de la delegaci\u00f3n cubana, se aprob\u00f3 con [&hellip;]<\/p>\n","protected":false},"author":1,"featured_media":9887,"comment_status":"closed","ping_status":"closed","sticky":false,"template":"","format":"standard","meta":{"footnotes":""},"categories":[14,2],"tags":[],"class_list":["post-9886","post","type-post","status-publish","format-standard","has-post-thumbnail","hentry","category-entertainment","category-portada"],"_links":{"self":[{"href":"https:\/\/ciudadliberal.cl\/index.php?rest_route=\/wp\/v2\/posts\/9886","targetHints":{"allow":["GET"]}}],"collection":[{"href":"https:\/\/ciudadliberal.cl\/index.php?rest_route=\/wp\/v2\/posts"}],"about":[{"href":"https:\/\/ciudadliberal.cl\/index.php?rest_route=\/wp\/v2\/types\/post"}],"author":[{"embeddable":true,"href":"https:\/\/ciudadliberal.cl\/index.php?rest_route=\/wp\/v2\/users\/1"}],"replies":[{"embeddable":true,"href":"https:\/\/ciudadliberal.cl\/index.php?rest_route=%2Fwp%2Fv2%2Fcomments&post=9886"}],"version-history":[{"count":1,"href":"https:\/\/ciudadliberal.cl\/index.php?rest_route=\/wp\/v2\/posts\/9886\/revisions"}],"predecessor-version":[{"id":9888,"href":"https:\/\/ciudadliberal.cl\/index.php?rest_route=\/wp\/v2\/posts\/9886\/revisions\/9888"}],"wp:featuredmedia":[{"embeddable":true,"href":"https:\/\/ciudadliberal.cl\/index.php?rest_route=\/wp\/v2\/media\/9887"}],"wp:attachment":[{"href":"https:\/\/ciudadliberal.cl\/index.php?rest_route=%2Fwp%2Fv2%2Fmedia&parent=9886"}],"wp:term":[{"taxonomy":"category","embeddable":true,"href":"https:\/\/ciudadliberal.cl\/index.php?rest_route=%2Fwp%2Fv2%2Fcategories&post=9886"},{"taxonomy":"post_tag","embeddable":true,"href":"https:\/\/ciudadliberal.cl\/index.php?rest_route=%2Fwp%2Fv2%2Ftags&post=9886"}],"curies":[{"name":"wp","href":"https:\/\/api.w.org\/{rel}","templated":true}]}}