{"id":9881,"date":"2023-03-29T09:59:56","date_gmt":"2023-03-29T13:59:56","guid":{"rendered":"https:\/\/ciudadliberal.cl\/?p=9881"},"modified":"2023-03-29T09:59:59","modified_gmt":"2023-03-29T13:59:59","slug":"armas-nucleares-de-rusia-cuales-son-las-consecuencias-de-su-despliegue-para-bielorrusia","status":"publish","type":"post","link":"https:\/\/ciudadliberal.cl\/?p=9881","title":{"rendered":"Armas nucleares de Rusia: \u00bfCu\u00e1les son las consecuencias de su despliegue para Bielorrusia?"},"content":{"rendered":"\n<p>Por primera vez en 30 a\u00f1os, se emplazar\u00e1n armas nucleares en Bielorrusia. \u00bfQui\u00e9n ejercer\u00e1 el control sobre ellas y qu\u00e9 significa esto para el Tratado de No Proliferaci\u00f3n Nuclear?<\/p>\n\n\n\n<p><\/p>\n\n\n\n<p>Este a\u00f1o podr\u00edan volver a estacionarse a<a href=\"https:\/\/www.dw.com\/es\/bielorrusia-acepta-el-despliegue-nuclear-ruso-en-su-territorio\/a-65150670\">rmas nucleares en Bielorrusia<\/a>. Como declar\u00f3 el presidente ruso, Vladimir Putin, el 25 de marzo, se trata de unos diez aviones que pueden transportar armas nucleares t\u00e1cticas y un sistema de misiles Iskander que puede armarse con cabezas nucleares. Tambi\u00e9n anunci\u00f3 que la construcci\u00f3n de un dep\u00f3sito&nbsp;de&nbsp;<a href=\"https:\/\/www.dw.com\/es\/ue-sancionar%C3%A1-a-bielorrusia-si-acoge-armas-nucleares-rusas\/a-65128815\">armas nucleares t\u00e1cticas en Bielorrusia<\/a>&nbsp;finalizar\u00eda en julio de este a\u00f1o.<\/p>\n\n\n\n<p>Todas las armas nucleares sovi\u00e9ticas fueron retiradas a&nbsp;<a href=\"https:\/\/www.dw.com\/es\/rusia\/t-17410119\">Rusia<\/a>&nbsp;hace casi 30 a\u00f1os, no s\u00f3lo de Bielorrusia, sino tambi\u00e9n de Ucrania y Kazajist\u00e1n. Los tres Estados renunciaron a las armas nucleares que hab\u00eda en su territorio y firmaron el Tratado de No Proliferaci\u00f3n Nuclear. A cambio, los dem\u00e1s Estados firmantes, sobre todo Estados Unidos y Rusia, les garantizaron su soberan\u00eda e integridad territorial.<\/p>\n\n\n\n<h2 class=\"wp-block-heading\">La \u00abfortaleza nuclear\u00bb de la Uni\u00f3n Sovi\u00e9tica<\/h2>\n\n\n\n<p>Pavel Podvig, del Instituto de las Naciones Unidas de Investigaci\u00f3n sobre el Desarme, de Ginebra, se\u00f1ala que desde hace tiempo se habla de una nueva cooperaci\u00f3n entre Rusia y Bielorrusia en el \u00e1mbito de las armas nucleares. En febrero de 2022, por ejemplo, se modific\u00f3 la Constituci\u00f3n de Bielorrusia y se suprimi\u00f3 la disposici\u00f3n sobre el estatus de pa\u00eds libre de armas nucleares, \u00ablo que abri\u00f3 la posibilidad legal de emplazar cabezas nucleares en el territorio de Bielorrusia\u00bb, subraya.<\/p>\n\n\n\n<p>Seg\u00fan el experto militar Alexandr Alesin, \u00abcierto n\u00famero de portadores de armas nucleares\u00bb estaban preparados incluso antes de que Putin hiciera su anuncio. Recuerda que en la \u00e9poca sovi\u00e9tica Bielorrusia era una \u00abfortaleza nuclear\u00bb. Alrededor de dos tercios de todos los misiles sovi\u00e9ticos de medio y corto alcance, incluidas las cabezas nucleares, se encontraban all\u00ed.<\/p>\n\n\n\n<h2 class=\"wp-block-heading\">Bombarderos SU y sistemas Iskander<\/h2>\n\n\n\n<p>Seg\u00fan Putin, dijo Alesin, en Bielorrusia se han preparado, con ayuda rusa, diez aviones capaces de transportar armas nucleares. \u00abLo m\u00e1s probable es que se trate de bombarderos de primera l\u00ednea SU-24 de dise\u00f1o sovi\u00e9tico, originalmente destinados a llevar a cabo ataques nucleares con una brecha en el sistema de defensa a\u00e9rea a baja altitud\u00bb, dijo el experto.<\/p>\n\n\n\n<p>Seg\u00fan \u00e9l, en 2011 Bielorrusia contaba con un total de 35 aeronaves de este tipo, algunas de ellas bombarderos, otras aviones de reconocimiento. Bielorrusia tambi\u00e9n dispone de sistemas Iskander-M, que por sus caracter\u00edsticas t\u00e9cnicas pueden portar cabezas nucleares.<\/p>\n\n\n\n<h2 class=\"wp-block-heading\">\u00bfSe violan los tratados vigentes?<\/h2>\n\n\n\n<p>Bielorrusia y Rusia son partes en el Tratado de No Proliferaci\u00f3n Nuclear.&nbsp;\u00abNo se trata de entregar armas nucleares a Bielorrusia. La pr\u00e1ctica de almacenar armas nucleares en el territorio de otro Estado, entrenando al personal de ese Estado en su uso, ya exist\u00eda a mediados de los a\u00f1os 60 por parte de EE.UU. y la OTAN. Generalmente se asum\u00eda que esta pr\u00e1ctica no contradec\u00eda el tratado\u00bb, explica Pavel Podvig. Sobre todo porque en aquella \u00e9poca la Uni\u00f3n Sovi\u00e9tica consideraba que esta pr\u00e1ctica era compatible con el tratado\u00bb. La OTAN, afirma Podvig, la contin\u00faa hoy en d\u00eda. Por ejemplo, hay armas nucleares estadounidenses en Alemania, Pa\u00edses Bajos, B\u00e9lgica, Italia y Turqu\u00eda.<\/p>\n\n\n\n<p>El experto se\u00f1ala, sin embargo, que el Kremlin ha cambiado su posici\u00f3n desde mediados de la d\u00e9cada de 2010 y ha dejado claro que el estacionamiento de armas nucleares en otros pa\u00edses y el entrenamiento de personal estaban, desde el punto de vista de Rusia, en contradicci\u00f3n con el Tratado de No Proliferaci\u00f3n Nuclear despu\u00e9s de todo: \u00abEsta posici\u00f3n ha sido confirmada oficialmente muchas veces. Y el 25 de marzo se declar\u00f3 que Rusia har\u00eda todo lo que hiciera EE.UU., y esto no violar\u00eda ninguna obligaci\u00f3n\u00bb.<\/p>\n\n\n\n<p><\/p>\n\n\n\n<p>V\u00eda: <a href=\"https:\/\/www.dw.com\/es\/armas-nucleares-de-rusia-cu%C3%A1les-son-las-consecuencias-de-su-despliegue-para-bielorrusia\/a-65160184\">DW<\/a><\/p>\n\n\n\n<p><a href=\"https:\/\/www.facebook.com\/sharer\/sharer.php?u=https%3A%2F%2Fp.dw.com%2Fp%2F4PP8i%3Fmaca%3Des-Facebook-sharing\"><\/a><\/p>\n","protected":false},"excerpt":{"rendered":"<p>Por primera vez en 30 a\u00f1os, se emplazar\u00e1n armas nucleares en Bielorrusia. \u00bfQui\u00e9n ejercer\u00e1 el control sobre ellas y qu\u00e9 significa esto para el Tratado de No Proliferaci\u00f3n Nuclear? Este a\u00f1o podr\u00edan volver a estacionarse armas nucleares en Bielorrusia. Como declar\u00f3 el presidente ruso, Vladimir Putin, el 25 de marzo, se trata de unos diez [&hellip;]<\/p>\n","protected":false},"author":1,"featured_media":9882,"comment_status":"closed","ping_status":"closed","sticky":false,"template":"","format":"standard","meta":{"footnotes":""},"categories":[14,2],"tags":[],"class_list":["post-9881","post","type-post","status-publish","format-standard","has-post-thumbnail","hentry","category-entertainment","category-portada"],"_links":{"self":[{"href":"https:\/\/ciudadliberal.cl\/index.php?rest_route=\/wp\/v2\/posts\/9881","targetHints":{"allow":["GET"]}}],"collection":[{"href":"https:\/\/ciudadliberal.cl\/index.php?rest_route=\/wp\/v2\/posts"}],"about":[{"href":"https:\/\/ciudadliberal.cl\/index.php?rest_route=\/wp\/v2\/types\/post"}],"author":[{"embeddable":true,"href":"https:\/\/ciudadliberal.cl\/index.php?rest_route=\/wp\/v2\/users\/1"}],"replies":[{"embeddable":true,"href":"https:\/\/ciudadliberal.cl\/index.php?rest_route=%2Fwp%2Fv2%2Fcomments&post=9881"}],"version-history":[{"count":1,"href":"https:\/\/ciudadliberal.cl\/index.php?rest_route=\/wp\/v2\/posts\/9881\/revisions"}],"predecessor-version":[{"id":9883,"href":"https:\/\/ciudadliberal.cl\/index.php?rest_route=\/wp\/v2\/posts\/9881\/revisions\/9883"}],"wp:featuredmedia":[{"embeddable":true,"href":"https:\/\/ciudadliberal.cl\/index.php?rest_route=\/wp\/v2\/media\/9882"}],"wp:attachment":[{"href":"https:\/\/ciudadliberal.cl\/index.php?rest_route=%2Fwp%2Fv2%2Fmedia&parent=9881"}],"wp:term":[{"taxonomy":"category","embeddable":true,"href":"https:\/\/ciudadliberal.cl\/index.php?rest_route=%2Fwp%2Fv2%2Fcategories&post=9881"},{"taxonomy":"post_tag","embeddable":true,"href":"https:\/\/ciudadliberal.cl\/index.php?rest_route=%2Fwp%2Fv2%2Ftags&post=9881"}],"curies":[{"name":"wp","href":"https:\/\/api.w.org\/{rel}","templated":true}]}}