{"id":9877,"date":"2023-03-29T09:56:04","date_gmt":"2023-03-29T13:56:04","guid":{"rendered":"https:\/\/ciudadliberal.cl\/?p=9877"},"modified":"2023-03-29T09:56:07","modified_gmt":"2023-03-29T13:56:07","slug":"nuevos-disturbios-en-francia-por-la-reforma-de-las-pensiones","status":"publish","type":"post","link":"https:\/\/ciudadliberal.cl\/?p=9877","title":{"rendered":"Nuevos disturbios en Francia por la reforma de las pensiones"},"content":{"rendered":"\n<p>Incidentes de menor intensidad tuvieron lugar en decenas de ciudades con saldo oficial de 201 detenidos y 175 polic\u00edas y gendarmes heridos. El gobierno invit\u00f3 a los sindicatos una reuni\u00f3n para hallar salida al conflicto.<\/p>\n\n\n\n<p>Nuevos enfrentamientos estallaron el martes (28.03.2023) en&nbsp;<a href=\"https:\/\/www.dw.com\/es\/francia\/t-17412345\">Francia<\/a>&nbsp;en las protestas contra la reforma de las pensiones del presidente liberal&nbsp;<a href=\"https:\/\/www.dw.com\/es\/macron-emmanuel\/t-36416700\">Emmanuel Macron<\/a>, cuyo gobierno invit\u00f3 a los sindicatos a una reuni\u00f3n la pr\u00f3xima semana tras rechazar un pedido de \u00abmediaci\u00f3n\u00bb inicial.<\/p>\n\n\n\n<p>La participaci\u00f3n merm\u00f3 a 740.000 personas, seg\u00fan las autoridades, y a \u00abm\u00e1s de dos millones\u00bb, seg\u00fan el sindicato CGT, en la d\u00e9cima jornada de protestas desde enero. Los sindicatos llamaron de nuevo a manifestarse el jueves 6 de abril.<\/p>\n\n\n\n<p>Las centrales sindicales son la punta de lanza de la movilizaci\u00f3n contra el retraso de la edad de jubilaci\u00f3n de 62 a 64 a\u00f1os para 2030, pero la decisi\u00f3n el 16 de marzo de Macron de aplicarla por decreto radicaliz\u00f3 las protestas.<\/p>\n\n\n\n<p>Los disturbios e incidentes entre manifestantes y las fuerzas de seguridad continuaron este martes en decenas de ciudades de Francia, de Lille (norte) a Toulouse (sur), pasando por Rennes (oeste) o Lyon (este), pero de menor intensidad.<\/p>\n\n\n\n<p>El ministro de Interior, G\u00e9rald Darmanin, inform\u00f3 que 201 personas fueron detenidas y 175 polic\u00edas y gendarmes resultaron heridos, en un balance comunicado a las 23H30 (21H30 GMT).<\/p>\n\n\n\n<p>El gobierno y los sindicatos aseguran buscar una manera de calmar los \u00e1nimos, pero campan en sus posiciones: las centrales sindicales quieren la retirada o la suspensi\u00f3n de la reforma, y Macron dice no.<\/p>\n\n\n\n<h2 class=\"wp-block-heading\">Primera ministra invita a reuni\u00f3n a los sindicatos<\/h2>\n\n\n\n<p>El l\u00edder del sindicato moderado CFDT, Laurent Berger, asegur\u00f3 en la noche que la primera ministra, \u00c9lisabeth Borne, hab\u00eda invitado a todas las centrales a una reuni\u00f3n la pr\u00f3xima semana, en una fecha por confirmar, a la que asistir\u00e1n.<\/p>\n\n\n\n<figure class=\"wp-block-image size-full\"><img loading=\"lazy\" decoding=\"async\" width=\"700\" height=\"394\" src=\"https:\/\/ciudadliberal.cl\/wp-content\/uploads\/2023\/03\/image-4.png\" alt=\"\" class=\"wp-image-9878\" srcset=\"https:\/\/ciudadliberal.cl\/wp-content\/uploads\/2023\/03\/image-4.png 700w, https:\/\/ciudadliberal.cl\/wp-content\/uploads\/2023\/03\/image-4-300x169.png 300w, https:\/\/ciudadliberal.cl\/wp-content\/uploads\/2023\/03\/image-4-640x360.png 640w, https:\/\/ciudadliberal.cl\/wp-content\/uploads\/2023\/03\/image-4-681x383.png 681w\" sizes=\"auto, (max-width: 700px) 100vw, 700px\" \/><figcaption class=\"wp-element-caption\">Un manifestante sostiene un cartel burl\u00e1ndose del presidente franc\u00e9s Emmanuel Macron junto a cubos de basura ardiendo durante la manifestaci\u00f3n en Par\u00eds.<br><\/figcaption><\/figure>\n\n\n\n<p>Berger indic\u00f3 que aportar\u00e1n \u00abpropuestas\u00bb como buscar una \u00abmediaci\u00f3n\u00bb para hallar una v\u00eda de salida al conflicto, un pedido que el vocero del gobierno, Olivier V\u00e9ran, rechaz\u00f3 en la ma\u00f1ana, pero que el partido centrista MoDem, aliado de Macron, apoy\u00f3.<\/p>\n\n\n\n<p>El presidente liberal se halla bajo presi\u00f3n. Su gobierno defiende que la reforma es crucial para evitar un d\u00e9ficit en la caja de las pensiones, pero esta carece de apoyo sindical y popular, y un sost\u00e9n incierto en el Parlamento.<\/p>\n\n\n\n<p>Las protestas toman desde hace semanas m\u00faltiples formas: bajadas de producci\u00f3n el\u00e9ctrica, 15% de gasolineras sin combustible, trenes y vuelos anulados, transporte p\u00fablico de Par\u00eds perturbado e incluso la Torre Eiffel cerrada este martes.<\/p>\n\n\n\n<p>Los basureros de Par\u00eds decidieron poner fin el pr\u00f3ximo mi\u00e9rcoles a tres semanas de huelga, que dejaron miles de toneladas de basura acumuladas en las calles, pero con el objetivo de regresar a la lucha \u00abcon m\u00e1s fuerza\u00bb, seg\u00fan la CGT.<\/p>\n\n\n\n<p><\/p>\n\n\n\n<p>V\u00eda: <a href=\"https:\/\/www.dw.com\/es\/nuevos-disturbios-en-francia-por-la-reforma-de-las-pensiones\/a-65161991\">DW<\/a><\/p>\n\n\n\n<p><a href=\"https:\/\/www.facebook.com\/sharer\/sharer.php?u=https%3A%2F%2Fp.dw.com%2Fp%2F4PPbr%3Fmaca%3Des-Facebook-sharing\"><\/a><\/p>\n","protected":false},"excerpt":{"rendered":"<p>Incidentes de menor intensidad tuvieron lugar en decenas de ciudades con saldo oficial de 201 detenidos y 175 polic\u00edas y gendarmes heridos. El gobierno invit\u00f3 a los sindicatos una reuni\u00f3n para hallar salida al conflicto. Nuevos enfrentamientos estallaron el martes (28.03.2023) en&nbsp;Francia&nbsp;en las protestas contra la reforma de las pensiones del presidente liberal&nbsp;Emmanuel Macron, cuyo [&hellip;]<\/p>\n","protected":false},"author":1,"featured_media":9879,"comment_status":"closed","ping_status":"closed","sticky":false,"template":"","format":"standard","meta":{"footnotes":""},"categories":[14,2],"tags":[],"class_list":["post-9877","post","type-post","status-publish","format-standard","has-post-thumbnail","hentry","category-entertainment","category-portada"],"_links":{"self":[{"href":"https:\/\/ciudadliberal.cl\/index.php?rest_route=\/wp\/v2\/posts\/9877","targetHints":{"allow":["GET"]}}],"collection":[{"href":"https:\/\/ciudadliberal.cl\/index.php?rest_route=\/wp\/v2\/posts"}],"about":[{"href":"https:\/\/ciudadliberal.cl\/index.php?rest_route=\/wp\/v2\/types\/post"}],"author":[{"embeddable":true,"href":"https:\/\/ciudadliberal.cl\/index.php?rest_route=\/wp\/v2\/users\/1"}],"replies":[{"embeddable":true,"href":"https:\/\/ciudadliberal.cl\/index.php?rest_route=%2Fwp%2Fv2%2Fcomments&post=9877"}],"version-history":[{"count":1,"href":"https:\/\/ciudadliberal.cl\/index.php?rest_route=\/wp\/v2\/posts\/9877\/revisions"}],"predecessor-version":[{"id":9880,"href":"https:\/\/ciudadliberal.cl\/index.php?rest_route=\/wp\/v2\/posts\/9877\/revisions\/9880"}],"wp:featuredmedia":[{"embeddable":true,"href":"https:\/\/ciudadliberal.cl\/index.php?rest_route=\/wp\/v2\/media\/9879"}],"wp:attachment":[{"href":"https:\/\/ciudadliberal.cl\/index.php?rest_route=%2Fwp%2Fv2%2Fmedia&parent=9877"}],"wp:term":[{"taxonomy":"category","embeddable":true,"href":"https:\/\/ciudadliberal.cl\/index.php?rest_route=%2Fwp%2Fv2%2Fcategories&post=9877"},{"taxonomy":"post_tag","embeddable":true,"href":"https:\/\/ciudadliberal.cl\/index.php?rest_route=%2Fwp%2Fv2%2Ftags&post=9877"}],"curies":[{"name":"wp","href":"https:\/\/api.w.org\/{rel}","templated":true}]}}