{"id":9874,"date":"2023-03-27T15:29:09","date_gmt":"2023-03-27T19:29:09","guid":{"rendered":"https:\/\/ciudadliberal.cl\/?p=9874"},"modified":"2023-03-27T15:29:11","modified_gmt":"2023-03-27T19:29:11","slug":"gobierno-de-israel-aplaza-hasta-verano-la-controvertida-reforma-judicial","status":"publish","type":"post","link":"https:\/\/ciudadliberal.cl\/?p=9874","title":{"rendered":"Gobierno de Israel aplaza hasta verano la controvertida reforma judicial"},"content":{"rendered":"\n<p>Ante el rechazo popular contra la propuesta, el Ministro de Seguridad Nacional de Israel, Itamar Ben-Gvir anunci\u00f3 el aplazamiento, m\u00e1s no la suspensi\u00f3n de la controvertida reforma judicial de Benjamin Netanyahu.<\/p>\n\n\n\n<p><\/p>\n\n\n\n<p>Netanyahu, que est\u00e1 siendo juzgado por corrupci\u00f3n, y sus aliados en el gobierno m\u00e1s derechista de la historia de Israel, son los impulsores de la reforma que, seg\u00fan cr\u00edticos, \u00abatenta contra el Estado de derecho\u201d.<\/p>\n\n\n\n<p>La reforma prevista por el primer ministro Benjamin Netanyahu ha generado&nbsp;<a href=\"https:\/\/www.dw.com\/es\/masivas-protestas-en-israel-contra-cese-del-ministro-de-defensa\/a-65128993\">amplio rechazo nacional e internacional<\/a>. Decenas de miles de israel\u00edes se manifestaron este 27 de marzo frente al Parlamento israel\u00ed, mientras&nbsp;los trabajadores lanzaron una huelga nacional este lunes en una en una dram\u00e1tica escalada del movimiento de protesta masiva destinada a detener el plan del primer ministro&nbsp;<a href=\"https:\/\/www.dw.com\/es\/israel-netanyahu-cesa-a-ministro-de-defensa-por-pedir-fin-de-pol%C3%A9mica-reforma\/a-65128556\">Benjamin Netanyahu<\/a>&nbsp;para reformar el poder judicial.<\/p>\n\n\n\n<p>El&nbsp;<a href=\"https:\/\/www.dw.com\/es\/presidente-de-israel-pide-detener-de-inmediato-la-pol%C3%A9mica-reforma-judicial\/a-65131443\">caos paraliz\u00f3 gran parte del pa\u00eds<\/a>y amenaz\u00f3 con paralizar la econom\u00eda. Los vuelos procedentes del principal aeropuerto internacional sufrieron retrasos, grandes cadenas de centros comerciales y universidades cerraron sus puertas, y el mayor sindicato de Israel llam\u00f3 a sus 800.000 afiliados a dejar de trabajar en la sanidad, el transporte, la banca y otros sectores.<\/p>\n\n\n\n<h2 class=\"wp-block-heading\">Israel paralizado en protesta por los planes de Netanyahu<\/h2>\n\n\n\n<p>Los diplom\u00e1ticos abandonaron sus puestos de trabajo en las misiones extranjeras, y se esperaba que los gobiernos locales cerraran los centros preescolares y las escuelas. As\u00ed como tambi\u00e9n se&nbsp;esperaba que los gobiernos locales cerraran centros preescolares y recortaran otros servicios. El principal sindicato de m\u00e9dicos anunci\u00f3 que sus afiliados tambi\u00e9n ir\u00edan a la huelga.<\/p>\n\n\n\n<p>La creciente resistencia al plan de Netanyahu se produjo horas despu\u00e9s de que decenas de miles de personas salieran a las calles para protestar contra el plan. Miles de personas salieran a las calles de todo el pa\u00eds en una espont\u00e1nea manifestaci\u00f3n de ira tras la decisi\u00f3n del primer ministro de despedir a su ministro de Defensa despu\u00e9s de que \u00e9ste pidiera frenar la revisi\u00f3n de la ley.<\/p>\n\n\n\n<p>Al grito de \u00abel pa\u00eds est\u00e1 en llamas\u00bb, algunos manifestantes encendieron hogueras en la principal autopista de Tel Aviv, cerrando la v\u00eda principal autopista de Tel Aviv, cerrando la v\u00eda y muchas otras en todo el pa\u00eds durante horas.<\/p>\n\n\n\n<p>Los manifestantes volvieron a concentrarse el lunes ante la Knesset, o Parlamento, convirtiendo las calles que rodean el edificio y el Tribunal Supremo en un mar de banderas israel\u00edes azules y blancas salpicadas de pancartas del Orgullo Arco Iris. Grandes manifestaciones en Tel Aviv, Haifa y otras ciudades atrajeron a miles de personas m\u00e1s.<\/p>\n\n\n\n<p>\u00abEsta es la \u00faltima oportunidad de detener este avance hacia una dictadura\u00bb, dijo Matityahu Sperber, de 68 a\u00f1os, que se uni\u00f3 a un grupo de personas que se dirig\u00edan a la protesta frente a la Knesset.<\/p>\n\n\n\n<p>No estaba claro c\u00f3mo responder\u00eda Netanyahu a la creciente presi\u00f3n. Algunos miembros de su partido, el Likud, dijeron que apoyar\u00edan al primer ministro si hac\u00eda caso a las peticiones de detener la reforma.&nbsp; El plan impulsado por Netanyahu, que est\u00e1 siendo juzgado por corrupci\u00f3n, y sus aliados en el gobierno m\u00e1s derechista de la historia de Israel.<\/p>\n\n\n\n<p>Israel en una de sus peores crisis internas. Ha desencadenado que han galvanizado a casi todos los sectores de la sociedad, incluido el ej\u00e9rcito, donde los reservistas p\u00fablicamente que no servir\u00e1n a un pa\u00eds que vira hacia la hacia la autocracia.<\/p>\n\n\n\n<p><\/p>\n\n\n\n<p>V\u00eda: <a href=\"https:\/\/www.dw.com\/es\/gobierno-de-israel-aplaza-hasta-verano-la-controvertida-reforma-judicial\/a-65142447\">DW<\/a><\/p>\n\n\n\n<p><a href=\"https:\/\/www.facebook.com\/sharer\/sharer.php?u=https%3A%2F%2Fp.dw.com%2Fp%2F4PKWd%3Fmaca%3Des-Facebook-sharing\"><\/a><\/p>\n","protected":false},"excerpt":{"rendered":"<p>Ante el rechazo popular contra la propuesta, el Ministro de Seguridad Nacional de Israel, Itamar Ben-Gvir anunci\u00f3 el aplazamiento, m\u00e1s no la suspensi\u00f3n de la controvertida reforma judicial de Benjamin Netanyahu. Netanyahu, que est\u00e1 siendo juzgado por corrupci\u00f3n, y sus aliados en el gobierno m\u00e1s derechista de la historia de Israel, son los impulsores de [&hellip;]<\/p>\n","protected":false},"author":1,"featured_media":9875,"comment_status":"closed","ping_status":"closed","sticky":false,"template":"","format":"standard","meta":{"footnotes":""},"categories":[14,2],"tags":[],"class_list":["post-9874","post","type-post","status-publish","format-standard","has-post-thumbnail","hentry","category-entertainment","category-portada"],"_links":{"self":[{"href":"https:\/\/ciudadliberal.cl\/index.php?rest_route=\/wp\/v2\/posts\/9874","targetHints":{"allow":["GET"]}}],"collection":[{"href":"https:\/\/ciudadliberal.cl\/index.php?rest_route=\/wp\/v2\/posts"}],"about":[{"href":"https:\/\/ciudadliberal.cl\/index.php?rest_route=\/wp\/v2\/types\/post"}],"author":[{"embeddable":true,"href":"https:\/\/ciudadliberal.cl\/index.php?rest_route=\/wp\/v2\/users\/1"}],"replies":[{"embeddable":true,"href":"https:\/\/ciudadliberal.cl\/index.php?rest_route=%2Fwp%2Fv2%2Fcomments&post=9874"}],"version-history":[{"count":1,"href":"https:\/\/ciudadliberal.cl\/index.php?rest_route=\/wp\/v2\/posts\/9874\/revisions"}],"predecessor-version":[{"id":9876,"href":"https:\/\/ciudadliberal.cl\/index.php?rest_route=\/wp\/v2\/posts\/9874\/revisions\/9876"}],"wp:featuredmedia":[{"embeddable":true,"href":"https:\/\/ciudadliberal.cl\/index.php?rest_route=\/wp\/v2\/media\/9875"}],"wp:attachment":[{"href":"https:\/\/ciudadliberal.cl\/index.php?rest_route=%2Fwp%2Fv2%2Fmedia&parent=9874"}],"wp:term":[{"taxonomy":"category","embeddable":true,"href":"https:\/\/ciudadliberal.cl\/index.php?rest_route=%2Fwp%2Fv2%2Fcategories&post=9874"},{"taxonomy":"post_tag","embeddable":true,"href":"https:\/\/ciudadliberal.cl\/index.php?rest_route=%2Fwp%2Fv2%2Ftags&post=9874"}],"curies":[{"name":"wp","href":"https:\/\/api.w.org\/{rel}","templated":true}]}}