{"id":9871,"date":"2023-03-27T15:21:19","date_gmt":"2023-03-27T19:21:19","guid":{"rendered":"https:\/\/ciudadliberal.cl\/?p=9871"},"modified":"2023-03-27T15:21:22","modified_gmt":"2023-03-27T19:21:22","slug":"activistas-del-mundo-se-daran-cita-en-mexico-para-fundar-internacional-feminista","status":"publish","type":"post","link":"https:\/\/ciudadliberal.cl\/?p=9871","title":{"rendered":"Activistas del mundo se dar\u00e1n cita en M\u00e9xico para fundar Internacional Feminista"},"content":{"rendered":"\n<p>Lideresas y activistas feministas se reunir\u00e1n en la capital mexicana del 30 de marzo al 1 de abril en el \u201cEncuentro Fundacional de la Internacional Feminista\u201d.<\/p>\n\n\n\n<p>\u00abSigue existiendo una deuda hist\u00f3rica con las mujeres: hay una agenda&nbsp;<a href=\"https:\/\/www.dw.com\/es\/feminismo\/t-41335276\">feminista<\/a>&nbsp;urgente que atender en todo el mundo\u201d, plantea Ver\u00f3nica Garc\u00eda, en entrevista con Deutsche Welle, desde M\u00e9xico.<\/p>\n\n\n\n<p>Y son muchas las que as\u00ed lo ven. Por eso, para luchar por esa agenda, de modo coordinado y con perspectiva internacional, lideresas y activistas de todo el mundo se reunir\u00e1n en la capital mexicana para fundar la&nbsp;<a href=\"https:\/\/twitter.com\/IntFeministaIF\" target=\"_blank\" rel=\"noreferrer noopener\">\u00abInternacional Feminista\u00bb.<\/a><\/p>\n\n\n\n<p>Prev\u00e9n dise\u00f1ar \u00abun espacio de discusi\u00f3n y construcci\u00f3n que atienda las necesidades concretas de nuestra \u00e9poca y realidad\u201d, indica Garc\u00eda, una de las organizadoras del encuentro.<\/p>\n\n\n\n<p>\u00abLa necesidad de la lucha en contra del&nbsp;<a href=\"https:\/\/www.dw.com\/es\/falta-voluntad-pol%C3%ADtica-para-combatir-el-machismo-se-invisibiliza-o-se-esconde\/a-64904087\">patriarcado capitalista<\/a>&nbsp;exige la organizaci\u00f3n colectiva e internacional de feministas para impulsar una agenda com\u00fan a favor de la igualdad y&nbsp;<a href=\"https:\/\/www.dw.com\/es\/feminismos-en-am%C3%A9rica-latina-no-podemos-rendirnos-solo-una-sociedad-igualitaria-es-una-sociedad-justa\/a-64330023\">las vidas libres de violencias machistas<\/a>\u201d, afirman en su \u00abManifiesto Fundacional\u201d.<\/p>\n\n\n\n<p>Asimismo, destacan \u00abla importancia de sostener relaciones transfronterizas, para aprender de las conquistas, experiencias y resistencias a nivel global\u201d.<\/p>\n\n\n\n<h2 class=\"wp-block-heading\">Una iniciativa global<\/h2>\n\n\n\n<p>La iniciativa tiene el respaldo de medio centenar de lideresas, pol\u00edticas y legisladoras&nbsp;de una treintena de pa\u00edses de Am\u00e9rica Latina, Europa y Asia, \u00aby el objetivo es que se luego se sumen tambi\u00e9n colectivos y organizaciones\u201d, indic\u00f3 Garc\u00eda.<\/p>\n\n\n\n<p>Entre las convocantes a la creaci\u00f3n de esta plataforma&nbsp;se cuentan representantes latinoamericanas de Argentina, Brasil, Chile, Colombia, Costa Rica, Cuba, Ecuador, El Salvador, Guatemala, Honduras, M\u00e9xico, Paraguay, Per\u00fa, Uruguay y Venezuela.<\/p>\n\n\n\n<p>Tambi\u00e9n europeas de Alemania, B\u00e9lgica, Espa\u00f1a, Francia, Grecia e Italia, as\u00ed como asi\u00e1ticas de India y Bangladesh, y lideresas palestinas, entre otras.<\/p>\n\n\n\n<h2 class=\"wp-block-heading\">El mundo en crisis<\/h2>\n\n\n\n<p>La cita se desarrollar\u00e1, adem\u00e1s, en un momento en que \u00abel mundo se encuentra atravesado por fuertes crisis econ\u00f3micas, pol\u00edticas, sociales, sanitarias, alimentarias y ambientales\u201d, destaca la convocatoria.<\/p>\n\n\n\n<p>\u00abEl feminismo es un proyecto de sociedad que mejora las condiciones de vida de la humanidad y su relaci\u00f3n con el planeta, porque es capaz de ofrecer las respuestas a los retos que enfrentamos actualmente\u201d, consignan, asimismo, en el escrito.<\/p>\n\n\n\n<p>Y es, tambi\u00e9n, \u00abuna invitaci\u00f3n a repensar las formas en que hist\u00f3ricamente se han tomado las decisiones, es una forma de cuestionar las estructuras jer\u00e1rquicas de desarrollo del poder androc\u00e9ntricas y masculinas que han dominado el espacio p\u00fablico y la pol\u00edtica en todas sus formas\u201d, sostienen.<\/p>\n\n\n\n<p>\u00abEn este escenario, creo que esta iniciativa no solo es necesaria, sino que es urgente\u201d, asegura Laura Franco, abogada, defensora de los derechos humanos de las mujeres y activista venezolana, en di\u00e1logo con DW.<\/p>\n\n\n\n<h2 class=\"wp-block-heading\">La uni\u00f3n hace la fuerza<\/h2>\n\n\n\n<p>\u00abNo podemos postergar m\u00e1s el encuentro de activistas feministas del mundo, capaces de hacer un an\u00e1lisis&nbsp;de la situaci\u00f3n adversa que atravesamos, para construir colectivamente una respuesta\u201d, sostiene, en este sentido, Franco.<\/p>\n\n\n\n<p>\u00abSer\u00e1 salir un poco de lo cotidiano que puede ser nuestra lucha en cada uno de nuestros pa\u00edses\u201d, dice sobre el funcionamiento de la organizaci\u00f3n.<\/p>\n\n\n\n<p>\u00abLas batallas que nos tocan librar son muy duras, pero se vuelven mucho m\u00e1s dif\u00edciles cuando nos sentimos solas\u201d, apunta la experta. \u00abEs clave sentir que nuestros dolores son compartidos, y que podemos superar la dispersi\u00f3n\u201d, resalta sobre las virtudes de la iniciativa.<\/p>\n\n\n\n<p>\u00abNuestros sue\u00f1os son utop\u00edas realizables, un mundo de oportunidades est\u00e1 ah\u00ed, la revoluci\u00f3n de las mujeres en este siglo es clave\u201d, concluye entusiasmada.<\/p>\n\n\n\n<p><\/p>\n\n\n\n<p>V\u00eda: <a href=\"https:\/\/www.dw.com\/es\/activistas-del-mundo-se-dar%C3%A1n-cita-en-m%C3%A9xico-para-fundar-internacional-feminista\/a-65137787\">DW<\/a><\/p>\n\n\n\n<p><a href=\"https:\/\/www.facebook.com\/sharer\/sharer.php?u=https%3A%2F%2Fp.dw.com%2Fp%2F4PJJT%3Fmaca%3Des-Facebook-sharing\"><\/a><\/p>\n","protected":false},"excerpt":{"rendered":"<p>Lideresas y activistas feministas se reunir\u00e1n en la capital mexicana del 30 de marzo al 1 de abril en el \u201cEncuentro Fundacional de la Internacional Feminista\u201d. \u00abSigue existiendo una deuda hist\u00f3rica con las mujeres: hay una agenda&nbsp;feminista&nbsp;urgente que atender en todo el mundo\u201d, plantea Ver\u00f3nica Garc\u00eda, en entrevista con Deutsche Welle, desde M\u00e9xico. Y son [&hellip;]<\/p>\n","protected":false},"author":1,"featured_media":9872,"comment_status":"closed","ping_status":"closed","sticky":false,"template":"","format":"standard","meta":{"footnotes":""},"categories":[14,2],"tags":[],"class_list":["post-9871","post","type-post","status-publish","format-standard","has-post-thumbnail","hentry","category-entertainment","category-portada"],"_links":{"self":[{"href":"https:\/\/ciudadliberal.cl\/index.php?rest_route=\/wp\/v2\/posts\/9871","targetHints":{"allow":["GET"]}}],"collection":[{"href":"https:\/\/ciudadliberal.cl\/index.php?rest_route=\/wp\/v2\/posts"}],"about":[{"href":"https:\/\/ciudadliberal.cl\/index.php?rest_route=\/wp\/v2\/types\/post"}],"author":[{"embeddable":true,"href":"https:\/\/ciudadliberal.cl\/index.php?rest_route=\/wp\/v2\/users\/1"}],"replies":[{"embeddable":true,"href":"https:\/\/ciudadliberal.cl\/index.php?rest_route=%2Fwp%2Fv2%2Fcomments&post=9871"}],"version-history":[{"count":1,"href":"https:\/\/ciudadliberal.cl\/index.php?rest_route=\/wp\/v2\/posts\/9871\/revisions"}],"predecessor-version":[{"id":9873,"href":"https:\/\/ciudadliberal.cl\/index.php?rest_route=\/wp\/v2\/posts\/9871\/revisions\/9873"}],"wp:featuredmedia":[{"embeddable":true,"href":"https:\/\/ciudadliberal.cl\/index.php?rest_route=\/wp\/v2\/media\/9872"}],"wp:attachment":[{"href":"https:\/\/ciudadliberal.cl\/index.php?rest_route=%2Fwp%2Fv2%2Fmedia&parent=9871"}],"wp:term":[{"taxonomy":"category","embeddable":true,"href":"https:\/\/ciudadliberal.cl\/index.php?rest_route=%2Fwp%2Fv2%2Fcategories&post=9871"},{"taxonomy":"post_tag","embeddable":true,"href":"https:\/\/ciudadliberal.cl\/index.php?rest_route=%2Fwp%2Fv2%2Ftags&post=9871"}],"curies":[{"name":"wp","href":"https:\/\/api.w.org\/{rel}","templated":true}]}}