{"id":9725,"date":"2022-12-24T12:14:03","date_gmt":"2022-12-24T16:14:03","guid":{"rendered":"https:\/\/ciudadliberal.cl\/?p=9725"},"modified":"2022-12-24T12:14:07","modified_gmt":"2022-12-24T16:14:07","slug":"2023-los-principales-desafios-y-sufragios-de-los-paises-latinoamericanos","status":"publish","type":"post","link":"https:\/\/ciudadliberal.cl\/?p=9725","title":{"rendered":"2023: Los principales desaf\u00edos y sufragios de los pa\u00edses latinoamericanos"},"content":{"rendered":"\n<p>El 2023 ser\u00e1 una a\u00f1o que estar\u00e1 marcado en Am\u00e9rica Latina por al menos tres elecciones presidenciales, referendos constitucionales importantes y otros desaf\u00edos a nivel pol\u00edtico y social.<\/p>\n\n\n\n<p><\/p>\n\n\n\n<p>Am\u00e9rica Latina tiene varios desaf\u00edos por delante en el 2023. Los gobiernos latinoamericanos se enfrentar\u00e1n a escenarios complejos que han sido provocados por diversos factores externos, como la elevada inflaci\u00f3n y recesi\u00f3n mundial causadas por la guerra en Ucrania, y por los coletazos de&nbsp;<a href=\"https:\/\/www.dw.com\/es\/pobreza-extrema-en-latinoam%C3%A9rica-crece-en-2021-pese-a-recuperaci%C3%B3n-econ%C3%B3mica\/a-60581686\">la pandemia del Covid-19<\/a>, de la cual la regi\u00f3n a\u00fan no logra recuperarse.<\/p>\n\n\n\n<p>A nivel pol\u00edtico, con los triunfos de Gustavo Petro en Colombia y Lula da Silva en Brasil, se observ\u00f3 en 2022 un giro m\u00e1s notorio hacia el espectro pol\u00edtico de izquierda en la regi\u00f3n, aunque algunos analistas sostienen que, m\u00e1s que un movimiento con aires transformadores, se trata m\u00e1s bien de una derrota de los oficialismos. En 2023, pa\u00edses como Guatemala, Argentina y Paraguay celebrar\u00e1n elecciones decisivas. A continuaci\u00f3n los principales retos que esperan a la regi\u00f3n.<\/p>\n\n\n\n<p><strong>Colombia:<\/strong>&nbsp;El presidente de Colombia, Gustavo Petro, quien asumi\u00f3 el pasado 7 de agosto el poder, tiene como principal objetivo buscar la reconciliaci\u00f3n y nuevos acuerdos de paz con la guerrilla terrorista del&nbsp;<a href=\"https:\/\/www.dw.com\/es\/la-guerrilla-del-eln-anuncia-una-tregua-durante-la-navidad-en-colombia\/a-64154125\">Ej\u00e9rcito de Liberaci\u00f3n Nacional<\/a>&nbsp;(ELN) y la sociedad colombiana.<\/p>\n\n\n\n<p>La reforma tributaria del gobierno colombiano&nbsp;espera recaudar al menos 20 billones de pesos colombianos para poner en marcha las mejoras sociales que Petro prometi\u00f3. Colombia celebrar\u00e1 elecciones regionales el 29 de octubre de 2023.<\/p>\n\n\n\n<p><strong>Per\u00fa:<\/strong>&nbsp;Probablemente&nbsp;uno de los pa\u00edses con la mayor incertidumbre de la regi\u00f3n para el 2023. Tras el intento de golpe de estado del ahora expresidente, Pedro Castillo, la actual presidenta peruana, Dina Boluarte, junto con el Congreso del pa\u00eds suramericano, no han conseguido calmar a la poblaci\u00f3n, que exige en las calles claridad sobre el futuro pol\u00edtico del pa\u00eds.<\/p>\n\n\n\n<p>Boluarte, que pidi\u00f3 la renuncia a uno de sus ministros apenas a una semana de haber subido al poder, ha descartado renunciar a la presidencia y le ha exigido al Congreso trabajar para poder&nbsp;<a href=\"https:\/\/www.dw.com\/es\/posibles-soluciones-a-la-crisis-en-per%C3%BA-nuevas-elecciones-o-amplia-reforma-pol%C3%ADtica\/a-64125467\">adelantar las elecciones<\/a>&nbsp;de 2026 a 2023. Las protestas en todo el pa\u00eds han dejado&nbsp;m\u00e1s de 20 muertos, cientos de heridos y detenidos.<\/p>\n\n\n\n<p><strong>Chile:<\/strong>&nbsp;Tras el sorpresivo rechazo a la propuesta de nueva Constituci\u00f3n el pasado 4 de septiembre, el Congreso y las \u00e9lites pol\u00edticas&nbsp;<a href=\"https:\/\/www.dw.com\/es\/partidos-pol%C3%ADticos-de-chile-logran-nuevo-acuerdo-para-constituyente\/a-64074946\">lograron acordar un nuevo mecanismo<\/a>&nbsp;para elaborar otra&nbsp;propuesta de Carta Magna. Los 50 nuevos expertos seleccionados deber\u00e1n entregar su propuesta a la ciudadan\u00eda el 19 de noviembre de 2023. Luego, los chilenos ir\u00e1n a las urnas en una fecha por determinar (previsiblemente en enero de 2024), con voto obligatorio, para determinar si aprueban&nbsp;o no&nbsp;este&nbsp;nuevo borrador.<\/p>\n\n\n\n<p><strong>Venezuela:<\/strong>&nbsp;La oposici\u00f3n venezolana buscar\u00e1 este 2023, en una fecha a\u00fan no establecida oficialmente, realizar una primaria para determinar a un candidato \u00fanico que pueda derrotar a Nicol\u00e1s Maduro en las presidenciales de 2024.<\/p>\n\n\n\n<p>Asimismo, Estados Unidos, Francia y otros pa\u00edses de la Uni\u00f3n Europea, que ya han reestablecido di\u00e1logos y han acordado&nbsp;relajar&nbsp;algunas sanciones en contra del gobierno venezolano, fijar\u00e1n sus preocupaciones en&nbsp;garantizar elecciones libres y democr\u00e1ticas.<\/p>\n\n\n\n<p><strong>Brasil:<\/strong>&nbsp;Con&nbsp;un Congreso en que no cuenta con&nbsp;mayor\u00eda, es posible que el nuevo gobierno de Lula da Silva, que se inicia con el 2023, sea mucho m\u00e1s dif\u00edcil que sus mandatos anteriores (2003-2010). El bolsonarismo, que a\u00fan no reconoce su derrota electoral, representa una amenaza.&nbsp;<\/p>\n\n\n\n<p>En un pa\u00eds muy polarizado, el nuevo gobierno brasile\u00f1o tendr\u00e1 que enfrentar serios problemas sociales;\u00a02021 dej\u00f3 a\u00a0<a href=\"https:\/\/www.dw.com\/es\/cepal-aumenta-la-pobreza-extrema-en-am%C3%A9rica-latina\/a-63878595\">60 millones de personas bajo la pobreza<\/a>, la cifra m\u00e1s alta en diez a\u00f1os. Adem\u00e1s, tendr\u00e1 la tarea de proteger la biodiversidad y naturaleza de la Amazon\u00eda y sus pueblos ind\u00edgenas, fuertemente afectados por las pol\u00edticas de Bolsonaro.<\/p>\n\n\n\n<p><strong>Argentina:<\/strong>&nbsp;El pa\u00eds suramericano, que recibi\u00f3 con euforia&nbsp;el reciente triunfo en la Copa Mundial de Qatar 2022, deber\u00e1 ahora concentrarse en las pr\u00f3ximas elecciones presidenciales y parlamentarias, que se realizar\u00e1n el 22 de octubre de 2023.<\/p>\n\n\n\n<p>Los candidatos a\u00fan no est\u00e1n claros, pero es poco probable que Alberto Fern\u00e1ndez, que no goza de alta popularidad, se presente a la reelecci\u00f3n. La expresidenta Cristina Fern\u00e1ndez de Kirschner, sentenciada recientemente a seis a\u00f1os de prisi\u00f3n por corrupci\u00f3n, suena como posible candidata del peronismo.<\/p>\n\n\n\n<p><strong>Paraguay:<\/strong>&nbsp;El 18 de diciembre&nbsp;se&nbsp;<a href=\"https:\/\/www.dw.com\/es\/paraguay-elige-en-primarias-a-sus-candidatos-a-la-presidencia\/a-64144472\">realizaron las primarias<\/a>&nbsp;que definieron a los principales candidatos que se enfrentar\u00e1n en los comicios presidenciales del 30 de abril de 2023. El pol\u00edtico liberal de oposici\u00f3n&nbsp;Efra\u00edn Alegre&nbsp;buscar\u00e1 derrotar al joven economista Santiago Pe\u00f1a, integrante del Partido Colorado,&nbsp;que lleva d\u00e9cadas en el poder.<\/p>\n\n\n\n<p><strong>M\u00e9xico:<\/strong>&nbsp;Con la mira puesta en&nbsp;las elecciones presidenciales de 2024, el presidente mexicano, Andr\u00e9s Manuel L\u00f3pez Obrador, goza de una relativa alta popularidad seg\u00fan la encuesta Oraculus. Sin embargo, la Constituci\u00f3n del pa\u00eds&nbsp;no permite su reelecci\u00f3n.<\/p>\n\n\n\n<p>En el corto plazo, AMLO recibir\u00e1 a los mandatarios de Estados Unidos y Canad\u00e1, Joe Biden y&nbsp;Justin Trudeau, durante la Cumbre de L\u00edderes de Am\u00e9rica del Norte que se realizar\u00e1 del 9 al 11 de enero de 2023. M\u00e9xico tambi\u00e9n celebrar\u00e1 el 4 de junio de 2023 elecciones regionales&nbsp;para escoger las gubernaturas de Coahuila y Estado de M\u00e9xico. Asimismo, se elegir\u00e1 a 25 diputados locales.<\/p>\n\n\n\n<p><strong>Guatemala:<\/strong>&nbsp;El pa\u00eds centroamericano, gobernado por Alejandro Giammatei, elegir\u00e1 el 25 de junio de 2023 a su nuevo presidente, vicepresidente y Congreso. Seg\u00fan las \u00faltimas encuestas, la candidata de la uni\u00f3n de los partidos Valor y Unionista, Zury R\u00edos, lidera las preferencias. Le sigue de cerca Sandra Torres, del partido socialdem\u00f3crata Unidad Nacional de la Esperanza. De llegar a una segunda vuelta, esta se celebrar\u00e1 el 27 de agosto de 2023.<\/p>\n\n\n\n<p><strong>Ecuador:<\/strong>&nbsp;El gobierno del presidente conservador de Ecuador, Guillermo Lasso, ha organizado una consulta popular y ha llamado a la poblaci\u00f3n a pronunciarse sobre una posible reforma a la Constituci\u00f3n ecuatoriana. El refer\u00e9ndum consta de ocho preguntas, con las alternativas de \u00abapruebo\u00bb&nbsp;o \u00abrechazo\u00bb, y se llevar\u00e1 a cabo el 5 de febrero de 2023. Seg\u00fan las \u00faltimas encuestas, la respuesta \u00abapruebo\u00bb&nbsp;gana en todos los escenarios.<\/p>\n\n\n\n<p><strong>Cuba:<\/strong>&nbsp;El Consejo de Estado de Cuba anunci\u00f3 la convocatoria a elecciones generales para el 26 de marzo de 2023 con la intenci\u00f3n de renovar el Parlamento, que a su vez debe elegir al presidente de la Rep\u00fablica durante el segundo semestre de 2023.<\/p>\n\n\n\n<p>El actual presidente cubano, Miguel D\u00edaz-Canel, podr\u00eda ser reelecto por otros cinco a\u00f1os, ya que as\u00ed lo autoriza la Constituci\u00f3n. Los \u00faltimos comicios municipales celebrados en Cuba tuvieron una participaci\u00f3n del 68,58% de un padr\u00f3n de 8,3 millones, el porcentaje m\u00e1s bajo desde 1976.<\/p>\n\n\n\n<p><\/p>\n\n\n\n<p>V\u00eda: <a href=\"https:\/\/www.dw.com\/es\/2023-los-principales-desaf%C3%ADos-y-sufragios-de-los-pa%C3%ADses-latinoamericanos\/a-64170949\">DW<\/a><\/p>\n\n\n\n<p><a href=\"https:\/\/www.facebook.com\/sharer\/sharer.php?u=https%3A%2F%2Fp.dw.com%2Fp%2F4LFnJ%3Fmaca%3Des-Facebook-sharing\"><\/a><\/p>\n","protected":false},"excerpt":{"rendered":"<p>El 2023 ser\u00e1 una a\u00f1o que estar\u00e1 marcado en Am\u00e9rica Latina por al menos tres elecciones presidenciales, referendos constitucionales importantes y otros desaf\u00edos a nivel pol\u00edtico y social. Am\u00e9rica Latina tiene varios desaf\u00edos por delante en el 2023. Los gobiernos latinoamericanos se enfrentar\u00e1n a escenarios complejos que han sido provocados por diversos factores externos, como [&hellip;]<\/p>\n","protected":false},"author":1,"featured_media":9721,"comment_status":"closed","ping_status":"closed","sticky":false,"template":"","format":"standard","meta":{"footnotes":""},"categories":[14,2],"tags":[],"class_list":["post-9725","post","type-post","status-publish","format-standard","has-post-thumbnail","hentry","category-entertainment","category-portada"],"_links":{"self":[{"href":"https:\/\/ciudadliberal.cl\/index.php?rest_route=\/wp\/v2\/posts\/9725","targetHints":{"allow":["GET"]}}],"collection":[{"href":"https:\/\/ciudadliberal.cl\/index.php?rest_route=\/wp\/v2\/posts"}],"about":[{"href":"https:\/\/ciudadliberal.cl\/index.php?rest_route=\/wp\/v2\/types\/post"}],"author":[{"embeddable":true,"href":"https:\/\/ciudadliberal.cl\/index.php?rest_route=\/wp\/v2\/users\/1"}],"replies":[{"embeddable":true,"href":"https:\/\/ciudadliberal.cl\/index.php?rest_route=%2Fwp%2Fv2%2Fcomments&post=9725"}],"version-history":[{"count":1,"href":"https:\/\/ciudadliberal.cl\/index.php?rest_route=\/wp\/v2\/posts\/9725\/revisions"}],"predecessor-version":[{"id":9727,"href":"https:\/\/ciudadliberal.cl\/index.php?rest_route=\/wp\/v2\/posts\/9725\/revisions\/9727"}],"wp:featuredmedia":[{"embeddable":true,"href":"https:\/\/ciudadliberal.cl\/index.php?rest_route=\/wp\/v2\/media\/9721"}],"wp:attachment":[{"href":"https:\/\/ciudadliberal.cl\/index.php?rest_route=%2Fwp%2Fv2%2Fmedia&parent=9725"}],"wp:term":[{"taxonomy":"category","embeddable":true,"href":"https:\/\/ciudadliberal.cl\/index.php?rest_route=%2Fwp%2Fv2%2Fcategories&post=9725"},{"taxonomy":"post_tag","embeddable":true,"href":"https:\/\/ciudadliberal.cl\/index.php?rest_route=%2Fwp%2Fv2%2Ftags&post=9725"}],"curies":[{"name":"wp","href":"https:\/\/api.w.org\/{rel}","templated":true}]}}