{"id":9720,"date":"2022-12-24T12:07:59","date_gmt":"2022-12-24T16:07:59","guid":{"rendered":"https:\/\/ciudadliberal.cl\/?p=9720"},"modified":"2022-12-24T12:08:46","modified_gmt":"2022-12-24T16:08:46","slug":"guerra-en-ucrania-afecto-lazos-china-ue-dice-nuevo-embajador-chino","status":"publish","type":"post","link":"https:\/\/ciudadliberal.cl\/?p=9720","title":{"rendered":"Guerra en Ucrania afect\u00f3 lazos China-UE, dice nuevo embajador chino"},"content":{"rendered":"\n<p>\u00abPekin no quiere tener que elegir entre amigos\u00bb, advirti\u00f3 el diplom\u00e1tico Fu Cong<\/p>\n\n\n\n<p><\/p>\n\n\n\n<p>La invasi\u00f3n rusa de&nbsp;<a href=\"https:\/\/www.dw.com\/es\/ucrania\/t-36925922\">Ucrania<\/a>&nbsp;\u00abse est\u00e1 convirtiendo en un problema\u00bb para las relaciones entre&nbsp;<a href=\"https:\/\/www.dw.com\/es\/china\/t-17411734\">China<\/a>&nbsp;y la&nbsp;<a href=\"https:\/\/www.dw.com\/es\/uni%C3%B3n-europea\/t-17410587\">Uni\u00f3n Europea<\/a>&nbsp;(UE), reconoci\u00f3 el nuevo embajador del pa\u00eds asi\u00e1tico ante los Veintisiete, Fu Cong, en una entrevista al diario hongkon\u00e9s South China Morning Post publicada el s\u00e1bado (24.12.2022).<\/p>\n\n\n\n<p>Fu, quien asumi\u00f3 este mes un cargo que llevaba vacante un a\u00f1o, tambi\u00e9n consider\u00f3 que la guerra ha puesto a China \u00aben una situaci\u00f3n muy dif\u00edcil\u00bb ya que Pek\u00edn \u00abno quiere tener que elegir entre amigos\u00bb, en referencia a los lazos con&nbsp;<a href=\"https:\/\/www.dw.com\/es\/rusia\/t-17410119\">Mosc\u00fa<\/a>&nbsp;y Kiev.<\/p>\n\n\n\n<p>El diplom\u00e1tico asegur\u00f3 que China ha sufrido \u00abda\u00f1os colaterales\u00bb a consecuencia de \u00abesta crisis\u00bb, y acus\u00f3 a Estados Unidos de \u00absacar tajada de ella\u00bb no solo con la venta de armas sino tambi\u00e9n por la situaci\u00f3n de crisis energ\u00e9tica en la que entraron los pa\u00edses europeos.<\/p>\n\n\n\n<p>Sobre la&nbsp;relaci\u00f3n entre China y Rusia, Fu pidi\u00f3 a los europeos que \u00abno interpreten demasiado la terminolog\u00eda\u00bb del acuerdo que firmaron el presidente chino, Xi Jinping, y su hom\u00f3logo ruso, Vlad\u00edmir Putin, semanas antes de la invasi\u00f3n de Ucrania, en el que se habl\u00f3 de una \u00abcooperaci\u00f3n ilimitada\u00bb.<\/p>\n\n\n\n<p>El embajador lament\u00f3 que se siga se\u00f1alando al acuerdo para acusar a China de estar \u00aben el bando equivocado\u00bb pese a que \u00ablos hechos muestran que China no est\u00e1 ofreciendo ayuda militar a Rusia\u00bb y que, el d\u00eda siguiente al inicio de la invasi\u00f3n, Xi llamase a Putin \u00abpara fomentar claramente que se intentara encontrar una soluci\u00f3n pac\u00edfica\u00bb.<\/p>\n\n\n\n<p>\u00abNuestra postura ha sido bastante equilibrada (&#8230;) y estamos dispuestos a participar en cualquier iniciativa pac\u00edfica\u00bb, agreg\u00f3.<\/p>\n\n\n\n<p>Fu tambi\u00e9n acus\u00f3 a la UE de impulsar medidas comerciales \u00abque rayan en el proteccionismo o directamente en la discriminaci\u00f3n\u00bb e inst\u00f3 a Bruselas a ratificar el Acuerdo Integral de Inversiones (CAI) que encall\u00f3 el a\u00f1o pasado a ra\u00edz de un intercambio de sanciones a cuenta de los supuestos abusos de derechos humanos en la regi\u00f3n noroccidental china de Xinjiang.<\/p>\n\n\n\n<p>\u00abSi los europeos est\u00e1n tan preocupados por su acceso al mercado en China, \u00bfpor qu\u00e9 no ratifican el CAI?\u00bb, dijo antes de avanzar que Pek\u00edn est\u00e1 dispuesto a retirar las sanciones -que afectaron, entre otros, a varios eurodiputados- si Bruselas levanta las suyas, impuestas a varios altos funcionarios de la regi\u00f3n, de forma \u00absimult\u00e1nea\u00bb.<\/p>\n\n\n\n<p><\/p>\n\n\n\n<p>V\u00eda: <a href=\"https:\/\/www.dw.com\/es\/guerra-en-ucrania-afect%C3%B3-lazos-china-ue-dice-nuevo-embajador-chino\/a-64203629\">DW<\/a><\/p>\n\n\n\n<p><a href=\"https:\/\/www.facebook.com\/sharer\/sharer.php?u=https%3A%2F%2Fp.dw.com%2Fp%2F4LOIP%3Fmaca%3Des-Facebook-sharing\"><\/a><\/p>\n\n\n\n<p><\/p>\n\n\n\n<p><a href=\"https:\/\/www.facebook.com\/sharer\/sharer.php?u=https%3A%2F%2Fp.dw.com%2Fp%2F4LFnJ%3Fmaca%3Des-Facebook-sharing\"><\/a><\/p>\n","protected":false},"excerpt":{"rendered":"<p>\u00abPekin no quiere tener que elegir entre amigos\u00bb, advirti\u00f3 el diplom\u00e1tico Fu Cong La invasi\u00f3n rusa de&nbsp;Ucrania&nbsp;\u00abse est\u00e1 convirtiendo en un problema\u00bb para las relaciones entre&nbsp;China&nbsp;y la&nbsp;Uni\u00f3n Europea&nbsp;(UE), reconoci\u00f3 el nuevo embajador del pa\u00eds asi\u00e1tico ante los Veintisiete, Fu Cong, en una entrevista al diario hongkon\u00e9s South China Morning Post publicada el s\u00e1bado (24.12.2022). Fu, [&hellip;]<\/p>\n","protected":false},"author":1,"featured_media":9723,"comment_status":"closed","ping_status":"closed","sticky":false,"template":"","format":"standard","meta":{"footnotes":""},"categories":[14,2],"tags":[],"class_list":["post-9720","post","type-post","status-publish","format-standard","has-post-thumbnail","hentry","category-entertainment","category-portada"],"_links":{"self":[{"href":"https:\/\/ciudadliberal.cl\/index.php?rest_route=\/wp\/v2\/posts\/9720","targetHints":{"allow":["GET"]}}],"collection":[{"href":"https:\/\/ciudadliberal.cl\/index.php?rest_route=\/wp\/v2\/posts"}],"about":[{"href":"https:\/\/ciudadliberal.cl\/index.php?rest_route=\/wp\/v2\/types\/post"}],"author":[{"embeddable":true,"href":"https:\/\/ciudadliberal.cl\/index.php?rest_route=\/wp\/v2\/users\/1"}],"replies":[{"embeddable":true,"href":"https:\/\/ciudadliberal.cl\/index.php?rest_route=%2Fwp%2Fv2%2Fcomments&post=9720"}],"version-history":[{"count":1,"href":"https:\/\/ciudadliberal.cl\/index.php?rest_route=\/wp\/v2\/posts\/9720\/revisions"}],"predecessor-version":[{"id":9722,"href":"https:\/\/ciudadliberal.cl\/index.php?rest_route=\/wp\/v2\/posts\/9720\/revisions\/9722"}],"wp:featuredmedia":[{"embeddable":true,"href":"https:\/\/ciudadliberal.cl\/index.php?rest_route=\/wp\/v2\/media\/9723"}],"wp:attachment":[{"href":"https:\/\/ciudadliberal.cl\/index.php?rest_route=%2Fwp%2Fv2%2Fmedia&parent=9720"}],"wp:term":[{"taxonomy":"category","embeddable":true,"href":"https:\/\/ciudadliberal.cl\/index.php?rest_route=%2Fwp%2Fv2%2Fcategories&post=9720"},{"taxonomy":"post_tag","embeddable":true,"href":"https:\/\/ciudadliberal.cl\/index.php?rest_route=%2Fwp%2Fv2%2Ftags&post=9720"}],"curies":[{"name":"wp","href":"https:\/\/api.w.org\/{rel}","templated":true}]}}