{"id":9717,"date":"2022-12-22T11:03:19","date_gmt":"2022-12-22T15:03:19","guid":{"rendered":"https:\/\/ciudadliberal.cl\/?p=9717"},"modified":"2022-12-22T11:03:21","modified_gmt":"2022-12-22T15:03:21","slug":"que-son-el-consejo-constitucional-la-comision-de-expertos-y-el-comite-tecnico-de-admisibilidad","status":"publish","type":"post","link":"https:\/\/ciudadliberal.cl\/?p=9717","title":{"rendered":"Qu\u00e9 son el Consejo Constitucional, la Comisi\u00f3n de Expertos y el Comit\u00e9 T\u00e9cnico de Admisibilidad"},"content":{"rendered":"\n<p>El Congreso present\u00f3 este mi\u00e9rcoles el proyecto que establece la elecci\u00f3n de los consejeros para el pr\u00f3ximo 14 de mayo.<\/p>\n\n\n\n<p>Todos los integrantes del proceso constituyente recibir\u00e1n una dieta mensual.<\/p>\n\n\n\n<p>El nuevo proceso constituyente propuesto por el Congreso,&nbsp;<a href=\"https:\/\/www.cooperativa.cl\/noticias\/pais\/politica\/constitucion\/reforma-que-habilita-el-nuevo-proceso-constituyente-fue-ingresado-al-senado\/2022-12-21\/192058.html\">presentado este mi\u00e9rcoles<\/a>, establece que la redacci\u00f3n de la nueva carta magna estar\u00e1 a cargo del&nbsp;<strong>Consejo Constitucional<\/strong>&nbsp;bajo la supervisi\u00f3n de la&nbsp;<strong>Comisi\u00f3n de Expertos<\/strong>&nbsp;y el&nbsp;<strong>Comit\u00e9 T\u00e9cnico de Admisibilidad<\/strong>.<\/p>\n\n\n\n<p>El proceso comenzar\u00e1 en enero de 2023 y el pr\u00f3ximo&nbsp;<strong>14 de mayo<\/strong>&nbsp;se realizar\u00e1 la elecci\u00f3n, bajo&nbsp;<strong>sufragio universal y obligatorio<\/strong>, de los miembros del Consejo Constitucional.<\/p>\n\n\n\n<h2 class=\"wp-block-heading\"><strong><em>CONSEJO CONSTITUCIONAL:<\/em><\/strong><\/h2>\n\n\n\n<p>Este \u00f3rgano estar\u00e1 compuesto por&nbsp;<strong>50 personas<\/strong>, que ser\u00e1n elegidas en el plebiscito con el sistema electoral aplicable a las<strong>&nbsp;circunscripciones senatoriales<\/strong>, con listas abiertas compuestas por partidos o pactos de partidos que podr\u00e1n incluir a los independientes.<\/p>\n\n\n\n<p>Este consejo ser\u00e1 integrado bajo el&nbsp;<strong>principio de paridad<\/strong>&nbsp;de entrada y salida. Adem\u00e1s, contar\u00e1 con&nbsp;<strong>esca\u00f1os ind\u00edgenas supranumerarios<\/strong>, asignados de acuerdo al porcentaje de votaci\u00f3n efectiva en la elecci\u00f3n.<\/p>\n\n\n\n<p>La reforma establece que las&nbsp;<strong>normas constitucionales propuestas se aprobar\u00e1n por las 3\/5 partes de las y los consejeros en ejercicio<\/strong>, someti\u00e9ndose la propuesta final a una aprobaci\u00f3n del Consejo por el mismo qu\u00f3rum.<\/p>\n\n\n\n<p>Los integrantes del Consejo Constitucional recibir\u00e1n una&nbsp;<strong>dieta mensual de 60 Unidades Tributarias Mensuales (3.669.420 pesos al valor de diciembre de 2022)<\/strong>, adem\u00e1s de las asignaciones que se establezcan exclusivamente para ser destinadas a la asesor\u00eda legislativa. Estas&nbsp;<strong>asignaciones ser\u00e1n administradas por un comit\u00e9 externo<\/strong>&nbsp;que determine el reglamento.<\/p>\n\n\n\n<p>La primera sesi\u00f3n de instalaci\u00f3n de la Consejo Constitucional, que se desarrollar\u00e1 en la sede del Congreso Nacional en Santiago, ser\u00e1 el lunes&nbsp;<strong>19 de junio de 2023<\/strong>.<\/p>\n\n\n\n<h2 class=\"wp-block-heading\"><strong><em>COMISI\u00d3N DE EXPERTOS:<\/em><\/strong><\/h2>\n\n\n\n<p>Esta comisi\u00f3n estar\u00e1 conformada por&nbsp;<strong>24 personas<\/strong>&nbsp;de \u00ab<strong>indiscutible trayectora profesiona, t\u00e9cnica y\/o acad\u00e9mica<\/strong>\u00ab, explica la reforma presentada este mi\u00e9rcoles. El proyecto establece que el \u00f3rgano deber\u00e1 ser de&nbsp;<strong>composici\u00f3n paritaria<\/strong>.<\/p>\n\n\n\n<p><strong>Doce expertos ser\u00e1n elegidos por la C\u00e1mara de Diputados y Diputados<\/strong>, mientras que los otros&nbsp;<strong>12 ser\u00e1n escogidos por el Senado<\/strong>&nbsp;en proporci\u00f3n a la representaci\u00f3n de las distintas fuerzas pol\u00edticas. Adem\u00e1s, deber\u00e1n ser&nbsp;<strong>aprobados por los 4\/7<\/strong>&nbsp;de los miembros en ejercicio de ambas C\u00e1maras.<\/p>\n\n\n\n<p>Los candidatos a comisionados deber\u00e1n contar con un&nbsp;<strong>t\u00edtulo universitario o grado acad\u00e9mico<\/strong>&nbsp;de -a lo menos- ocho semestres de duraci\u00f3n, y deber\u00e1n acreditar una&nbsp;<strong>experiencia profesional, t\u00e9cnica y\/o acad\u00e9mica no inferior a 10 a\u00f1os<\/strong>, sea en el sector p\u00fablico o privado, circunstancias que ser\u00e1n calificadas por la C\u00e1mara de Diputados y el Senado, en su caso. No podr\u00e1n ser parte de la Comisi\u00f3n personas que tengan inhabilidad para ser candidatos a cargos de elecci\u00f3n popular.<\/p>\n\n\n\n<p>Este \u00f3rgano tendr\u00e1 a su cargo la&nbsp;<strong>redacci\u00f3n de un anteproyecto<\/strong>&nbsp;que \u00abservir\u00e1 de base para la discusi\u00f3n y redacci\u00f3n del nuevo texto constitucional\u00bb, detalla la reforma que agrega que las decisiones de la Comisi\u00f3n se tomar\u00e1n por un&nbsp;<strong>qu\u00f3rum de 3\/5<\/strong>&nbsp;de sus miembros.<\/p>\n\n\n\n<p>La Comisi\u00f3n iniciar\u00e1 sus funciones en<strong>&nbsp;enero del 2023<\/strong>&nbsp;y se incorporar\u00e1 al Consejo Constitucional, pudiendo<strong>&nbsp;sus integrantes hacer uso de la palabra en todas las instancias<\/strong>.<\/p>\n\n\n\n<p>Luego de que los consejeros realicen la propuesta de nueva Constituci\u00f3n y previo al trabajo de armonizaci\u00f3n, el Comit\u00e9 de Expertos entregar\u00e1 un&nbsp;<strong>informe al Consejo Constitucional&nbsp;<\/strong>donde \u00abpodr\u00e1&nbsp;<strong>formular propuestas que mejoren la redacci\u00f3n y comprensi\u00f3n de normas del texto\u00bb<\/strong>.<\/p>\n\n\n\n<p>Estas mejoras, agrega el proyecto, deber\u00e1n ser conocidas por el Consejo Constitucional y deber\u00e1n ser aprobada con el&nbsp;<strong>qu\u00f3rum de 3\/5<\/strong>&nbsp;de sus miembros en ejercicio. Por el contrario, las propuestas de normas&nbsp;<strong>se entender\u00e1n rechazadas cada una por las 2\/3 partes<\/strong>&nbsp;de los miembros en ejercicio.<\/p>\n\n\n\n<p>Todas aquellas propuestas que no se encuentran en alguna de las circunstancias anteriores, se resolver\u00e1n mediante una&nbsp;<strong>Comisi\u00f3n Mixta<\/strong>, compuesta por 12 personas,&nbsp;<strong>entre expertos y consejeros<\/strong>&nbsp;por partes iguales, que conocer\u00e1n de la controversia y que se resolver\u00e1 con el voto de las 3\/5 partes de dicha instancia. En caso de no lograr dicho qu\u00f3rum, la Comisi\u00f3n Experta, dentro del plazo de cinco d\u00edas, por 3\/5 partes de sus miembros, presentar\u00e1 una nueva propuesta al Consejo Constitucional para que se conforme a las reglas generales.<\/p>\n\n\n\n<p>Los integrantes de la comisi\u00f3n experta recibir\u00e1n una&nbsp;<strong>dieta mensual de 30 Unidades Tributarias Mensuales<\/strong>&nbsp;(1.834.710 pesos al valor de diciembre de 2022).<\/p>\n\n\n\n<h2 class=\"wp-block-heading\"><strong><em>COMIT\u00c9 T\u00c9CNICO DE ADMISIBILIDAD:<\/em><\/strong><\/h2>\n\n\n\n<p>Este \u00f3rgano estar\u00e1 compuesto por&nbsp;<strong>14 juristas de destacada trayectoria profesional y\/o acad\u00e9mica<\/strong>, que ser\u00e1n&nbsp;<strong>elegidas por el Senado<\/strong>&nbsp;en virtud de una&nbsp;<strong>propuesta \u00fanica que le formular\u00e1 la C\u00e1mara de Diputados y Diputadas<\/strong>. Ambas votaciones deber\u00e1n contar con el&nbsp;<strong>apoyo de 4\/7<\/strong>&nbsp;de los miembros en ejercicio.<\/p>\n\n\n\n<p>Para ser miembro de este comit\u00e9 se requerir\u00e1 tener el&nbsp;<strong>t\u00edtulo de abogado<\/strong>, con&nbsp;<strong>al menos 12 a\u00f1os de experiencia<\/strong>&nbsp;en el sector p\u00fablico o privado, y acreditar una&nbsp;<strong>destacada trayectoria judicial, profesional y\/o acad\u00e9mica<\/strong>.<\/p>\n\n\n\n<p>Este \u00f3rgano tendr\u00e1 a su cargo la&nbsp;<strong>revisi\u00f3n de las normas aprobadas en las distintas instancias<\/strong>&nbsp;que se presenten en la Comisi\u00f3n de Expertos y en el Consejo Constitucional, para&nbsp;<strong>determinar una eventual inadmisibilidad<\/strong>&nbsp;de \u00e9stas cuando sean contrarias a las bases institucionales.<\/p>\n\n\n\n<p>Los abogados podr\u00e1 pronunciarse ante el requerimiento de una quinta parte del Consejo Constitucional; o de dos quintas partes de la Comisi\u00f3n Experta, as\u00ed, el Comit\u00e9 resolver\u00e1 conociendo los antecedentes de derecho, aplicando las bases constitucionales, conforme a las normas e interpretaci\u00f3n constitucional.<\/p>\n\n\n\n<p><strong>En caso de acogerse la inadmisibilidad, la norma impugnada no podr\u00e1 incorporarse en el texto constitucional.<\/strong>&nbsp;En caso de que la vulneraci\u00f3n consista en la omisi\u00f3n de alguna de las bases institucionales, y previo requerimiento, el Comit\u00e9 de Admisibilidad le instruir\u00e1 a la Comisi\u00f3n Experta la redacci\u00f3n de una propuesta, la que ser\u00e1 deliberada por el Consejo Constitucional conforme a las reglas generales.<\/p>\n\n\n\n<p>Los integrantes del Comit\u00e9 t\u00e9cnico de admisibilidad percibir\u00e1n una retribuci\u00f3n equivalente a&nbsp;<strong>10 Unidades Tributarias Mensuales (611.570 pesos al valor de diciembre de 2022) por sesi\u00f3n celebrada<\/strong>, con un tope de 30 unidades tributarias mensuales durante el mes.<\/p>\n\n\n\n<p><\/p>\n\n\n\n<p>V\u00eda: <a href=\"https:\/\/www.cooperativa.cl\/noticias\/pais\/politica\/constitucion\/que-son-el-consejo-constitucional-la-comision-de-expertos-y-el-comite\/2022-12-21\/185447.html\">Cooperativa<\/a><\/p>\n\n\n\n<p><\/p>\n\n\n\n<p><\/p>\n","protected":false},"excerpt":{"rendered":"<p>El Congreso present\u00f3 este mi\u00e9rcoles el proyecto que establece la elecci\u00f3n de los consejeros para el pr\u00f3ximo 14 de mayo. Todos los integrantes del proceso constituyente recibir\u00e1n una dieta mensual. El nuevo proceso constituyente propuesto por el Congreso,&nbsp;presentado este mi\u00e9rcoles, establece que la redacci\u00f3n de la nueva carta magna estar\u00e1 a cargo del&nbsp;Consejo Constitucional&nbsp;bajo la [&hellip;]<\/p>\n","protected":false},"author":1,"featured_media":9718,"comment_status":"closed","ping_status":"closed","sticky":false,"template":"","format":"standard","meta":{"footnotes":""},"categories":[16,2],"tags":[],"class_list":["post-9717","post","type-post","status-publish","format-standard","has-post-thumbnail","hentry","category-internet","category-portada"],"_links":{"self":[{"href":"https:\/\/ciudadliberal.cl\/index.php?rest_route=\/wp\/v2\/posts\/9717","targetHints":{"allow":["GET"]}}],"collection":[{"href":"https:\/\/ciudadliberal.cl\/index.php?rest_route=\/wp\/v2\/posts"}],"about":[{"href":"https:\/\/ciudadliberal.cl\/index.php?rest_route=\/wp\/v2\/types\/post"}],"author":[{"embeddable":true,"href":"https:\/\/ciudadliberal.cl\/index.php?rest_route=\/wp\/v2\/users\/1"}],"replies":[{"embeddable":true,"href":"https:\/\/ciudadliberal.cl\/index.php?rest_route=%2Fwp%2Fv2%2Fcomments&post=9717"}],"version-history":[{"count":1,"href":"https:\/\/ciudadliberal.cl\/index.php?rest_route=\/wp\/v2\/posts\/9717\/revisions"}],"predecessor-version":[{"id":9719,"href":"https:\/\/ciudadliberal.cl\/index.php?rest_route=\/wp\/v2\/posts\/9717\/revisions\/9719"}],"wp:featuredmedia":[{"embeddable":true,"href":"https:\/\/ciudadliberal.cl\/index.php?rest_route=\/wp\/v2\/media\/9718"}],"wp:attachment":[{"href":"https:\/\/ciudadliberal.cl\/index.php?rest_route=%2Fwp%2Fv2%2Fmedia&parent=9717"}],"wp:term":[{"taxonomy":"category","embeddable":true,"href":"https:\/\/ciudadliberal.cl\/index.php?rest_route=%2Fwp%2Fv2%2Fcategories&post=9717"},{"taxonomy":"post_tag","embeddable":true,"href":"https:\/\/ciudadliberal.cl\/index.php?rest_route=%2Fwp%2Fv2%2Ftags&post=9717"}],"curies":[{"name":"wp","href":"https:\/\/api.w.org\/{rel}","templated":true}]}}