{"id":9692,"date":"2022-12-13T08:00:05","date_gmt":"2022-12-13T12:00:05","guid":{"rendered":"https:\/\/ciudadliberal.cl\/?p=9692"},"modified":"2022-12-13T08:00:07","modified_gmt":"2022-12-13T12:00:07","slug":"luego-de-tres-meses-de-negociaciones-partidos-lograron-un-acuerdo-para-nuevo-proceso-constituyente","status":"publish","type":"post","link":"https:\/\/ciudadliberal.cl\/?p=9692","title":{"rendered":"Luego de tres meses de negociaciones, partidos lograron un acuerdo para nuevo proceso constituyente"},"content":{"rendered":"\n<p>Seg\u00fan ha trascendido, la nueva Carta Magna ser\u00e1 escrita por un \u00f3rgano llamado Consejo Constitucional, integrado por 50 personas electas por la ciudadan\u00eda y con el apoyo inicial de 24 expertos designados por el Congreso.<\/p>\n\n\n\n<p>\u00abNo puedo adelantar nada, pero s\u00ed les aseguro que ser\u00e1 un buen proceso para Chile\u00bb, dijo el diputado Ra\u00fal Soto (PPD) a la prensa.<\/p>\n\n\n\n<p>Luego del&nbsp;<a href=\"https:\/\/www.cooperativa.cl\/noticias\/pais\/politica\/constitucion\/no-hubo-acuerdo-constituyente-mesa-negociadora-retomara-dialogos-el\/2022-12-09\/223032.html\" target=\"_blank\" rel=\"noreferrer noopener\">fracaso de las negociaciones el pasado viernes<\/a>,<strong>&nbsp;los&nbsp;partidos pol\u00edticos con representaci\u00f3n parlamentaria lograron alcanzar este lunes un acuerdo para encausar el nuevo proceso constituyente<\/strong>, debate que se extendi\u00f3 por m\u00e1s de tres meses, tras&nbsp;el plebiscito de salida en que la ciudadan\u00eda rechaz\u00f3 la propuesta emanada por la Convenci\u00f3n Constitucional.<\/p>\n\n\n\n<p>En la sede del Congreso en Santiago, oficialismo y oposici\u00f3n pudieron ponerse de acuerdo con respecto al \u00f3rgano que se encargar\u00e1 de redactar la nueva Carta Magna,&nbsp;<strong>el principal nudo de las tratativas,&nbsp;lo cual ser\u00e1 anunciado y detallado oficialmente esta tarde.&nbsp;<\/strong><\/p>\n\n\n\n<p>El grupo duro de las negociaciones sigue dentro del antiguo edificio perfilando los \u00faltimos detalles del contenido y redactando el acuerdo.&nbsp;<\/p>\n\n\n\n<p>Seg\u00fan ha trascendido, la nueva ley fundamental ser\u00e1 escrita por&nbsp;<strong>un \u00f3rgano llamado Consejo Constitucional,<\/strong><strong>&nbsp;integrado por 50 personas electas por la ciudadan\u00eda con las mismas reglas que el Senado y con el apoyo inicial de 24 expertos designados por el Congreso:&nbsp;12 seleccionados por la C\u00e1mara de Diputadas y Diputados y los otros 12 por la C\u00e1mara Alta.<\/strong><\/p>\n\n\n\n<p>As\u00ed, los consejeros constituyentes elegidos en las urnas trabajar\u00edan sobre la base de un anteproyecto elaborado por los expertos, que no ser\u00eda vinculante para los primeros.&nbsp;<\/p>\n\n\n\n<p><strong>\u00abNo puedo adelantar nada, pero s\u00ed les aseguro que ser\u00e1 un buen proceso para Chile\u00bb<\/strong>, dijo el diputado&nbsp;<strong>Ra\u00fal Soto<\/strong>&nbsp;(PPD) a la prensa.<\/p>\n\n\n\n<p>El diputado<strong>&nbsp;Eric Aedo<\/strong>, jefe de la bancada de la DC, adelant\u00f3 que&nbsp;<strong>\u00abestamos tratando de ajustar todos los tiempos para que este proceso ojal\u00e1 est\u00e9 finalizado en diciembre del pr\u00f3ximo a\u00f1o\u00bb.<\/strong><\/p>\n\n\n\n<p>Consultado si el acuerdo contempla elecciones de convencionales en abril, Aedo se\u00f1al\u00f3 que \u00abesa es una idea, pero no podemos casarnos con una fecha, porque ahora entra el Servel, una vez que se ratifique\u00bb el acuerdo.<\/p>\n\n\n\n<p>La composici\u00f3n del \u00f3rgano segu\u00eda siendo el \u00faltimo y gran nudo que hab\u00eda impedido, hasta ahora, dar luz verde al esperado acuerdo. El oficialismo manten\u00eda su postura sobre uno 100% electo, mientras la oposici\u00f3n, por uno mixto entre integrantes elegidos por la ciudadan\u00eda y expertos designados. En ese marco, una discrepancia relevante que aparec\u00eda era la incidencia que tendr\u00e1n esos especialistas.<\/p>\n\n\n\n<p>La noche del domingo, en entrevista con Tolerancia Cero (<em>CNN Chile<\/em>), la ministra del Interior,<strong>&nbsp;Carolina Toh\u00e1<\/strong>&nbsp;(PPD), plante\u00f3 que&nbsp;<a href=\"https:\/\/www.cooperativa.cl\/noticias\/pais\/politica\/constitucion\/toha-si-los-expertos-son-una-formula-tan-magica-por-que-no\/2022-12-11\/234551.html\" target=\"_blank\" rel=\"noreferrer noopener\"><strong>\u00absi expertos es una f\u00f3rmula tan m\u00e1gica, entonces, \u00bfpor qu\u00e9 no reemplazamos al Congreso por un consejo de expertos?<\/strong><\/a>&nbsp;\u00bfPor qu\u00e9 no remplazamos al Ejecutivo, que elige ese mismo pueblo del que tanto desconf\u00eda Amarillos, por, no s\u00e9, una licitaci\u00f3n del mejor experto?\u00bb.<\/p>\n\n\n\n<p>Este lunes, en tanto, la vocera de Gobierno,&nbsp;<strong>Camila Vallejo<\/strong>&nbsp;(PC), afirm\u00f3 que<a href=\"https:\/\/www.cooperativa.cl\/noticias\/pais\/politica\/constitucion\/vallejo-y-expertos-en-el-proceso-constituyente-seria-un-error-pensar\/2022-12-12\/160149.html\" target=\"_blank\" rel=\"noreferrer noopener\">&nbsp;<strong>\u00abser\u00eda un error pensar que las y los expertos podr\u00edan hacer magia<\/strong><\/a>&nbsp;o podr\u00edan reemplazar lo que le corresponde determinar a la ciudadan\u00eda\u00bb.<\/p>\n\n\n\n<p>La m\u00e1s reciente&nbsp;<a href=\"https:\/\/www.cooperativa.cl\/noticias\/pais\/politica\/constitucion\/cadem-67-cree-que-chile-necesita-una-nueva-constitucion-y-59-prefiere\/2022-12-11\/205300.html\" target=\"_blank\" rel=\"noreferrer noopener\">Encuesta Plaza P\u00fablica Cadem<\/a>, difundida ayer, indic\u00f3 que&nbsp;<strong>un 59% de los chilenos cree que un \u00f3rgano mixto -expertos y electos- es el mejor mecanismo para redactar la nueva Constituci\u00f3n<\/strong>, mientras que un 37% prefiere un \u00f3rgano 100% electo y un 4% no sabe o no responde.<\/p>\n\n\n\n<h2 class=\"wp-block-heading\"><em><strong>\u00abACUERDO POR CHILE\u00bb<\/strong><\/em><\/h2>\n\n\n\n<p>Este acuerdo fue destacado por el presidente del Senado,&nbsp;<strong>\u00c1lvaro Elizalde (PS)<\/strong>, quien se\u00f1al\u00f3 previo a detallar el informe que lo primordial es lograr un \u00abproceso constituyente exitoso, para que&nbsp;<strong>la Constituci\u00f3n sea un factor de unidad en un marco constitucional del que todos nos sintamos orgullosos y del que todos seamos parte<\/strong>, pero la tarea reci\u00e9n comienza\u00bb.<\/p>\n\n\n\n<p>\u00ab<strong>Tenemos que aprender con mucha humildad de las lecciones de nuestra historia<\/strong>,&nbsp;<strong>no solo las del pasado reciente<\/strong>, y por ello se ha suscrito esta noche un acuerdo por Chile con un n\u00famero significativo de fuerzas con representaci\u00f3n parlamentaria que habilita el proceso constituyente que demanda la ciudadan\u00eda, un proceso democr\u00e1tico con un rol protag\u00f3nico como corresponde al pueblo de Chile\u00bb, puntualiz\u00f3 el parlamentario.<\/p>\n\n\n\n<p>\u00abQuiero agradecer la responsabilidad con la que han participado todos los actores que han formado parte de este di\u00e1logo. Hubo en este tiempo momentos de tensi\u00f3n, pero jam\u00e1s perdimos la esperanza de que este acuerdo fuera posible.&nbsp;<strong>Lo m\u00e1s importante es que nunca nadie se retir\u00f3 de las conversaciones y se ha suscrito un acuerdo<\/strong>\u00ab, profundiz\u00f3 Elizalde.<\/p>\n\n\n\n<p>Finalmente, destac\u00f3 que \u00ab<strong>hoy reci\u00e9n se inicia un nuevo camino para avanzar hacia una Constituci\u00f3n nacida en democracia<\/strong>. Es una oportunidad para Chile que depende de todas y todos nosotros, por eso el llamado que hacemos es actuar con responsabilidad para forjar un mejor futuro para nuestra patria\u00bb.<\/p>\n\n\n\n<p>Por su parte, el presidente de la C\u00e1mara Baja,&nbsp;<strong>Vlado Mirosevic<\/strong>, indic\u00f3 que quienes firmaron el acuerdo&nbsp;<strong>\u00ablo hacen desde la convicci\u00f3n de que es indispensable habilitar un proceso constituyente y tener una nueva Constituci\u00f3n para Chile<\/strong>\u00ab.<\/p>\n\n\n\n<p>\u00abEstamos conscientes de que hay urgencias sociales, econ\u00f3micas, de seguridad p\u00fablica, entre otros, as\u00ed como temas importantes como la modernizaci\u00f3n del Estado y la reforma del sistema pol\u00edtico a la que deben dedicarse tanto el Gobierno como las y los parlamentarios. Respecto de estos temas<strong>&nbsp;acordamos enfrentarlos en conjunto, en mesas de trabajo y propuestas concretas<\/strong>, c<strong>omprometiendo un \u00f3rgano constitucional a considerarlas<\/strong>\u00ab, dijo el l\u00edder de los diputados.<\/p>\n\n\n\n<p>Adem\u00e1s, se\u00f1al\u00f3 que \u00ab<strong>discutir y escribir una nueva Constituci\u00f3n hoy es importante e indispensable<\/strong>\u00a0y requiere un nivel de profesionalismo de contar con expertos y expertas. Asimismo, debe hacerla un \u00f3rgano distinto al Congreso, con dedicaci\u00f3n exclusiva para su tarea\u00bb.<\/p>\n\n\n\n<p><\/p>\n\n\n\n<p>V\u00eda: <a href=\"https:\/\/www.cooperativa.cl\/noticias\/pais\/politica\/constitucion\/luego-de-tres-meses-de-negociaciones-partidos-lograron-un-acuerdo-para\/2022-12-12\/181606.html\">Cooperativa<\/a><\/p>\n","protected":false},"excerpt":{"rendered":"<p>Seg\u00fan ha trascendido, la nueva Carta Magna ser\u00e1 escrita por un \u00f3rgano llamado Consejo Constitucional, integrado por 50 personas electas por la ciudadan\u00eda y con el apoyo inicial de 24 expertos designados por el Congreso. \u00abNo puedo adelantar nada, pero s\u00ed les aseguro que ser\u00e1 un buen proceso para Chile\u00bb, dijo el diputado Ra\u00fal Soto [&hellip;]<\/p>\n","protected":false},"author":1,"featured_media":9693,"comment_status":"closed","ping_status":"closed","sticky":false,"template":"","format":"standard","meta":{"footnotes":""},"categories":[16,2],"tags":[],"class_list":["post-9692","post","type-post","status-publish","format-standard","has-post-thumbnail","hentry","category-internet","category-portada"],"_links":{"self":[{"href":"https:\/\/ciudadliberal.cl\/index.php?rest_route=\/wp\/v2\/posts\/9692","targetHints":{"allow":["GET"]}}],"collection":[{"href":"https:\/\/ciudadliberal.cl\/index.php?rest_route=\/wp\/v2\/posts"}],"about":[{"href":"https:\/\/ciudadliberal.cl\/index.php?rest_route=\/wp\/v2\/types\/post"}],"author":[{"embeddable":true,"href":"https:\/\/ciudadliberal.cl\/index.php?rest_route=\/wp\/v2\/users\/1"}],"replies":[{"embeddable":true,"href":"https:\/\/ciudadliberal.cl\/index.php?rest_route=%2Fwp%2Fv2%2Fcomments&post=9692"}],"version-history":[{"count":1,"href":"https:\/\/ciudadliberal.cl\/index.php?rest_route=\/wp\/v2\/posts\/9692\/revisions"}],"predecessor-version":[{"id":9694,"href":"https:\/\/ciudadliberal.cl\/index.php?rest_route=\/wp\/v2\/posts\/9692\/revisions\/9694"}],"wp:featuredmedia":[{"embeddable":true,"href":"https:\/\/ciudadliberal.cl\/index.php?rest_route=\/wp\/v2\/media\/9693"}],"wp:attachment":[{"href":"https:\/\/ciudadliberal.cl\/index.php?rest_route=%2Fwp%2Fv2%2Fmedia&parent=9692"}],"wp:term":[{"taxonomy":"category","embeddable":true,"href":"https:\/\/ciudadliberal.cl\/index.php?rest_route=%2Fwp%2Fv2%2Fcategories&post=9692"},{"taxonomy":"post_tag","embeddable":true,"href":"https:\/\/ciudadliberal.cl\/index.php?rest_route=%2Fwp%2Fv2%2Ftags&post=9692"}],"curies":[{"name":"wp","href":"https:\/\/api.w.org\/{rel}","templated":true}]}}