{"id":9655,"date":"2022-11-28T09:01:18","date_gmt":"2022-11-28T13:01:18","guid":{"rendered":"https:\/\/ciudadliberal.cl\/?p=9655"},"modified":"2022-11-28T09:01:20","modified_gmt":"2022-11-28T13:01:20","slug":"un-71-de-los-encuestados-cree-que-es-poco-probable-que-se-llegue-a-un-acuerdo-constitucional-el-2022","status":"publish","type":"post","link":"https:\/\/ciudadliberal.cl\/?p=9655","title":{"rendered":"Un 71% de los encuestados cree que es poco probable que se llegue a un acuerdo constitucional el 2022"},"content":{"rendered":"\n<p>Seg\u00fan Plaza P\u00fablica Cadem, un 64% de los sondeados dijo que es necesaria una nueva Carta Magna, lo que representa una baja de dos puntos en comparaci\u00f3n a la medici\u00f3n anterior.<\/p>\n\n\n\n<p>Sobre el plazo, un 62% apunto a que la nueva Constituci\u00f3n sea escrita en seis meses por 100 convencionales (48%).<\/p>\n\n\n\n<p><strong>Un 71% de las personas sondeadas<\/strong>&nbsp;en la encuesta&nbsp;<a href=\"https:\/\/cadem.cl\/estudios\/plaza-publica-463-71-cree-que-es-poco-o-nada-probable-que-el-congreso-llegue-a-un-acuerdo-constitucional-antes-de-fin-de-ano\/\">Plaza P\u00fablica Cadem<\/a>&nbsp;<strong>cree que es \u00abpoco o nada probable\u00bb que el Congreso logre llegar a un acuerdo antes de fin de a\u00f1o<\/strong>&nbsp;sobre c\u00f3mo debe continuar el&nbsp;<strong>proceso constituyente<\/strong>, esto a casi tres meses del plebiscito de salida.<\/p>\n\n\n\n<p>Por su parte, el<strong>\u00a019% cree que es \u00abalgo probable\u00bb que se logre un acuerdo<\/strong>\u00a0tras los di\u00e1logos constituyentes llevados a cabo por los partidos pol\u00edticos con representaci\u00f3n parlamentaria y, por debajo, un 10% cree que es \u00abmuy o bastante probable\u00bb que se alcance.<\/p>\n\n\n\n<p><\/p>\n\n\n<blockquote class=\"twitter-tweet\">\n<p lang=\"es\" dir=\"ltr\"><a href=\"https:\/\/twitter.com\/hashtag\/Cadem?src=hash&amp;ref_src=twsrc%5Etfw\">#Cadem<\/a> 71% cree que es poco o nada probable que el Congreso llegue a un <a href=\"https:\/\/twitter.com\/hashtag\/AcuerdoConstitucional?src=hash&amp;ref_src=twsrc%5Etfw\">#AcuerdoConstitucional<\/a> antes de fin de a\u00f1o.<a href=\"https:\/\/twitter.com\/hashtag\/PlazaP%C3%BAblica?src=hash&amp;ref_src=twsrc%5Etfw\">#PlazaP\u00fablica<\/a> <a href=\"https:\/\/twitter.com\/hashtag\/Encuestas?src=hash&amp;ref_src=twsrc%5Etfw\">#Encuestas<\/a> <a href=\"https:\/\/t.co\/raj5pTAc10\">pic.twitter.com\/raj5pTAc10<\/a><\/p>\n<p>&mdash; Cadem_cl (@Cadem_cl) <a href=\"https:\/\/twitter.com\/Cadem_cl\/status\/1597009876487753734?ref_src=twsrc%5Etfw\">November 27, 2022<\/a><\/p><\/blockquote>\n<p> <script async src=\"https:\/\/platform.twitter.com\/widgets.js\" charset=\"utf-8\"><\/script><\/p>\n\n\n\n<p>Esto va en la l\u00ednea de lo planteado por los propios parlamentarios, quienes pusieron en duda la posibilidad de alcanzar un acuerdo antes de que finalice noviembre -plazo que apostaba el oficialismo- y&nbsp;<a href=\"https:\/\/www.cooperativa.cl\/noticias\/pais\/politica\/constitucion\/presidente-de-convergencia-social-mas-que-conclave-tenemos-que\/2022-11-26\/133246.html\">que ha derivado en ideas, como por ejemplo, un c\u00f3nclave para coincidir en una posici\u00f3n<\/a>&nbsp;respecto al mecanismo para redactar la nueva Constituci\u00f3n.&nbsp;<\/p>\n\n\n\n<p>A su vez, un&nbsp;<strong>64% dijo estar de acuerdo en que es necesaria una nueva Carta Magna<\/strong>, lo que representa una baja de dos puntos en comparaci\u00f3n a la medici\u00f3n anterior, y un 34% piensa que no es necesario.&nbsp;<\/p>\n\n\n\n<p>En tanto, un&nbsp;<strong>44% de los encuestados dijo que el Congreso debe \u00abactuar con urgencia<\/strong>&nbsp;y llegar a un acuerdo antes de fin de a\u00f1o\u00bb, frente a un&nbsp;<strong>28% que se\u00f1al\u00f3 que el Parlamento deber\u00eda de \u00abpreocuparse de otros temas<\/strong>&nbsp;y que el proceso constitucional no es prioridad\u00bb.<\/p>\n\n\n\n<p>Sin embargo, otro 27% de las personas manifest\u00f3 que, aunque el Congreso deber\u00eda mantener la elaboraci\u00f3n de una nueva Constituci\u00f3n como un asunto prioritario,&nbsp;<strong>el tema bien podr\u00eda quedar pendiente para el pr\u00f3ximo a\u00f1o<\/strong>.<\/p>\n\n\n\n<h2 class=\"wp-block-heading\"><em><strong>PLAZOS Y COMPOSICI\u00d3N<\/strong><\/em><\/h2>\n\n\n\n<p>En el sondeo se consult\u00f3 que, si se acuerda la necesidad de tener una nueva Convenci\u00f3n Constituyente, cu\u00e1l es el tiempo necesario para redactar una nueva propuesta: un\u00a0<strong>62% de los encuestados dijo que sean seis meses<\/strong>; mientras un 36% apunta a los mismos 12 meses vistos anteriormente.\u00a0<\/p>\n\n\n<blockquote class=\"twitter-tweet\">\n<p lang=\"es\" dir=\"ltr\"><a href=\"https:\/\/twitter.com\/hashtag\/Cadem?src=hash&amp;ref_src=twsrc%5Etfw\">#Cadem<\/a> 62% es de la idea que, si se acuerda crear una nueva convenci\u00f3n, su trabajo para alcanzar una nueva propuesta constitucional no dure m\u00e1s de 6 meses.<a href=\"https:\/\/twitter.com\/hashtag\/PlazaP%C3%BAblica?src=hash&amp;ref_src=twsrc%5Etfw\">#PlazaP\u00fablica<\/a> <a href=\"https:\/\/twitter.com\/hashtag\/Encuestas?src=hash&amp;ref_src=twsrc%5Etfw\">#Encuestas<\/a> <a href=\"https:\/\/t.co\/HV27rvGGZE\">pic.twitter.com\/HV27rvGGZE<\/a><\/p>\n<p>&mdash; Cadem_cl (@Cadem_cl) <a href=\"https:\/\/twitter.com\/Cadem_cl\/status\/1597012393128652801?ref_src=twsrc%5Etfw\">November 27, 2022<\/a><\/p><\/blockquote>\n<p> <script async src=\"https:\/\/platform.twitter.com\/widgets.js\" charset=\"utf-8\"><\/script><\/p>\n\n\n\n<p><\/p>\n\n\n\n<p>Sobre la cantidad de convencionales, el&nbsp;<strong>44% respondi\u00f3 que sea m\u00e1s peque\u00f1a<\/strong>&nbsp;(de 100 miembros); un 38% apunta a replicar al Senado (con 50 constituyentes) y, m\u00e1s por debajo, un 17% indica que se mantenga la misma cantidad de convencionales (es decir, 155, replicando a la C\u00e1mara Baja).&nbsp;<\/p>\n\n\n\n<p>Acerca de la eventual inclusi\u00f3n de expertos en el \u00f3rgano redactor y ante la pregunta de c\u00f3mo se deber\u00edan elegir,\u00a0<strong>un 53% contest\u00f3 que en elecciones abiertas<\/strong>;\u00a0<strong>un 20%, que deber\u00edan ser escogidos por el Congreso<\/strong>; un 17%, por un consejo de distintas autoridades del pa\u00eds nombrado por el Parlamento, y un 8%, por el Gobierno.<\/p>\n\n\n\n<p><\/p>\n\n\n\n<p>V\u00eda: <a href=\"https:\/\/www.cooperativa.cl\/noticias\/pais\/politica\/constitucion\/un-71-de-los-encuestados-cree-que-es-poco-probable-que-se-llegue-a-un\/2022-11-27\/234056.html\">Cooperativa<\/a><\/p>\n","protected":false},"excerpt":{"rendered":"<p>Seg\u00fan Plaza P\u00fablica Cadem, un 64% de los sondeados dijo que es necesaria una nueva Carta Magna, lo que representa una baja de dos puntos en comparaci\u00f3n a la medici\u00f3n anterior. Sobre el plazo, un 62% apunto a que la nueva Constituci\u00f3n sea escrita en seis meses por 100 convencionales (48%). Un 71% de las [&hellip;]<\/p>\n","protected":false},"author":1,"featured_media":9656,"comment_status":"closed","ping_status":"closed","sticky":false,"template":"","format":"standard","meta":{"footnotes":""},"categories":[16,2],"tags":[],"class_list":["post-9655","post","type-post","status-publish","format-standard","has-post-thumbnail","hentry","category-internet","category-portada"],"_links":{"self":[{"href":"https:\/\/ciudadliberal.cl\/index.php?rest_route=\/wp\/v2\/posts\/9655","targetHints":{"allow":["GET"]}}],"collection":[{"href":"https:\/\/ciudadliberal.cl\/index.php?rest_route=\/wp\/v2\/posts"}],"about":[{"href":"https:\/\/ciudadliberal.cl\/index.php?rest_route=\/wp\/v2\/types\/post"}],"author":[{"embeddable":true,"href":"https:\/\/ciudadliberal.cl\/index.php?rest_route=\/wp\/v2\/users\/1"}],"replies":[{"embeddable":true,"href":"https:\/\/ciudadliberal.cl\/index.php?rest_route=%2Fwp%2Fv2%2Fcomments&post=9655"}],"version-history":[{"count":1,"href":"https:\/\/ciudadliberal.cl\/index.php?rest_route=\/wp\/v2\/posts\/9655\/revisions"}],"predecessor-version":[{"id":9657,"href":"https:\/\/ciudadliberal.cl\/index.php?rest_route=\/wp\/v2\/posts\/9655\/revisions\/9657"}],"wp:featuredmedia":[{"embeddable":true,"href":"https:\/\/ciudadliberal.cl\/index.php?rest_route=\/wp\/v2\/media\/9656"}],"wp:attachment":[{"href":"https:\/\/ciudadliberal.cl\/index.php?rest_route=%2Fwp%2Fv2%2Fmedia&parent=9655"}],"wp:term":[{"taxonomy":"category","embeddable":true,"href":"https:\/\/ciudadliberal.cl\/index.php?rest_route=%2Fwp%2Fv2%2Fcategories&post=9655"},{"taxonomy":"post_tag","embeddable":true,"href":"https:\/\/ciudadliberal.cl\/index.php?rest_route=%2Fwp%2Fv2%2Ftags&post=9655"}],"curies":[{"name":"wp","href":"https:\/\/api.w.org\/{rel}","templated":true}]}}