{"id":9649,"date":"2022-11-17T09:31:50","date_gmt":"2022-11-17T13:31:50","guid":{"rendered":"https:\/\/ciudadliberal.cl\/?p=9649"},"modified":"2022-11-17T09:31:52","modified_gmt":"2022-11-17T13:31:52","slug":"cop27-apunta-a-la-eliminacion-de-subsidios-fosiles-acorde-a-la-situacion-de-cada-pais","status":"publish","type":"post","link":"https:\/\/ciudadliberal.cl\/?p=9649","title":{"rendered":"COP27 apunta a la eliminaci\u00f3n de subsidios f\u00f3siles acorde a la situaci\u00f3n de cada pa\u00eds"},"content":{"rendered":"\n<p>El documento con las decisiones finales de la cumbre expresa la preocupaci\u00f3n por la repercusi\u00f3n que est\u00e1 teniendo la crisis energ\u00e9tica derivada de la guerra en Ucrania.<\/p>\n\n\n\n<p>Adem\u00e1s, enfatiza la importancia de elevar la proporci\u00f3n de energ\u00eda renovable en el mix energ\u00e9tico \u00aba todos los niveles\u00bb como parte de la diversificaci\u00f3n de los sistemas de energ\u00eda.<\/p>\n\n\n\n<p>La presidencia de la<strong>&nbsp;COP27<\/strong>&nbsp;ha remitido a las partes un documento con los&nbsp;<a href=\"https:\/\/www.cooperativa.cl\/noticias\/sociedad\/medioambiente\/clima\/presidencia-de-cop27-reconoce-pocos-avances-y-urge-a-un-cambio-de-marcha\/2022-11-14\/074038.html\">principales puntos de la que ser\u00e1 la decisi\u00f3n final de la cumbre<\/a>, entre los que figura la&nbsp;<strong>eliminaci\u00f3n progresiva y racionalizada de las subvenciones ineficientes a los combustibles f\u00f3siles<\/strong>, \u00aben consonancia con las circunstancias nacionales\u00bb.<\/p>\n\n\n\n<p>El documento expresa la preocupaci\u00f3n por la repercusi\u00f3n que est\u00e1 teniendo la crisis energ\u00e9tica derivada de la guerra en Ucrania en las promesas y compromisos adquiridos en materia de transici\u00f3n energ\u00e9tica, y subraya la importancia de evitar un retroceso en las relacionadas con acci\u00f3n y apoyo.<\/p>\n\n\n\n<p>As\u00ed, en el texto se subraya la<strong>&nbsp;importancia de elevar la proporci\u00f3n de energ\u00eda renovable en el mix energ\u00e9tico \u00aba todos los niveles\u00bb<\/strong>&nbsp;como parte de la diversificaci\u00f3n de los sistemas de energ\u00eda.<\/p>\n\n\n\n<p>Adem\u00e1s, alienta a mantener el esfuerzo para acelerar las medidas hacia la&nbsp;<strong>reducci\u00f3n progresiva de la producci\u00f3n de energ\u00eda en centrales de carb\u00f3n<\/strong>&nbsp;sin sistemas de captura de CO2, y \u00abla&nbsp;<strong>eliminaci\u00f3n gradual y racionalizaci\u00f3n de los subvenciones ineficientes a los combustibles f\u00f3siles<\/strong>, en consonancia con las circunstancias nacionales y reconociendo la necesidad de apoyar el desarrollo de renovables\u00bb.<\/p>\n\n\n\n<p>Esta redacci\u00f3n introduce los matices de \u00abracionalizaci\u00f3n\u00bb y \u00aben consonancia con las circunstancias nacionales\u00bb respecto a la cumbre de Glasgow (COP26), en cuyo acuerdo final qued\u00f3 recogido, por primera vez, reducir la energ\u00eda con carb\u00f3n y eliminar progresivamente las subvenciones a los combustibles f\u00f3siles (como, por ejemplo, petr\u00f3leo, gas natural o carburantes).<\/p>\n\n\n\n<h2 class=\"wp-block-heading\"><em><strong>RAPIDEZ EN LA IMPLEMENTACI\u00d3N Y M\u00c1S TECNOLOG\u00cdA<\/strong><\/em><\/h2>\n\n\n\n<p>La crisis energ\u00e9tica mundial sin procedentes, a\u00f1ade el texto, pone de manifiesto la&nbsp;<strong>necesidad urgente de transformar r\u00e1pidamente los sistemas energ\u00e9ticos<\/strong>&nbsp;para que sean m\u00e1s seguros, fiables y resistentes, as\u00ed como de acelerar una transici\u00f3n \u00ablimpia y justa\u00bb durante esta d\u00e9cada \u00abcr\u00edtica\u00bb de acci\u00f3n.<\/p>\n\n\n\n<p>Cumplir con el objetivo de una econom\u00eda cero emisiones netas en 2050 requiere del despliegue inmediato y&nbsp;<strong>masivo de \u00abtodas las tecnolog\u00edas energ\u00e9ticas limpias y eficientes disponibles<\/strong>\u00ab, lo que exige el aumento de la energ\u00eda solar y e\u00f3lica durante esta d\u00e9cada, seg\u00fan la misma fuente.<\/p>\n\n\n\n<p>Desde enero de 2020, 166 naciones, responsables del 91 % de las emisiones mundiales, han presentado o actualizado sus compromisos nacionales para su reducci\u00f3n (NDC, por sus siglas en ingl\u00e9s), seg\u00fan el documento.<\/p>\n\n\n\n<p>Sin embargo, hay una \u00abgrave preocupaci\u00f3n\u00bb por la\u00a0<strong>brecha existente entre el efecto agregado de las promesas de mitigaci\u00f3n<\/strong>\u00a0de las partes en t\u00e9rminos de emisiones anuales globales\u00a0<strong>y las v\u00edas de emisi\u00f3n<\/strong>\u00a0agregadas coherentes con el objetivo de temperatura del Acuerdo de Par\u00eds de limitar el calentamiento global a 1,5\u00b0C.<\/p>\n\n\n\n<p><\/p>\n\n\n\n<p>V\u00eda: <a href=\"https:\/\/www.cooperativa.cl\/noticias\/sociedad\/medioambiente\/clima\/cop27-apunta-a-la-eliminacion-de-subsidios-fosiles-acorde-a-la-situacion\/2022-11-17\/100754.html\">Cooperativa<\/a><\/p>\n","protected":false},"excerpt":{"rendered":"<p>El documento con las decisiones finales de la cumbre expresa la preocupaci\u00f3n por la repercusi\u00f3n que est\u00e1 teniendo la crisis energ\u00e9tica derivada de la guerra en Ucrania. Adem\u00e1s, enfatiza la importancia de elevar la proporci\u00f3n de energ\u00eda renovable en el mix energ\u00e9tico \u00aba todos los niveles\u00bb como parte de la diversificaci\u00f3n de los sistemas de [&hellip;]<\/p>\n","protected":false},"author":1,"featured_media":9650,"comment_status":"closed","ping_status":"closed","sticky":false,"template":"","format":"standard","meta":{"footnotes":""},"categories":[14,2],"tags":[],"class_list":["post-9649","post","type-post","status-publish","format-standard","has-post-thumbnail","hentry","category-entertainment","category-portada"],"_links":{"self":[{"href":"https:\/\/ciudadliberal.cl\/index.php?rest_route=\/wp\/v2\/posts\/9649","targetHints":{"allow":["GET"]}}],"collection":[{"href":"https:\/\/ciudadliberal.cl\/index.php?rest_route=\/wp\/v2\/posts"}],"about":[{"href":"https:\/\/ciudadliberal.cl\/index.php?rest_route=\/wp\/v2\/types\/post"}],"author":[{"embeddable":true,"href":"https:\/\/ciudadliberal.cl\/index.php?rest_route=\/wp\/v2\/users\/1"}],"replies":[{"embeddable":true,"href":"https:\/\/ciudadliberal.cl\/index.php?rest_route=%2Fwp%2Fv2%2Fcomments&post=9649"}],"version-history":[{"count":1,"href":"https:\/\/ciudadliberal.cl\/index.php?rest_route=\/wp\/v2\/posts\/9649\/revisions"}],"predecessor-version":[{"id":9651,"href":"https:\/\/ciudadliberal.cl\/index.php?rest_route=\/wp\/v2\/posts\/9649\/revisions\/9651"}],"wp:featuredmedia":[{"embeddable":true,"href":"https:\/\/ciudadliberal.cl\/index.php?rest_route=\/wp\/v2\/media\/9650"}],"wp:attachment":[{"href":"https:\/\/ciudadliberal.cl\/index.php?rest_route=%2Fwp%2Fv2%2Fmedia&parent=9649"}],"wp:term":[{"taxonomy":"category","embeddable":true,"href":"https:\/\/ciudadliberal.cl\/index.php?rest_route=%2Fwp%2Fv2%2Fcategories&post=9649"},{"taxonomy":"post_tag","embeddable":true,"href":"https:\/\/ciudadliberal.cl\/index.php?rest_route=%2Fwp%2Fv2%2Ftags&post=9649"}],"curies":[{"name":"wp","href":"https:\/\/api.w.org\/{rel}","templated":true}]}}