{"id":9646,"date":"2022-11-17T09:20:37","date_gmt":"2022-11-17T13:20:37","guid":{"rendered":"https:\/\/ciudadliberal.cl\/?p=9646"},"modified":"2022-11-17T09:20:39","modified_gmt":"2022-11-17T13:20:39","slug":"onu-misil-en-polonia-ilustra-el-riesgo-de-escalada-de-la-guerra","status":"publish","type":"post","link":"https:\/\/ciudadliberal.cl\/?p=9646","title":{"rendered":"ONU: misil en Polonia ilustra el riesgo de escalada de la guerra"},"content":{"rendered":"\n<p>Rosemary DiCarlo hizo un llamado ante el Consejo de Seguridad de la ONU para que se busque impedir una escalada b\u00e9lica.<\/p>\n\n\n\n<p><\/p>\n\n\n\n<p>La jefa de Asuntos Pol\u00edticos de la Organizaci\u00f3n de&nbsp;<a href=\"https:\/\/www.dw.com\/es\/onu\/t-17409613\">Naciones Unidas<\/a>&nbsp;(ONU), Rosemary DiCarlo, asegur\u00f3 este mi\u00e9rcoles (16.11.2022) que&nbsp;<a href=\"https:\/\/www.dw.com\/es\/alarma-y-desescalada-tras-el-impacto-de-un-misil-en-polonia\/a-63783574\">el misil que mat\u00f3 a dos personas<\/a>&nbsp;en territorio polaco -presuntamente lanzado por&nbsp;<a href=\"https:\/\/www.dw.com\/es\/ucrania\/t-36925922\">Ucrania<\/a>&nbsp;por error- ilustra los riesgos de una escalada \u00abpotencialmente catastr\u00f3fica\u00bb de la guerra.<\/p>\n\n\n\n<p>\u00abEl incidente de ayer en\u00a0<a href=\"https:\/\/www.dw.com\/es\/polonia\/t-37305561\">Polonia<\/a>, cerca de la frontera ucraniana, fue un estremecedor recordatorio de la necesidad absoluta de impedir una mayor escalada\u00bb, se\u00f1al\u00f3 DiCarlo ante el Consejo de Seguridad de la ONU. La diplom\u00e1tica advirti\u00f3 que, mientras la guerra contin\u00fae en Ucrania, el riesgo de que haya un contagio con posibles consecuencias catastr\u00f3ficas \u00absigue siendo demasiado real\u00bb.<\/p>\n\n\n<blockquote class=\"twitter-tweet\">\n<p lang=\"en\" dir=\"ltr\">There is only one way to stop the death, destruction and division in <a href=\"https:\/\/twitter.com\/hashtag\/Ukraine?src=hash&amp;ref_src=twsrc%5Etfw\">#Ukraine<\/a>: the war must end. And it must end in line with international law and the <a href=\"https:\/\/twitter.com\/UN?ref_src=twsrc%5Etfw\">@UN<\/a> Charter. My remarks to the Security Council today: <a href=\"https:\/\/t.co\/9D41MPIF46\">https:\/\/t.co\/9D41MPIF46<\/a> <a href=\"https:\/\/t.co\/51hb6VjcK6\">pic.twitter.com\/51hb6VjcK6<\/a><\/p>\n<p>&mdash; Rosemary A. DiCarlo (@DicarloRosemary) <a href=\"https:\/\/twitter.com\/DicarloRosemary\/status\/1592990455649951745?ref_src=twsrc%5Etfw\">November 16, 2022<\/a><\/p><\/blockquote>\n<p> <script async src=\"https:\/\/platform.twitter.com\/widgets.js\" charset=\"utf-8\"><\/script><\/p>\n\n\n\n<p>Por otra parte, la oleada de&nbsp;<a href=\"https:\/\/www.dw.com\/es\/rusia\/t-17410119\">ataques rusos<\/a>&nbsp;en los \u00faltimos d\u00edas fue calificada por Naciones Unidas como \u00abuno de los bombardeos m\u00e1s intensos\u00bb desde que comenz\u00f3 la guerra.<\/p>\n\n\n\n<p>Seg\u00fan DiCarlo, el impacto de esos ataques \u00abs\u00f3lo puede empeorar durante los pr\u00f3ximos meses de invierno\u00bb pues, entre otras cosas, los misiles, bombas y drones usados han da\u00f1ado 40 por ciento de la capacidad de generaci\u00f3n el\u00e9ctrica de Ucrania.<\/p>\n\n\n\n<p>Como resultado, destac\u00f3, la mayor parte de Kiev est\u00e1 ahora mismo sin corriente durante doce horas al d\u00eda. \u00abTengo que decirlo otra vez: los ataques contra civiles o infraestructuras civiles est\u00e1n prohibidos bajo la ley humanitaria internacional\u00bb, afirm\u00f3 DiCarlo.<\/p>\n\n\n\n<p><\/p>\n\n\n\n<p>V\u00eda: <a href=\"https:\/\/www.dw.com\/es\/onu-misil-en-polonia-ilustra-el-riesgo-de-escalada-de-la-guerra\/a-63784888\">DW<\/a><\/p>\n\n\n\n<p><a href=\"https:\/\/www.facebook.com\/sharer\/sharer.php?u=https%3A%2F%2Fp.dw.com%2Fp%2F4JdMW%3Fmaca%3Des-Facebook-sharing\"><\/a><\/p>\n","protected":false},"excerpt":{"rendered":"<p>Rosemary DiCarlo hizo un llamado ante el Consejo de Seguridad de la ONU para que se busque impedir una escalada b\u00e9lica. La jefa de Asuntos Pol\u00edticos de la Organizaci\u00f3n de&nbsp;Naciones Unidas&nbsp;(ONU), Rosemary DiCarlo, asegur\u00f3 este mi\u00e9rcoles (16.11.2022) que&nbsp;el misil que mat\u00f3 a dos personas&nbsp;en territorio polaco -presuntamente lanzado por&nbsp;Ucrania&nbsp;por error- ilustra los riesgos de una [&hellip;]<\/p>\n","protected":false},"author":1,"featured_media":9647,"comment_status":"closed","ping_status":"closed","sticky":false,"template":"","format":"standard","meta":{"footnotes":""},"categories":[14,2],"tags":[],"class_list":["post-9646","post","type-post","status-publish","format-standard","has-post-thumbnail","hentry","category-entertainment","category-portada"],"_links":{"self":[{"href":"https:\/\/ciudadliberal.cl\/index.php?rest_route=\/wp\/v2\/posts\/9646","targetHints":{"allow":["GET"]}}],"collection":[{"href":"https:\/\/ciudadliberal.cl\/index.php?rest_route=\/wp\/v2\/posts"}],"about":[{"href":"https:\/\/ciudadliberal.cl\/index.php?rest_route=\/wp\/v2\/types\/post"}],"author":[{"embeddable":true,"href":"https:\/\/ciudadliberal.cl\/index.php?rest_route=\/wp\/v2\/users\/1"}],"replies":[{"embeddable":true,"href":"https:\/\/ciudadliberal.cl\/index.php?rest_route=%2Fwp%2Fv2%2Fcomments&post=9646"}],"version-history":[{"count":1,"href":"https:\/\/ciudadliberal.cl\/index.php?rest_route=\/wp\/v2\/posts\/9646\/revisions"}],"predecessor-version":[{"id":9648,"href":"https:\/\/ciudadliberal.cl\/index.php?rest_route=\/wp\/v2\/posts\/9646\/revisions\/9648"}],"wp:featuredmedia":[{"embeddable":true,"href":"https:\/\/ciudadliberal.cl\/index.php?rest_route=\/wp\/v2\/media\/9647"}],"wp:attachment":[{"href":"https:\/\/ciudadliberal.cl\/index.php?rest_route=%2Fwp%2Fv2%2Fmedia&parent=9646"}],"wp:term":[{"taxonomy":"category","embeddable":true,"href":"https:\/\/ciudadliberal.cl\/index.php?rest_route=%2Fwp%2Fv2%2Fcategories&post=9646"},{"taxonomy":"post_tag","embeddable":true,"href":"https:\/\/ciudadliberal.cl\/index.php?rest_route=%2Fwp%2Fv2%2Ftags&post=9646"}],"curies":[{"name":"wp","href":"https:\/\/api.w.org\/{rel}","templated":true}]}}