{"id":9577,"date":"2022-09-27T09:36:51","date_gmt":"2022-09-27T13:36:51","guid":{"rendered":"https:\/\/ciudadliberal.cl\/?p=9577"},"modified":"2022-09-27T09:36:53","modified_gmt":"2022-09-27T13:36:53","slug":"en-cuba-gano-el-si-a-derechos-no-al-gobierno","status":"publish","type":"post","link":"https:\/\/ciudadliberal.cl\/?p=9577","title":{"rendered":"En Cuba gan\u00f3 el S\u00ed a derechos, no al Gobierno"},"content":{"rendered":"\n<p>Cuba, un pa\u00eds sin elecciones libres, libertad de expresi\u00f3n, asociaci\u00f3n o prensa, ratific\u00f3 en referendo un nuevo C\u00f3digo de las Familias. Un s\u00ed a derechos fundamentales, a los que ojal\u00e1 sigan otros, opina Rosa Mu\u00f1oz.<\/p>\n\n\n\n<p>El texto y contexto en que&nbsp;se ha puesto&nbsp;<a href=\"https:\/\/www.dw.com\/es\/referendo-sobre-matrimonio-igualitario-en-cuba-es-un-error-inmenso\/a-62606089\">a consideraci\u00f3n de la mayor\u00eda un nuevo C\u00f3digo de las Familias<\/a>, que reconoce y protege derechos fundamentales hasta ahora negados o ignorados a minor\u00edas sexuales y otros grupos sociales vulnerables en&nbsp;<a href=\"https:\/\/www.dw.com\/es\/cuba\/t-17411744\">Cuba<\/a>, motivaron un enconado debate p\u00fablico, de dimensiones desacostumbradas en la isla.<\/p>\n\n\n\n<p>Esta ley proh\u00edbe la discriminaci\u00f3n por identidad y orientaci\u00f3n sexual. Legitima diversos tipos de familias. Permite el reconocimiento legal de varios padres y madres, adem\u00e1s de los biol\u00f3gicos. Y omite la antigua obligaci\u00f3n de formar a los hijos en la \u00abmoral socialista\u00bb.<\/p>\n\n\n\n<p>Adem\u00e1s, proh\u00edbe el matrimonio infantil, y permite el matrimonio y la adopci\u00f3n a parejas del mismo sexo. Contempla la gestaci\u00f3n subrogada solidaria. Y protege la integridad f\u00edsica y emocional de ni\u00f1as, ni\u00f1os y adolescentes, con conceptos como la \u00abautonom\u00eda progresiva\u00bb, entre otros, que favorecen tambi\u00e9n a personas ancianas, discapacitadas o al cuidado de otras.<\/p>\n\n\n\n<h2 class=\"wp-block-heading\">\u00abLos derechos no se plebiscitan, pero no nos han dejado otra opci\u00f3n\u00bb<\/h2>\n\n\n\n<p>Entre las muchas nuevas normas del calendario legislativo que sigui\u00f3 a la aprobaci\u00f3n de una nueva Constituci\u00f3n en 2019, esta es la \u00fanica que ha sido sometida a otro plebiscito: una estrategia con la que el oficialismo sum\u00f3 votos en el pasado referendo constitucional,&nbsp;<a href=\"https:\/\/www.dw.com\/es\/el-parlamento-cubano-elimina-el-matrimonio-gay-del-borrador-de-la-nueva-constituci%C3%B3n\/a-46796822\">aplazando el ya entonces polarizado debate sobre el matrimonio igualitario<\/a>.&nbsp;<\/p>\n\n\n\n<p>De ah\u00ed que, tanto este referendo como el encendido debate p\u00fablico que lo precedi\u00f3, hayan respondido enf\u00e1ticamente a m\u00e1s de una pregunta no planteada en la boleta.<\/p>\n\n\n\n<p>Entre quienes m\u00e1s genuinamente celebran ahora el S\u00ed de un claro pero para Cuba discreto 66.87 % de los votantes (seg\u00fan el&nbsp;<a href=\"https:\/\/www.dw.com\/es\/cuba-aprueba-en-referendo-el-c%C3%B3digo-de-las-familias\/a-63243310\">resultado preliminar<\/a>), predominan feministas, activistas LGTBI y personas aliadas.<\/p>\n\n\n\n<p>Muchas cuentan d\u00e9cadas luchando por el reconocimiento de sus derechos. Y meses de campa\u00f1a independiente en espacios p\u00fablicos y virtuales, que cerraron verificando la relativa limpieza estad\u00edstica&nbsp;del conteo de votos en los colegios electorales. Para ellas, \u00ablos derechos no se plebiscitan, pero no nos han dejado otra opci\u00f3n\u00bb. As\u00ed que hoy celebran estos, y ma\u00f1ana seguir\u00e1n luchando por otros.<\/p>\n\n\n\n<p>Tambi\u00e9n celebran, por supuesto, el Gobierno, y sus activistas y seguidores m\u00e1s fieles. Los art\u00edfices de y los convencidos por la intensa campa\u00f1a oficial del S\u00ed, exclusiva en los medios estatales, \u00fanicos legales y de alcance masivo en la isla.<\/p>\n\n\n\n<h2 class=\"wp-block-heading\">\u00abEn dictadura no se vota\u00bb&nbsp;o se vota No<\/h2>\n\n\n\n<p>Del otro lado, un elocuente 33.13 % de votantes dijo No al texto de la ley, o a la machacona campa\u00f1a de los medios oficiales. O emiti\u00f3 un voto de castigo a la dictadura que rige este pa\u00eds sin libertades civiles y pol\u00edticas, sumido en la peor crisis econ\u00f3mica de las \u00faltimas d\u00e9cadas, con un grave desabastecimiento de productos de primera necesidad, prolongados apagones, una inflaci\u00f3n galopante y un \u00e9xodo r\u00e9cord de migrantes.<\/p>\n\n\n\n<p>Entre ellos, se han hecho o\u00edr sobre todo quienes se oponen al c\u00f3digo por convicci\u00f3n religiosa, los \u00fanicos a quienes el Gobierno ofreci\u00f3 espacio para argumentar en la televisi\u00f3n nacional. Y muchos opositores pol\u00edticos conservadores.<\/p>\n\n\n\n<p>Aunque no habr\u00e1n sido los \u00fanicos, en una sociedad a\u00fan profundamente machista y adultoc\u00e9ntrica&nbsp;que no ha pedido perd\u00f3n por encarcelar o enviar a campos de trabajo forzado a muchos homosexuales en las primeras d\u00e9cadas tras la revoluci\u00f3n de 1959, y que sigue legitimando el \u00abderecho\u00bb&nbsp;de los padres a castigar f\u00edsicamente a sus hijos.<\/p>\n\n\n\n<p>Otro dato elocuente, en un pa\u00eds acostumbrado por d\u00e9cadas a votaciones \u00abun\u00e1nimes\u00bb&nbsp;y \u00abmasivas\u00bb, es el abstencionismo, que sobrepas\u00f3 el 25 % del padr\u00f3n electoral.<\/p>\n\n\n\n<p>Para una parte de la oposici\u00f3n pol\u00edtica (tanto conservadora como progresista), el plebiscito y los meses de campa\u00f1a previa fueron un espacio \u00fanico \u2013a falta de otros\u2013&nbsp;para insistir ante el Gobierno, la sociedad cubana y la comunidad internacional en que \u00aben dictadura no se vota\u00bb. Porque \u00abninguna votaci\u00f3n es limpia\u00bb&nbsp;y&nbsp;<a href=\"https:\/\/www.dw.com\/es\/aniversario-del-11j-en-cuba-un-a%C3%B1o-de-represi%C3%B3n-y-censura-sin-justicia\/a-62412793\">\u00abning\u00fan derecho est\u00e1 garantizado\u00bb<\/a>, mientras siga habiendo&nbsp;<a href=\"https:\/\/www.dw.com\/es\/juicios-por-las-protestas-del-11j-en-cuba-hay-ni%C3%B1os-presos-pol%C3%ADticos\/a-60454606\">presos pol\u00edticos<\/a>&nbsp;y no \u00abcaiga la dictadura\u00bb, a la que no hay por qu\u00e9 \u00ablavarle la cara\u00bb.<\/p>\n\n\n\n<h2 class=\"wp-block-heading\">Todos los derechos, para todas las personas<\/h2>\n\n\n\n<p>Todas estas voces se escuchan, alto y claro, en los resultados de este referendo. As\u00ed que, pese a las dudas y al sinsabor que deja la subordinaci\u00f3n de derechos fundamentales de minor\u00edas a la voluntad de las mayor\u00edas, habr\u00e1 que verlo, finalmente, como un paso significativo, aunque a\u00fan precario, en el camino de construir ciudadan\u00eda en Cuba. Una ventana a un siglo XXI isle\u00f1o, ojal\u00e1, con cada vez m\u00e1s derechos, todos los derechos, para todas personas.<\/p>\n\n\n\n<p><\/p>\n\n\n\n<p>V\u00eda: <a href=\"http:\/\/El texto y contexto en que se ha puesto a consideraci\u00f3n de la mayor\u00eda un nuevo C\u00f3digo de las Familias, que reconoce y protege derechos fundamentales hasta ahora negados o ignorados a minor\u00edas sexuales y otros grupos sociales vulnerables en Cuba, motivaron un enconado debate p\u00fablico, de dimensiones desacostumbradas en la isla.  Esta ley proh\u00edbe la discriminaci\u00f3n por identidad y orientaci\u00f3n sexual. Legitima diversos tipos de familias. Permite el reconocimiento legal de varios padres y madres, adem\u00e1s de los biol\u00f3gicos. Y omite la antigua obligaci\u00f3n de formar a los hijos en la &quot;moral socialista&quot;.  Adem\u00e1s, proh\u00edbe el matrimonio infantil, y permite el matrimonio y la adopci\u00f3n a parejas del mismo sexo. Contempla la gestaci\u00f3n subrogada solidaria. Y protege la integridad f\u00edsica y emocional de ni\u00f1as, ni\u00f1os y adolescentes, con conceptos como la &quot;autonom\u00eda progresiva&quot;, entre otros, que favorecen tambi\u00e9n a personas ancianas, discapacitadas o al cuidado de otras.  &quot;Los derechos no se plebiscitan, pero no nos han dejado otra opci\u00f3n&quot; Entre las muchas nuevas normas del calendario legislativo que sigui\u00f3 a la aprobaci\u00f3n de una nueva Constituci\u00f3n en 2019, esta es la \u00fanica que ha sido sometida a otro plebiscito: una estrategia con la que el oficialismo sum\u00f3 votos en el pasado referendo constitucional, aplazando el ya entonces polarizado debate sobre el matrimonio igualitario.   De ah\u00ed que, tanto este referendo como el encendido debate p\u00fablico que lo precedi\u00f3, hayan respondido enf\u00e1ticamente a m\u00e1s de una pregunta no planteada en la boleta.  Entre quienes m\u00e1s genuinamente celebran ahora el S\u00ed de un claro pero para Cuba discreto 66.87 % de los votantes (seg\u00fan el resultado preliminar), predominan feministas, activistas LGTBI y personas aliadas.  Muchas cuentan d\u00e9cadas luchando por el reconocimiento de sus derechos. Y meses de campa\u00f1a independiente en espacios p\u00fablicos y virtuales, que cerraron verificando la relativa limpieza estad\u00edstica del conteo de votos en los colegios electorales. Para ellas, &quot;los derechos no se plebiscitan, pero no nos han dejado otra opci\u00f3n&quot;. As\u00ed que hoy celebran estos, y ma\u00f1ana seguir\u00e1n luchando por otros.  Tambi\u00e9n celebran, por supuesto, el Gobierno, y sus activistas y seguidores m\u00e1s fieles. Los art\u00edfices de y los convencidos por la intensa campa\u00f1a oficial del S\u00ed, exclusiva en los medios estatales, \u00fanicos legales y de alcance masivo en la isla.  &quot;En dictadura no se vota&quot; o se vota No Del otro lado, un elocuente 33.13 % de votantes dijo No al texto de la ley, o a la machacona campa\u00f1a de los medios oficiales. O emiti\u00f3 un voto de castigo a la dictadura que rige este pa\u00eds sin libertades civiles y pol\u00edticas, sumido en la peor crisis econ\u00f3mica de las \u00faltimas d\u00e9cadas, con un grave desabastecimiento de productos de primera necesidad, prolongados apagones, una inflaci\u00f3n galopante y un \u00e9xodo r\u00e9cord de migrantes.  Entre ellos, se han hecho o\u00edr sobre todo quienes se oponen al c\u00f3digo por convicci\u00f3n religiosa, los \u00fanicos a quienes el Gobierno ofreci\u00f3 espacio para argumentar en la televisi\u00f3n nacional. Y muchos opositores pol\u00edticos conservadores.  Aunque no habr\u00e1n sido los \u00fanicos, en una sociedad a\u00fan profundamente machista y adultoc\u00e9ntrica que no ha pedido perd\u00f3n por encarcelar o enviar a campos de trabajo forzado a muchos homosexuales en las primeras d\u00e9cadas tras la revoluci\u00f3n de 1959, y que sigue legitimando el &quot;derecho&quot; de los padres a castigar f\u00edsicamente a sus hijos.  Otro dato elocuente, en un pa\u00eds acostumbrado por d\u00e9cadas a votaciones &quot;un\u00e1nimes&quot; y &quot;masivas&quot;, es el abstencionismo, que sobrepas\u00f3 el 25 % del padr\u00f3n electoral.  Para una parte de la oposici\u00f3n pol\u00edtica (tanto conservadora como progresista), el plebiscito y los meses de campa\u00f1a previa fueron un espacio \u00fanico \u2013a falta de otros\u2013 para insistir ante el Gobierno, la sociedad cubana y la comunidad internacional en que &quot;en dictadura no se vota&quot;. Porque &quot;ninguna votaci\u00f3n es limpia&quot; y &quot;ning\u00fan derecho est\u00e1 garantizado&quot;, mientras siga habiendo presos pol\u00edticos y no &quot;caiga la dictadura&quot;, a la que no hay por qu\u00e9 &quot;lavarle la cara&quot;.  Todos los derechos, para todas las personas Todas estas voces se escuchan, alto y claro, en los resultados de este referendo. As\u00ed que, pese a las dudas y al sinsabor que deja la subordinaci\u00f3n de derechos fundamentales de minor\u00edas a la voluntad de las mayor\u00edas, habr\u00e1 que verlo, finalmente, como un paso significativo, aunque a\u00fan precario, en el camino de construir ciudadan\u00eda en Cuba. Una ventana a un siglo XXI isle\u00f1o, ojal\u00e1, con cada vez m\u00e1s derechos, todos los derechos, para todas personas.\">DW<\/a><\/p>\n\n\n\n<p><a href=\"https:\/\/www.facebook.com\/sharer\/sharer.php?u=https%3A%2F%2Fp.dw.com%2Fp%2F4HNqS%3Fmaca%3Des-Facebook-sharing\"><\/a><\/p>\n","protected":false},"excerpt":{"rendered":"<p>Cuba, un pa\u00eds sin elecciones libres, libertad de expresi\u00f3n, asociaci\u00f3n o prensa, ratific\u00f3 en referendo un nuevo C\u00f3digo de las Familias. Un s\u00ed a derechos fundamentales, a los que ojal\u00e1 sigan otros, opina Rosa Mu\u00f1oz. El texto y contexto en que&nbsp;se ha puesto&nbsp;a consideraci\u00f3n de la mayor\u00eda un nuevo C\u00f3digo de las Familias, que reconoce [&hellip;]<\/p>\n","protected":false},"author":1,"featured_media":9578,"comment_status":"closed","ping_status":"closed","sticky":false,"template":"","format":"standard","meta":{"footnotes":""},"categories":[14,16],"tags":[],"class_list":["post-9577","post","type-post","status-publish","format-standard","has-post-thumbnail","hentry","category-entertainment","category-internet"],"_links":{"self":[{"href":"https:\/\/ciudadliberal.cl\/index.php?rest_route=\/wp\/v2\/posts\/9577","targetHints":{"allow":["GET"]}}],"collection":[{"href":"https:\/\/ciudadliberal.cl\/index.php?rest_route=\/wp\/v2\/posts"}],"about":[{"href":"https:\/\/ciudadliberal.cl\/index.php?rest_route=\/wp\/v2\/types\/post"}],"author":[{"embeddable":true,"href":"https:\/\/ciudadliberal.cl\/index.php?rest_route=\/wp\/v2\/users\/1"}],"replies":[{"embeddable":true,"href":"https:\/\/ciudadliberal.cl\/index.php?rest_route=%2Fwp%2Fv2%2Fcomments&post=9577"}],"version-history":[{"count":1,"href":"https:\/\/ciudadliberal.cl\/index.php?rest_route=\/wp\/v2\/posts\/9577\/revisions"}],"predecessor-version":[{"id":9579,"href":"https:\/\/ciudadliberal.cl\/index.php?rest_route=\/wp\/v2\/posts\/9577\/revisions\/9579"}],"wp:featuredmedia":[{"embeddable":true,"href":"https:\/\/ciudadliberal.cl\/index.php?rest_route=\/wp\/v2\/media\/9578"}],"wp:attachment":[{"href":"https:\/\/ciudadliberal.cl\/index.php?rest_route=%2Fwp%2Fv2%2Fmedia&parent=9577"}],"wp:term":[{"taxonomy":"category","embeddable":true,"href":"https:\/\/ciudadliberal.cl\/index.php?rest_route=%2Fwp%2Fv2%2Fcategories&post=9577"},{"taxonomy":"post_tag","embeddable":true,"href":"https:\/\/ciudadliberal.cl\/index.php?rest_route=%2Fwp%2Fv2%2Ftags&post=9577"}],"curies":[{"name":"wp","href":"https:\/\/api.w.org\/{rel}","templated":true}]}}