{"id":9571,"date":"2022-09-23T10:14:07","date_gmt":"2022-09-23T14:14:07","guid":{"rendered":"https:\/\/ciudadliberal.cl\/?p=9571"},"modified":"2022-09-23T10:14:09","modified_gmt":"2022-09-23T14:14:09","slug":"boric-espero-que-haya-una-nueva-convencion-con-bordes-mas-claros-plazo-mas-acotado-y-apoyo-de-expertos%ef%bf%bc","status":"publish","type":"post","link":"https:\/\/ciudadliberal.cl\/?p=9571","title":{"rendered":"Boric: Espero que haya una nueva Convenci\u00f3n con bordes m\u00e1s claros, plazo m\u00e1s acotado y apoyo de expertos\ufffc"},"content":{"rendered":"\n<p>Desde Nueva York y con cautela -advirtiendo que el tema \u00abes sensible\u00bb y aclarando que no busca \u00abpautear\u00bb el acuerdo de los partidos-, el Mandatario afirm\u00f3 que \u00abhay cosas evidentes\u00bb que requiere el nuevo proceso constituyente.<\/p>\n\n\n\n<p>Abog\u00f3 por \u00abuna Constituci\u00f3n m\u00e1s general, que sea un punto de encuentro\u00bb entre los distintos sectores: \u00abNo tiene que abordar cada demanda identitaria que hay en la sociedad\u00bb, advirti\u00f3.<\/p>\n\n\n\n<p><\/p>\n\n\n\n<p>El&nbsp;<strong>Presidente Gabriel Boric deline\u00f3 los elementos que, a su juicio, debieran estructurar el nuevo proceso constituyente<\/strong>, aunque aclar\u00f3 que no tiene intenci\u00f3n de \u00abpautear\u00bb al Congreso Nacional en las conversaciones que lleva adelante para habilitarlo y definir el marco en el que se desarrollar\u00e1.<\/p>\n\n\n\n<p>El Mandatario chileno fue consultado al respecto durante el&nbsp;<strong>\u00abWorld Leaders Forum\u00bb<\/strong>&nbsp;organizado por la&nbsp;<strong>Universidad de Columbia<\/strong>, en Nueva York, en el marco de la Asamblea General de Naciones Unidas que se desarrolla esta semana.<\/p>\n\n\n\n<p>Boric comenz\u00f3 su respuesta admitiendo que es un asunto \u00abmuy sensible, porque en este momento se est\u00e1n produciendo las negociaciones en el Congreso para poder decidir c\u00f3mo seguir\u00bb. Subray\u00f3 de todos modos que \u00abel Gobierno tiene una opini\u00f3n, sin embargo, tambi\u00e9n entendemos que&nbsp;<strong>nuestro principal rol hoy d\u00eda es facilitar ese acuerdo<\/strong>&nbsp;y gobernar, hacernos cargo de las urgencias de hoy\u00bb.<\/p>\n\n\n\n<p>\u00ab<strong>No pretendo pautear al Congreso<\/strong>\u00a0sobre el contenido del acuerdo\u00bb, puntualiz\u00f3, aunque tambi\u00e9n afirm\u00f3 que \u00ab<strong>s\u00ed hay ciertas cosas que son evidentes<\/strong>\u00ab.<\/p>\n\n\n\n<p><\/p>\n\n\n\n<p>\u00abEl pueblo chileno se pronunci\u00f3 mayoritariamente el 25 de octubre del 2020 por una&nbsp;<strong>nueva Constituci\u00f3n escrita por un \u00f3rgano 100% electo<\/strong>&nbsp;para ese fin\u00bb, asegur\u00f3, por lo que -cuestion\u00f3- \u00abla idea de que a la nueva Constituci\u00f3n se pueda llegar solamente entre un acuerdo de los partidos o un grupo de expertos designado por los partidos me parece que no responder\u00eda al mandato que el pueblo de Chile estableci\u00f3 en el plebiscito de entrada, y creo que es un consenso general\u00bb.<\/p>\n\n\n\n<p>En ese marco, expuso: \u00abLo que espero que pase es que&nbsp;<strong>tengamos una nueva Convenci\u00f3n, con bordes m\u00e1s claros, que se tienen que definir en las conversaciones en el Congreso, con plazos quiz\u00e1s m\u00e1s acotados tomando en cuenta la experiencia anterior y con apoyo de un comit\u00e9 de expertos<\/strong>&nbsp;o gente que contribuya a hacer la discusi\u00f3n m\u00e1s f\u00e1cil y digerible\u00bb.<\/p>\n\n\n\n<p>En cuanto al escenario pol\u00edtico, relev\u00f3 que \u00ablos&nbsp;<strong>partidos de derecha<\/strong>&nbsp;que hist\u00f3ricamente han sido m\u00e1s reacios a estos cambios, en la campa\u00f1a del Rechazo&nbsp;<strong>se comprometieron con Chile<\/strong>&nbsp;a que tambi\u00e9n quer\u00edan una nueva Constituci\u00f3n\u00bb.<\/p>\n\n\n\n<p>Por ello, \u00abespero que esta sea una oportunidad para lograr un consenso y finalmente terminemos en una Constituci\u00f3n que sea un punto de encuentro y no un eje divisorio que nos siga conflictuando por d\u00e9cadas\u00bb, manifest\u00f3.<\/p>\n\n\n\n<p>Entrando en el terreno de los contenidos que debiera llevar la eventual nueva Carta Fundamental, expres\u00f3 que le gustar\u00eda que sea \u00ab<strong>una Constituci\u00f3n m\u00e1s general<\/strong>, creo que&nbsp;<strong>no tiene que abordar cada una de las demandas identitarias<\/strong>&nbsp;que existen en la sociedad: creo que tiene que ser un marco com\u00fan que permita a la pol\u00edtica hacerse las preguntas que todav\u00eda no nos hemos hecho\u00bb.<\/p>\n\n\n\n<p>\u00abOjal\u00e1 se produzca ese consenso r\u00e1pido en Chile para dar certidumbre (&#8230;)&nbsp;<strong>En Chile hay mucho agotamiento al respecto<\/strong>\u00ab, sentenci\u00f3.<\/p>\n\n\n\n<p>Los&nbsp;<a href=\"https:\/\/www.cooperativa.cl\/noticias\/pais\/politica\/constitucion\/fuerzas-politicas-se-reuniran-nuevamente-el-viernes-para-avanzar-con-el\/2022-09-21\/125201.html\">partidos pol\u00edticos con representaci\u00f3n parlamentaria se reunir\u00e1n nuevamente este viernes<\/a>, a las 10:00 horas, en la tercera ronda de conversaciones cuyo fin es habilitar un nuevo proceso constituyente.<\/p>\n\n\n\n<p>La ministra de la Segpres,&nbsp;<strong>Ana Lya Uriarte,<\/strong>&nbsp;finalmente no asistir\u00e1 al di\u00e1logo.&nbsp;<\/p>\n\n\n\n<p>Seg\u00fan inform\u00f3&nbsp;<em>La Tercera<\/em>, la representante del Gobierno en la instancia desisti\u00f3 de asistir a la cita por cautela y para descomprimir los \u00e1nimos, luego de que<a href=\"https:\/\/www.cooperativa.cl\/noticias\/pais\/politica\/constitucion\/vallejo-por-dialogo-constituyente-no-somos-prescindentes-somos\/2022-09-19\/142933.html\" target=\"_blank\" rel=\"noreferrer noopener\">&nbsp;la oposici\u00f3n acusara al Ejecutivo \u00abpautear\u00bb el nuevo proceso y le pidiera restarse del di\u00e1logo<\/a>, algo que fue desestimado por los l\u00edderes del Congreso.<\/p>\n\n\n\n<h2 class=\"wp-block-heading\"><em><strong>LAS PROPUESTAS DE LAS FUERZAS POL\u00cdTICAS<\/strong><\/em><\/h2>\n\n\n\n<p>En la v\u00edspera del encuentro en el Congreso, desde Chile Vamos adelantaron que pedir\u00e1n a la mesa negociadora que se conforme&nbsp;<strong>un comit\u00e9 de expertos que delinee principios que debiera tener la futura nueva Constituci\u00f3n<\/strong>, una propuesta que, de todos modos, no ser\u00eda vinculante.<\/p>\n\n\n\n<p>\u00abTodos los partidos que hemos conversado en las dos primeras reuniones saben de la existencia de la propuesta de Chile Vamos de este comit\u00e9 t\u00e9cnico.&nbsp;<strong>Ma\u00f1ana la llevaremos m\u00e1s desarrollada para poder definir ciertos plazos, c\u00f3mo va a ser la conformaci\u00f3n, c\u00f3mo las fuerzas van a proponer sus respectivos nombres y los contenidos\u00bb<\/strong>, se\u00f1al\u00f3 la presidenta de Evoluci\u00f3n Pol\u00edtica (Ev\u00f3poli),&nbsp;<strong>Luz Poblete.<\/strong><\/p>\n\n\n\n<p><strong>\u00abCuando uno lleva una propuesta no est\u00e1 imponiendo algo<\/strong>, sino que es llevar todo a la mesa para poder llegar a los acuerdos en esa mesa de conversaci\u00f3n\u00bb, agreg\u00f3.<\/p>\n\n\n\n<h2 class=\"wp-block-heading\"><em><strong>HAY QUE DISCUTIR EN EL \u00d3RGANO DEMOCR\u00c1TICAMENTE ELEGIDO<\/strong><\/em><\/h2>\n\n\n\n<p>En el oficialismo, en tanto, Apruebo Dignidad (Frente Amplio-Partido Comunista) defini\u00f3 que la discusi\u00f3n en una nueva Convenci\u00f3n debe ser sobre una&nbsp;<strong>hoja en blanco<\/strong>, estando lejos de aceptar definiciones previas.<\/p>\n\n\n\n<p>\u00abDesde el Frente Amplio ya presentamos nuestra propuesta, ahora falta que Chile Vamos se ponga de acuerdo y llegue tambi\u00e9n con la suya. Espero que ma\u00f1ana exista una disposici\u00f3n de di\u00e1logo y de avanzar y que no se siga dilatando la conversaci\u00f3n, para que podamos encontrar los&nbsp;<strong>m\u00ednimos comunes<\/strong>&nbsp;que nos permitan entregar lo antes posible certezas sobre este proceso\u00bb, dijo la diputada de Revoluci\u00f3n Democr\u00e1tica (RD)&nbsp;<strong>Catalina P\u00e9rez.<\/strong><\/p>\n\n\n\n<p>El presidente de Revoluci\u00f3n Democr\u00e1tica (RD)&nbsp;<strong>Juan Ignacio Latorre<\/strong>&nbsp;indic\u00f3 que \u00abalgunos plantean que ya podr\u00edamos partir con ciertos pisos comunes,&nbsp;<strong>como por ejemplo, un estado social y democr\u00e1tico de derecho<\/strong>, pero eso que es un titular hay que bajarlo a contenido y ese&nbsp;<strong>contenido hay que discutirlo en el \u00f3rgano democr\u00e1ticamente elegido, no darle la potestad a las y los expertos<\/strong>\u00ab.<\/p>\n\n\n\n<p>Por parte de Socialismo Democr\u00e1tico, la presidenta del Partido Por la Democracia (PPD),&nbsp;<strong>Natalia Piergentili<\/strong>, asegur\u00f3 que&nbsp;<strong>\u00abclaramente que sea un \u00f3rgano electo es base fundamental de la conversaci\u00f3n\u00bb, tal como la paridad.<\/strong><\/p>\n\n\n\n<p>\u00abDel resto, tenemos que darnos la oportunidad de conversar, ver cu\u00e1les son los bordes que propone Chile Vamos y tener una escucha activa, humilde, comprensiva y acogedora con los intereses diversos que vamos a tener\u00bb, complement\u00f3 la dirigenta.<\/p>\n\n\n\n<p>Mientras, desde el Partido de la Gente (PDG), el diputado&nbsp;<strong>Rub\u00e9n Oyarzo<\/strong>&nbsp;adelant\u00f3 que \u00abnuestra propuesta para el d\u00eda de ma\u00f1ana ser\u00e1 un&nbsp;<strong>plebiscito de entrada con voto obligatorio consult\u00e1ndole a la gente el mecanismo,<\/strong>&nbsp;y vamos a proponer que sea una&nbsp;<strong>comisi\u00f3n mixta con comit\u00e9 de expertos\u00bb.<\/strong><\/p>\n\n\n\n<p>\u00abCreemos que hay bordes importantes que ha mencionado la derecha, como la plurinacionalidad, sin embargo, esto lo debemos discutir y dialogar entre todos los partidos pol\u00edticos\u00bb, a\u00f1adi\u00f3 el parlamentario.<\/p>\n\n\n\n<p><\/p>\n\n\n\n<p>V\u00eda: <a href=\"https:\/\/www.cooperativa.cl\/noticias\/pais\/presidente-boric\/boric-espero-que-haya-una-nueva-convencion-con-bordes-mas-claros-plazo\/2022-09-22\/182948.html\">Cooperativa<\/a><\/p>\n","protected":false},"excerpt":{"rendered":"<p>Desde Nueva York y con cautela -advirtiendo que el tema \u00abes sensible\u00bb y aclarando que no busca \u00abpautear\u00bb el acuerdo de los partidos-, el Mandatario afirm\u00f3 que \u00abhay cosas evidentes\u00bb que requiere el nuevo proceso constituyente. Abog\u00f3 por \u00abuna Constituci\u00f3n m\u00e1s general, que sea un punto de encuentro\u00bb entre los distintos sectores: \u00abNo tiene que [&hellip;]<\/p>\n","protected":false},"author":1,"featured_media":9572,"comment_status":"closed","ping_status":"closed","sticky":false,"template":"","format":"standard","meta":{"footnotes":""},"categories":[16,2],"tags":[],"class_list":["post-9571","post","type-post","status-publish","format-standard","has-post-thumbnail","hentry","category-internet","category-portada"],"_links":{"self":[{"href":"https:\/\/ciudadliberal.cl\/index.php?rest_route=\/wp\/v2\/posts\/9571","targetHints":{"allow":["GET"]}}],"collection":[{"href":"https:\/\/ciudadliberal.cl\/index.php?rest_route=\/wp\/v2\/posts"}],"about":[{"href":"https:\/\/ciudadliberal.cl\/index.php?rest_route=\/wp\/v2\/types\/post"}],"author":[{"embeddable":true,"href":"https:\/\/ciudadliberal.cl\/index.php?rest_route=\/wp\/v2\/users\/1"}],"replies":[{"embeddable":true,"href":"https:\/\/ciudadliberal.cl\/index.php?rest_route=%2Fwp%2Fv2%2Fcomments&post=9571"}],"version-history":[{"count":1,"href":"https:\/\/ciudadliberal.cl\/index.php?rest_route=\/wp\/v2\/posts\/9571\/revisions"}],"predecessor-version":[{"id":9573,"href":"https:\/\/ciudadliberal.cl\/index.php?rest_route=\/wp\/v2\/posts\/9571\/revisions\/9573"}],"wp:featuredmedia":[{"embeddable":true,"href":"https:\/\/ciudadliberal.cl\/index.php?rest_route=\/wp\/v2\/media\/9572"}],"wp:attachment":[{"href":"https:\/\/ciudadliberal.cl\/index.php?rest_route=%2Fwp%2Fv2%2Fmedia&parent=9571"}],"wp:term":[{"taxonomy":"category","embeddable":true,"href":"https:\/\/ciudadliberal.cl\/index.php?rest_route=%2Fwp%2Fv2%2Fcategories&post=9571"},{"taxonomy":"post_tag","embeddable":true,"href":"https:\/\/ciudadliberal.cl\/index.php?rest_route=%2Fwp%2Fv2%2Ftags&post=9571"}],"curies":[{"name":"wp","href":"https:\/\/api.w.org\/{rel}","templated":true}]}}