{"id":9560,"date":"2022-09-15T18:39:21","date_gmt":"2022-09-15T22:39:21","guid":{"rendered":"https:\/\/ciudadliberal.cl\/?p=9560"},"modified":"2022-09-15T18:39:24","modified_gmt":"2022-09-15T22:39:24","slug":"hungria-es-una-autocracia-electoral-afirma-el-parlamento-europeo","status":"publish","type":"post","link":"https:\/\/ciudadliberal.cl\/?p=9560","title":{"rendered":"Hungr\u00eda es una \u00abautocracia electoral\u00bb, afirma el Parlamento Europeo"},"content":{"rendered":"\n<p>Mediante una resoluci\u00f3n, el Parlamento Europeo pidi\u00f3 a las instituciones del grupo que \u00abpresten m\u00e1s atenci\u00f3n al desmantelamiento sist\u00e9mico del Estado de derecho\u00bb en Hungr\u00eda.<\/p>\n\n\n\n<p><\/p>\n\n\n\n<p>El Estado de derecho en Hungr\u00eda se ha degradado al punto de que el pa\u00eds se ha convertido en \u00abun r\u00e9gimen h\u00edbrido de&nbsp;<a href=\"https:\/\/www.dw.com\/es\/hungr%C3%ADa-aumentar%C3%A1-fuertemente-las-compras-de-gas-a-gazprom\/a-62985681\">autocracia<\/a>&nbsp;electoral\u00bb, destac\u00f3 este jueves (15.09.2022) una Resoluci\u00f3n del Parlamento Europeo adoptada por 433 votos a favor, 123 en contra y 28 abstenciones.<\/p>\n\n\n\n<p>La extensa resoluci\u00f3n de 48 p\u00e1ginas \u00ablamenta profundamente que la falta de una acci\u00f3n decisiva\u00bb por parte de la Uni\u00f3n Europea (UE) haya permitido que eso ocurra en&nbsp;<a href=\"https:\/\/www.dw.com\/es\/hungr%C3%ADa-crear%C3%A1-autoridad-anticorrupci%C3%B3n-para-recuperar-acceso-a-fondos-europeos\/a-63028211\">Hungr\u00eda<\/a>, un pa\u00eds gobernado desde 2010 por el nacionalista ultra conservador Viktor Orban.<\/p>\n\n\n\n<p>El documento tambi\u00e9n pide a las instituciones europeas que \u00abpresten m\u00e1s atenci\u00f3n al desmantelamiento sist\u00e9mico del Estado de derecho\u00bb en el pa\u00eds. El servicio de prensa del Parlamento Europeo destac\u00f3 que \u00abHungr\u00eda ya no puede considerarse una democracia plena\u00bb.<\/p>\n\n\n\n<p>La Resoluci\u00f3n (no vinculante) pide al Consejo Europeo que \u00abemita recomendaciones a Hungr\u00eda lo antes posible (&#8230;) pidi\u00e9ndole que cumpla con todas las sentencias y recomendaciones\u00bb adoptadas.<\/p>\n\n\n\n<p>Los eurodiputados pidieron igualmente a la Comisi\u00f3n Europea \u00abque utilice plenamente los instrumentos disponibles para hacer frente al riesgo evidente de una violaci\u00f3n grave por parte de Hungr\u00eda de los valores en los que se fundamenta la Uni\u00f3n\u00bb.<\/p>\n\n\n\n<p>De acuerdo con la Resoluci\u00f3n, Hungr\u00eda no deber\u00eda recibir fondos para la recuperaci\u00f3n pospandemia si no cumple con las recomendaciones de la UE en materia de Estado de derecho y las sentencias judiciales.<\/p>\n\n\n\n<p><\/p>\n\n\n\n<p>V\u00eda: <a href=\"https:\/\/www.dw.com\/es\/hungr%C3%ADa-es-una-autocracia-electoral-afirma-el-parlamento-europeo\/a-63144212\">DW<\/a><\/p>\n\n\n\n<p><a href=\"https:\/\/www.facebook.com\/sharer\/sharer.php?u=https%3A%2F%2Fp.dw.com%2Fp%2F4Gwh2%3Fmaca%3Des-Facebook-sharing\"><\/a><\/p>\n","protected":false},"excerpt":{"rendered":"<p>Mediante una resoluci\u00f3n, el Parlamento Europeo pidi\u00f3 a las instituciones del grupo que \u00abpresten m\u00e1s atenci\u00f3n al desmantelamiento sist\u00e9mico del Estado de derecho\u00bb en Hungr\u00eda. El Estado de derecho en Hungr\u00eda se ha degradado al punto de que el pa\u00eds se ha convertido en \u00abun r\u00e9gimen h\u00edbrido de&nbsp;autocracia&nbsp;electoral\u00bb, destac\u00f3 este jueves (15.09.2022) una Resoluci\u00f3n del [&hellip;]<\/p>\n","protected":false},"author":1,"featured_media":9561,"comment_status":"closed","ping_status":"closed","sticky":false,"template":"","format":"standard","meta":{"footnotes":""},"categories":[14,2],"tags":[],"class_list":["post-9560","post","type-post","status-publish","format-standard","has-post-thumbnail","hentry","category-entertainment","category-portada"],"_links":{"self":[{"href":"https:\/\/ciudadliberal.cl\/index.php?rest_route=\/wp\/v2\/posts\/9560","targetHints":{"allow":["GET"]}}],"collection":[{"href":"https:\/\/ciudadliberal.cl\/index.php?rest_route=\/wp\/v2\/posts"}],"about":[{"href":"https:\/\/ciudadliberal.cl\/index.php?rest_route=\/wp\/v2\/types\/post"}],"author":[{"embeddable":true,"href":"https:\/\/ciudadliberal.cl\/index.php?rest_route=\/wp\/v2\/users\/1"}],"replies":[{"embeddable":true,"href":"https:\/\/ciudadliberal.cl\/index.php?rest_route=%2Fwp%2Fv2%2Fcomments&post=9560"}],"version-history":[{"count":1,"href":"https:\/\/ciudadliberal.cl\/index.php?rest_route=\/wp\/v2\/posts\/9560\/revisions"}],"predecessor-version":[{"id":9562,"href":"https:\/\/ciudadliberal.cl\/index.php?rest_route=\/wp\/v2\/posts\/9560\/revisions\/9562"}],"wp:featuredmedia":[{"embeddable":true,"href":"https:\/\/ciudadliberal.cl\/index.php?rest_route=\/wp\/v2\/media\/9561"}],"wp:attachment":[{"href":"https:\/\/ciudadliberal.cl\/index.php?rest_route=%2Fwp%2Fv2%2Fmedia&parent=9560"}],"wp:term":[{"taxonomy":"category","embeddable":true,"href":"https:\/\/ciudadliberal.cl\/index.php?rest_route=%2Fwp%2Fv2%2Fcategories&post=9560"},{"taxonomy":"post_tag","embeddable":true,"href":"https:\/\/ciudadliberal.cl\/index.php?rest_route=%2Fwp%2Fv2%2Ftags&post=9560"}],"curies":[{"name":"wp","href":"https:\/\/api.w.org\/{rel}","templated":true}]}}