{"id":9531,"date":"2022-08-26T05:07:46","date_gmt":"2022-08-26T09:07:46","guid":{"rendered":"https:\/\/ciudadliberal.cl\/?p=9531"},"modified":"2022-08-26T05:07:49","modified_gmt":"2022-08-26T09:07:49","slug":"el-transporte-publico-estatal-sera-gratuito-el-dia-el-plebiscito","status":"publish","type":"post","link":"https:\/\/ciudadliberal.cl\/?p=9531","title":{"rendered":"El transporte p\u00fablico estatal ser\u00e1 gratuito el d\u00eda el plebiscito"},"content":{"rendered":"\n<p>La medida regir\u00e1 para el Metro capitalino, el Merval de Valpara\u00edso y el Biotr\u00e9n del Biob\u00edo, entre otros; no as\u00ed para las micros del Transantiago.<\/p>\n\n\n\n<p>El Gobierno estableci\u00f3 m\u00e1s de 2.400 servicios liberados en zonas rurales.<\/p>\n\n\n\n<p>Al momento del anuncio, el Presidente Boric volvi\u00f3 a condenar las \u00abcr\u00edticas arteras e insidiosas que algunos han levantado para tratar de manchar en el proceso electoral\u00bb, y reiter\u00f3 su \u00abtotal respaldo al Servel\u00bb.<\/p>\n\n\n\n<p>El Presidente<strong>&nbsp;Gabriel Boric<\/strong>&nbsp;anunci\u00f3 este jueves que para el 4 de septiembre, d\u00eda del Plebiscito 2022, el transporte p\u00fablico estatal&nbsp;ser\u00e1 gratuito, lo que quiere decir que&nbsp;<strong>tanto Metro de Santiago, EFE y los trenes del pa\u00eds, como Merval (Regi\u00f3n de Valpara\u00edso) o Biotren (en el Biob\u00edo) no cobrar\u00e1n a los usuarios<\/strong>&nbsp;para hacer uso del servicio.&nbsp;<\/p>\n\n\n\n<p>La noticia fue dada a conocer tras una reuni\u00f3n con el consejo directivo del Servel para delinear los preparativos para ese d\u00eda, en el marco del lanzamiento de la campa\u00f1a \u00ab<a href=\"https:\/\/tuvotodecide.cl\/\">TuVotoDecide<\/a>\u00ab, con una serie de medidas para \u00abgarantizar el derecho a voto de todas las chilenas y chilenos\u00bb.\u00a0<\/p>\n\n\n<blockquote class=\"twitter-tweet\">\n<p lang=\"es\" dir=\"ltr\">\ud83d\uddf3\ufe0f El domingo 4 de septiembre se realizar\u00e1 el Plebiscito Constitucional para aprobar o rechazar la propuesta de nueva Constituci\u00f3n y <a href=\"https:\/\/twitter.com\/hashtag\/TuVotoDecide?src=hash&amp;ref_src=twsrc%5Etfw\">#TuVotoDecide<\/a> el futuro de Chile \ud83c\udde8\ud83c\uddf1<\/p>\n<p>Resuelve tus dudas y ent\u00e9rate de todos los detalles para el d\u00eda de la votaci\u00f3n en \ud83d\udcf2 <a href=\"https:\/\/t.co\/qwlX9oJ6PJ\">https:\/\/t.co\/qwlX9oJ6PJ<\/a> <a href=\"https:\/\/t.co\/xEiz14NFs2\">pic.twitter.com\/xEiz14NFs2<\/a><\/p>\n<p>&mdash; Gobierno de Chile (@GobiernodeChile) <a href=\"https:\/\/twitter.com\/GobiernodeChile\/status\/1562809570267131904?ref_src=twsrc%5Etfw\">August 25, 2022<\/a><\/p><\/blockquote>\n<p> <script async src=\"https:\/\/platform.twitter.com\/widgets.js\" charset=\"utf-8\"><\/script><\/p>\n\n\n\n<p>Dentro del anuncio, Boric detall\u00f3 que en esta oportunidad los trabajadores que deban cumplir turnos ese d\u00eda tendr\u00e1n como siempre dos horas libres para ejercer el sufragio, \u00abpero<strong>&nbsp;a\u00f1adimos el tiempo extra de traslado\u00bb,<\/strong>&nbsp;para que se compute dentro del tiempo excepcional para realizar la votaci\u00f3n, entre otros aspectos ya detallados anteriormente.<\/p>\n\n\n\n<p>Respecto al funcionamiento del sistema de transportes, el mandatario sostuvo que \u00aben las empresas estatales hemos establecido la gratuidad del transporte\u00bb, es decir Metro de Santiago, EFE y los trenes de Chile.<\/p>\n\n\n\n<p>Las&nbsp;<strong>medidas no incluyen, de momento, la gratuidad para el sistema Red de transporte Metropolitano<\/strong>&nbsp;debido a que responde a empresas privadas.&nbsp;<\/p>\n\n\n\n<p>\u00abE<strong>n zonas rurales hemos establecido 2.446 servicios de transporte gratuito,<\/strong>&nbsp;ya sea terrestre, fluvial, mar\u00edtimo, lacustre, un aumento de casi el 15% de la disponibilidad de medios para acercarse a votar\u00bb, se\u00f1al\u00f3 el presidente.&nbsp;<\/p>\n\n\n\n<p>Tambi\u00e9n, Boric asegur\u00f3 que el d\u00eda del refer\u00e9ndum&nbsp;<strong>\u00abmientras hayan filas en las mesas de votaci\u00f3n, esas mesas no se cierran\u00bb,<\/strong>&nbsp;con el fin de \u00abevitar tensiones que han sucedido\u00bb en elecciones anteriores con altas convocatorias.&nbsp;<\/p>\n\n\n\n<p>El diputado de RN&nbsp;<strong>Andr\u00e9s Celis<\/strong>&nbsp;critic\u00f3 el anuncio y pidi\u00f3 a incluir al sistema de buses en la medida, acusando una \u00abcontradicci\u00f3n\u00bb del Mandatario con lo que fue su impronta como parlamentario.<\/p>\n\n\n\n<p>\u00ab<strong>Siendo diputado, \u00e9l siempre abog\u00f3 por transporte gratuito<\/strong>, tanto para zonas rurales, urbanas y metro;&nbsp;<strong>en general para todos y todas sin excepci\u00f3n<\/strong>. As\u00ed que lo llamo a que haga una reflexi\u00f3n, y aquello que tanto dec\u00eda cuando era diputado lo haga en pr\u00e1ctica como Presidente de la Rep\u00fablica\u00bb, emplaz\u00f3.<\/p>\n\n\n\n<p>El presidente del Servel,&nbsp;<strong>Andr\u00e9s Tagle<\/strong>, asegur\u00f3 que \u00abest\u00e1 todo caminando\u00bb respecto a transportes, permisos laborales, protocolos de salud y el voto de las personas privadas de libertad. \u00abFundamental para esta elecci\u00f3n,&nbsp;<strong>consultar en&nbsp;<a href=\"https:\/\/www.cooperativa.cl\/noticias\/pais\/politica\/constitucion\/el-transporte-publico-estatal-sera-gratuito-el-dia-el-plebiscito\/2022-08-25\/Servel.cl\">Servel.cl<\/a>&nbsp;y en el tel\u00e9fono 600 6000 166 d\u00f3nde se vota y la mesa correspondiente,&nbsp;<\/strong>ya que&nbsp;todas las mesas han cambiado y la gran mayor\u00eda de los vocales\u00bb, llam\u00f3.&nbsp;<\/p>\n\n\n\n<p>En materia sanitaria, el Gobierno inform\u00f3 que<strong>&nbsp;no se exigir\u00e1 pase de movilidad ni control de temperatura<\/strong>&nbsp;para asistir a votar, aunque todos los&nbsp;<strong>electores deber\u00e1n portar su mascarilla.&nbsp;<\/strong><\/p>\n\n\n\n<h2 class=\"wp-block-heading\"><em>GOBIERNO RESPALDA AL SERVEL<\/em><\/h2>\n\n\n\n<p>Gabriel Boric tambi\u00e9n destac\u00f3 \u00abel profesionalismo de nuestras instituciones y en particular del Sistema Electoral,&nbsp;<strong>ante las cr\u00edticas arteras e insidiosas que algunos han levantado para tratar de manchar el proceso electoral<\/strong>&nbsp;como se ha visto en otros pa\u00edses\u00bb.<\/p>\n\n\n\n<p><strong>\u00abDesde el Gobierno decimos, el Servel cuenta con todo nuestro respaldo<\/strong>\u00a0y esta elecci\u00f3n va a ser limpia, transparente y que va a ser motivo de orgullo para todos los chilenos y chilenas\u00bb.<\/p>\n\n\n<blockquote class=\"twitter-tweet\">\n<p lang=\"es\" dir=\"ltr\">&quot;Desde el Gobierno decimos, el <a href=\"https:\/\/twitter.com\/ServelChile?ref_src=twsrc%5Etfw\">@servelchile<\/a> cuenta con todo nuestro respaldo, esta elecci\u00f3n va a ser una elecci\u00f3n limpia, transparente y que va a ser motivo de orgullo para todos los chilenos y chilenas&quot;. Presidente <a href=\"https:\/\/twitter.com\/gabrielboric?ref_src=twsrc%5Etfw\">@gabrielboric<\/a> <a href=\"https:\/\/twitter.com\/hashtag\/TuVotoDecide?src=hash&amp;ref_src=twsrc%5Etfw\">#TuVotoDecide<\/a><\/p>\n<p>&mdash; Presidencia de Chile (@Presidencia_cl) <a href=\"https:\/\/twitter.com\/Presidencia_cl\/status\/1562805870471237632?ref_src=twsrc%5Etfw\">August 25, 2022<\/a><\/p><\/blockquote>\n<p> <script async src=\"https:\/\/platform.twitter.com\/widgets.js\" charset=\"utf-8\"><\/script><\/p>\n\n\n\n<h2 class=\"wp-block-heading\"><em>SIGUEN LOS DESPLIEGUES DE AMBAS CAMPA\u00d1AS<\/em><\/h2>\n\n\n\n<p><strong>Cuando el comando del Apruebo se aproxima a conseguir su meta de dos millones de hogares<\/strong>&nbsp;por esa opci\u00f3n, el vocero del comando, el diputado&nbsp;<strong>Vlado Mirosevic<\/strong>&nbsp;(PL), apunt\u00f3 que en estos d\u00edas \u00ablo que viene son&nbsp;<strong>15 nuevos &#8216;Apruebazos&#8217;<\/strong>&nbsp;en distintas regiones del pa\u00eds\u00bb.<\/p>\n\n\n\n<p>\u00abNo nos vamos a quedar en la Metropolitana; vamos a ir a grandes ciudades como Antofagasta, Concepci\u00f3n y Puerto Montt, dond<strong>e queremos reunir a miles de personas para dar una demostraci\u00f3n de que el Apruebo va a ganar\u00bb, resalt\u00f3<\/strong>.<\/p>\n\n\n\n<p>Por su parte, el vocero de la Casa Ciudadana por el Rechazo,\u00a0<strong>Claudio Salinas<\/strong>, asever\u00f3 que \u00abestamos en todas las regiones del pa\u00eds y<strong>\u00a0vamos a terminar en las capitales regionales con banderazos masivos<\/strong>, y por supuesto, vamos a hacer un\u00a0<strong>acto final en la Regi\u00f3n Metropolitana<\/strong>, pero nuestra t\u00f3nica es una campa\u00f1a ciudadana, con los pies puestos en la calle\u00bb.<\/p>\n\n\n\n<p><\/p>\n\n\n\n<p>V\u00eda: <a href=\"https:\/\/www.cooperativa.cl\/noticias\/pais\/politica\/constitucion\/el-transporte-publico-estatal-sera-gratuito-el-dia-el-plebiscito\/2022-08-25\/125115.html\">Cooperativa<\/a><\/p>\n","protected":false},"excerpt":{"rendered":"<p>La medida regir\u00e1 para el Metro capitalino, el Merval de Valpara\u00edso y el Biotr\u00e9n del Biob\u00edo, entre otros; no as\u00ed para las micros del Transantiago. El Gobierno estableci\u00f3 m\u00e1s de 2.400 servicios liberados en zonas rurales. Al momento del anuncio, el Presidente Boric volvi\u00f3 a condenar las \u00abcr\u00edticas arteras e insidiosas que algunos han levantado [&hellip;]<\/p>\n","protected":false},"author":1,"featured_media":9532,"comment_status":"closed","ping_status":"closed","sticky":false,"template":"","format":"standard","meta":{"footnotes":""},"categories":[16,2],"tags":[],"class_list":["post-9531","post","type-post","status-publish","format-standard","has-post-thumbnail","hentry","category-internet","category-portada"],"_links":{"self":[{"href":"https:\/\/ciudadliberal.cl\/index.php?rest_route=\/wp\/v2\/posts\/9531","targetHints":{"allow":["GET"]}}],"collection":[{"href":"https:\/\/ciudadliberal.cl\/index.php?rest_route=\/wp\/v2\/posts"}],"about":[{"href":"https:\/\/ciudadliberal.cl\/index.php?rest_route=\/wp\/v2\/types\/post"}],"author":[{"embeddable":true,"href":"https:\/\/ciudadliberal.cl\/index.php?rest_route=\/wp\/v2\/users\/1"}],"replies":[{"embeddable":true,"href":"https:\/\/ciudadliberal.cl\/index.php?rest_route=%2Fwp%2Fv2%2Fcomments&post=9531"}],"version-history":[{"count":1,"href":"https:\/\/ciudadliberal.cl\/index.php?rest_route=\/wp\/v2\/posts\/9531\/revisions"}],"predecessor-version":[{"id":9533,"href":"https:\/\/ciudadliberal.cl\/index.php?rest_route=\/wp\/v2\/posts\/9531\/revisions\/9533"}],"wp:featuredmedia":[{"embeddable":true,"href":"https:\/\/ciudadliberal.cl\/index.php?rest_route=\/wp\/v2\/media\/9532"}],"wp:attachment":[{"href":"https:\/\/ciudadliberal.cl\/index.php?rest_route=%2Fwp%2Fv2%2Fmedia&parent=9531"}],"wp:term":[{"taxonomy":"category","embeddable":true,"href":"https:\/\/ciudadliberal.cl\/index.php?rest_route=%2Fwp%2Fv2%2Fcategories&post=9531"},{"taxonomy":"post_tag","embeddable":true,"href":"https:\/\/ciudadliberal.cl\/index.php?rest_route=%2Fwp%2Fv2%2Ftags&post=9531"}],"curies":[{"name":"wp","href":"https:\/\/api.w.org\/{rel}","templated":true}]}}