{"id":9528,"date":"2022-08-26T04:55:05","date_gmt":"2022-08-26T08:55:05","guid":{"rendered":"https:\/\/ciudadliberal.cl\/?p=9528"},"modified":"2022-08-26T04:55:08","modified_gmt":"2022-08-26T08:55:08","slug":"volodimir-zelenski-rusia-puso-a-europa-cerca-del-desastre-radioactivo","status":"publish","type":"post","link":"https:\/\/ciudadliberal.cl\/?p=9528","title":{"rendered":"Volodimir Zelenski: Rusia puso a Europa cerca \u00abdel desastre radioactivo\u00bb"},"content":{"rendered":"\n<p>\u00abEl OIEA y otras organizaciones internacionales deben actuar mucho m\u00e1s r\u00e1pido de lo que lo hacen ahora\u00bb, dijo el presidente de Ucrania.<\/p>\n\n\n\n<p><\/p>\n\n\n\n<p>El presidente de Ucrania,&nbsp;<a href=\"https:\/\/www.dw.com\/es\/zelenski-volodimir\/t-47318346\">Volodimir Zelenski<\/a>, asegur\u00f3 este jueves (25.08.2022) que Rusia, con su actuaci\u00f3n en la&nbsp;<a href=\"https:\/\/www.dw.com\/es\/central-de-zaporiyia-se-desconecta-de-la-red-el%C3%A9ctrica-de-ucrania-por-primera-vez\/a-62933718\">central nuclear de Zaporiyia<\/a>, ha puesto a Ucrania y a toda la poblaci\u00f3n europea \u00aba un paso de un desastre radioactivo\u00bb.<\/p>\n\n\n\n<p>\u00abEl OIEA (Organismo Internacional de Energ\u00eda At\u00f3mica) y otras organizaciones internacionales deben actuar mucho m\u00e1s r\u00e1pido de lo que lo hacen ahora porque cada minuto que las tropas rusas permanecen en la planta de energ\u00eda nuclear es un riesgo de un desastre de radiaci\u00f3n global\u00bb, dijo Zelenski en su habitual discurso nocturno.<\/p>\n\n\n\n<p>El presidente ucraniano ha referido que, por primera vez en la historia, \u00abla central nuclear de&nbsp;<a href=\"https:\/\/www.dw.com\/es\/zaporiyia-central-nuclear\/t-62712616\">Zaporiyia<\/a>&nbsp;se detuvo\u00bb, pero \u00abla protecci\u00f3n de emergencia de las unidades de energ\u00eda funcion\u00f3, despu\u00e9s de que la \u00faltima l\u00ednea de trabajo del retorno de energ\u00eda de la planta al sistema de energ\u00eda ucraniano fuera da\u00f1ada por los bombardeos rusos\u00bb. Entonces, explic\u00f3, los generadores di\u00e9sel se activaron de inmediato para proporcionar energ\u00eda a la planta, \u00abpara apoyarla despu\u00e9s del cierre\u00bb.<\/p>\n\n\n\n<p>\u00abEl mundo debe entender qu\u00e9 si los generadores di\u00e9sel no se hubieran encendido, -asegur\u00f3 Zelenski- si la automatizaci\u00f3n y nuestro personal de la planta no hubieran reaccionado despu\u00e9s del apag\u00f3n, entonces ya estar\u00edamos obligados a superar las consecuencias del accidente de radiaci\u00f3n\u00bb. Y a\u00f1adi\u00f3: \u00abRusia ha puesto a\u00a0<a href=\"https:\/\/www.dw.com\/es\/ucrania\/t-36925922\">Ucrania<\/a>\u00a0y a todos los europeos en una situaci\u00f3n a un paso de un desastre radioactivo\u00bb.<\/p>\n\n\n\n<p><\/p>\n\n\n\n<p>V\u00eda: <a href=\"https:\/\/www.dw.com\/es\/volodimir-zelenski-rusia-puso-a-europa-cerca-del-desastre-radioactivo\/a-62934247\">DW<\/a><\/p>\n\n\n\n<p><a href=\"https:\/\/www.facebook.com\/sharer\/sharer.php?u=https%3A%2F%2Fp.dw.com%2Fp%2F4G44V%3Fmaca%3Des-Facebook-sharing\"><\/a><\/p>\n","protected":false},"excerpt":{"rendered":"<p>\u00abEl OIEA y otras organizaciones internacionales deben actuar mucho m\u00e1s r\u00e1pido de lo que lo hacen ahora\u00bb, dijo el presidente de Ucrania. El presidente de Ucrania,&nbsp;Volodimir Zelenski, asegur\u00f3 este jueves (25.08.2022) que Rusia, con su actuaci\u00f3n en la&nbsp;central nuclear de Zaporiyia, ha puesto a Ucrania y a toda la poblaci\u00f3n europea \u00aba un paso de [&hellip;]<\/p>\n","protected":false},"author":1,"featured_media":9529,"comment_status":"closed","ping_status":"closed","sticky":false,"template":"","format":"standard","meta":{"footnotes":""},"categories":[14,2],"tags":[],"class_list":["post-9528","post","type-post","status-publish","format-standard","has-post-thumbnail","hentry","category-entertainment","category-portada"],"_links":{"self":[{"href":"https:\/\/ciudadliberal.cl\/index.php?rest_route=\/wp\/v2\/posts\/9528","targetHints":{"allow":["GET"]}}],"collection":[{"href":"https:\/\/ciudadliberal.cl\/index.php?rest_route=\/wp\/v2\/posts"}],"about":[{"href":"https:\/\/ciudadliberal.cl\/index.php?rest_route=\/wp\/v2\/types\/post"}],"author":[{"embeddable":true,"href":"https:\/\/ciudadliberal.cl\/index.php?rest_route=\/wp\/v2\/users\/1"}],"replies":[{"embeddable":true,"href":"https:\/\/ciudadliberal.cl\/index.php?rest_route=%2Fwp%2Fv2%2Fcomments&post=9528"}],"version-history":[{"count":1,"href":"https:\/\/ciudadliberal.cl\/index.php?rest_route=\/wp\/v2\/posts\/9528\/revisions"}],"predecessor-version":[{"id":9530,"href":"https:\/\/ciudadliberal.cl\/index.php?rest_route=\/wp\/v2\/posts\/9528\/revisions\/9530"}],"wp:featuredmedia":[{"embeddable":true,"href":"https:\/\/ciudadliberal.cl\/index.php?rest_route=\/wp\/v2\/media\/9529"}],"wp:attachment":[{"href":"https:\/\/ciudadliberal.cl\/index.php?rest_route=%2Fwp%2Fv2%2Fmedia&parent=9528"}],"wp:term":[{"taxonomy":"category","embeddable":true,"href":"https:\/\/ciudadliberal.cl\/index.php?rest_route=%2Fwp%2Fv2%2Fcategories&post=9528"},{"taxonomy":"post_tag","embeddable":true,"href":"https:\/\/ciudadliberal.cl\/index.php?rest_route=%2Fwp%2Fv2%2Ftags&post=9528"}],"curies":[{"name":"wp","href":"https:\/\/api.w.org\/{rel}","templated":true}]}}