{"id":9523,"date":"2022-08-19T09:51:48","date_gmt":"2022-08-19T13:51:48","guid":{"rendered":"https:\/\/ciudadliberal.cl\/?p=9523"},"modified":"2022-08-19T09:51:51","modified_gmt":"2022-08-19T13:51:51","slug":"zelenski-no-es-realista-negociar-en-medio-de-la-invasion","status":"publish","type":"post","link":"https:\/\/ciudadliberal.cl\/?p=9523","title":{"rendered":"Zelenski: no es realista negociar en medio de la invasi\u00f3n"},"content":{"rendered":"\n<p>El presidente ucraniano hizo esta advertencia en una reuni\u00f3n con el jefe de la ONU, Antonio Guterres, y el presidente turco, Recep Tayyip Erdogan.<\/p>\n\n\n\n<p><\/p>\n\n\n\n<p>El presidente de&nbsp;<a href=\"https:\/\/www.dw.com\/es\/ucrania\/t-36925922\">Ucrania<\/a>, Volodimir Zelenski, dijo el jueves (18.08.2022) que no es realista plantearse negociaci\u00f3n de paz alguna con&nbsp;<a href=\"https:\/\/www.dw.com\/es\/rusia\/t-17410119\">Rusia<\/a>&nbsp;mientras la invasi\u00f3n contin\u00fae y las tropas invasoras sigan matando ucranianos.<\/p>\n\n\n\n<p>Zelenski subray\u00f3 lo anterior tras un encuentro con el secretario general de la ONU, Antonio Guterres, y el presidente turco, Recep Tayyip Erdogan.<\/p>\n\n\n\n<p>La reuni\u00f3n estuvo flanqueada por fuertes medidas de seguridad. La estaci\u00f3n de tren y varios centros comerciales fueron inspeccionados en busca de posibles explosivos despu\u00e9s de un aviso an\u00f3nimo.<\/p>\n\n\n\n<p>Los tres temas que dominaron la conversaci\u00f3n fueron los problemas de seguridad alimentaria, la&nbsp;<a href=\"https:\/\/www.dw.com\/es\/antonio-guterres-cualquier-da%C3%B1o-a-zaporiyia-ser%C3%ADa-un-suicidio\/a-62859447\">situaci\u00f3n en la central nuclear de Zaporiyia<\/a>&nbsp;y la falta de perspectivas de negociaciones de paz.<\/p>\n\n\n\n<p>Erdogan calific\u00f3 de \u00e9xito el pacto de exportaci\u00f3n de cereales de Ucrania y record\u00f3 que 25 barcos han partido de los tres puertos ucranianos del Mar Negro con casi 625.000 toneladas de cereales a bordo.<\/p>\n\n\n\n<p>Zelenski dijo que se discuti\u00f3 el progreso en la implementaci\u00f3n del acuerdo, as\u00ed como las formas de involucrar a\u00fan m\u00e1s barcos en la iniciativa.<\/p>\n\n\n\n<p>Adem\u00e1s conden\u00f3 el robo del grano ucraniano y su reventa por parte de Rusia as\u00ed como el \u00abchantaje nuclear\u00bb en torno a la central de Zaporiyia, ocupada por las tropas rusas desde marzo.<\/p>\n\n\n<blockquote class=\"twitter-tweet\">\n<p lang=\"es\" dir=\"ltr\">El presidente de Turqu\u00eda se reuni\u00f3 este jueves en la ciudad ucraniana de Le\u00f3polis con su hom\u00f3logo y anfitri\u00f3n Volod\u00edmir Zelenski y con el secretario general de la ONU, Antonio Guterres <a href=\"https:\/\/t.co\/cncyxFLILq\">https:\/\/t.co\/cncyxFLILq<\/a> <a href=\"https:\/\/twitter.com\/hashtag\/Noticias?src=hash&amp;ref_src=twsrc%5Etfw\">#Noticias<\/a> \ud83c\uddfa\ud83c\udde6<\/p>\n<p>&mdash; PanAm Post Espa\u00f1ol (@PanAmPost_es) <a href=\"https:\/\/twitter.com\/PanAmPost_es\/status\/1560371086268801024?ref_src=twsrc%5Etfw\">August 18, 2022<\/a><\/p><\/blockquote>\n<p> <script async src=\"https:\/\/platform.twitter.com\/widgets.js\" charset=\"utf-8\"><\/script><\/p>\n\n\n\n<p>Agreg\u00f3 que Rusia tiene que \u00abinmediatamente y sin m\u00e1s condiciones retirar sus tropas de la planta, detener todas las provocaciones y detener todos los bombardeos\u00bb de su territorio.<\/p>\n\n\n\n<p>Guterres dijo que la ONU estaba lista para respaldar una misi\u00f3n de la Agencia Internacional de Energ\u00eda At\u00f3mica (OIEA) siempre y cuando hubiera garant\u00edas de Ucrania y de Rusia.<\/p>\n\n\n\n<p>\u00abLa instalaci\u00f3n no debe ser utilizada como parte de ninguna operaci\u00f3n militar. En cambio, se necesita con urgencia un acuerdo para restablecer Zaporiyia como infraestructura puramente civil y garantizar la seguridad de la zona\u00bb, dijo Guterres.<\/p>\n\n\n\n<p>Guterres tambi\u00e9n anunci\u00f3 la creaci\u00f3n de una misi\u00f3n de investigaci\u00f3n, encabezada por el general brasile\u00f1o Carlos dos Santos Cruz de Brasil, para inspeccionar Olenivka, donde se encuentran recluidos m\u00e1s de 2.000 prisioneros de guerra ucranianos de Mariupol.<\/p>\n\n\n\n<p>Agreg\u00f3 que evaluar\u00eda con el presidente ruso, Vlad\u00edmir Putin, los resultados de la conversaci\u00f3n trilateral en relaci\u00f3n a la posibilidad de efectuar ese intercambio.<\/p>\n\n\n\n<p>Aunque Zelensky subray\u00f3 que las negociaciones de paz solo podr\u00edan comenzar despu\u00e9s de que Rusia retirara su ej\u00e9rcito de Ucrania, enfatiz\u00f3 que su conversaci\u00f3n con Erdogan fue muy detallada y fruct\u00edfera y que se hab\u00eda hecho \u00e9nfasis en el tema de la reconstrucci\u00f3n de la posguerra.<\/p>\n\n\n\n<p><\/p>\n\n\n\n<p>V\u00eda: <a href=\"https:\/\/www.dw.com\/es\/zelenski-no-es-realista-negociar-en-medio-de-la-invasi%C3%B3n\/a-62860858\">DW<\/a><\/p>\n\n\n\n<p><a href=\"https:\/\/www.facebook.com\/sharer\/sharer.php?u=https%3A%2F%2Fp.dw.com%2Fp%2F4Fkyo%3Fmaca%3Des-Facebook-sharing\"><\/a><\/p>\n","protected":false},"excerpt":{"rendered":"<p>El presidente ucraniano hizo esta advertencia en una reuni\u00f3n con el jefe de la ONU, Antonio Guterres, y el presidente turco, Recep Tayyip Erdogan. El presidente de&nbsp;Ucrania, Volodimir Zelenski, dijo el jueves (18.08.2022) que no es realista plantearse negociaci\u00f3n de paz alguna con&nbsp;Rusia&nbsp;mientras la invasi\u00f3n contin\u00fae y las tropas invasoras sigan matando ucranianos. Zelenski subray\u00f3 [&hellip;]<\/p>\n","protected":false},"author":1,"featured_media":9524,"comment_status":"closed","ping_status":"closed","sticky":false,"template":"","format":"standard","meta":{"footnotes":""},"categories":[14,2],"tags":[],"class_list":["post-9523","post","type-post","status-publish","format-standard","has-post-thumbnail","hentry","category-entertainment","category-portada"],"_links":{"self":[{"href":"https:\/\/ciudadliberal.cl\/index.php?rest_route=\/wp\/v2\/posts\/9523","targetHints":{"allow":["GET"]}}],"collection":[{"href":"https:\/\/ciudadliberal.cl\/index.php?rest_route=\/wp\/v2\/posts"}],"about":[{"href":"https:\/\/ciudadliberal.cl\/index.php?rest_route=\/wp\/v2\/types\/post"}],"author":[{"embeddable":true,"href":"https:\/\/ciudadliberal.cl\/index.php?rest_route=\/wp\/v2\/users\/1"}],"replies":[{"embeddable":true,"href":"https:\/\/ciudadliberal.cl\/index.php?rest_route=%2Fwp%2Fv2%2Fcomments&post=9523"}],"version-history":[{"count":1,"href":"https:\/\/ciudadliberal.cl\/index.php?rest_route=\/wp\/v2\/posts\/9523\/revisions"}],"predecessor-version":[{"id":9525,"href":"https:\/\/ciudadliberal.cl\/index.php?rest_route=\/wp\/v2\/posts\/9523\/revisions\/9525"}],"wp:featuredmedia":[{"embeddable":true,"href":"https:\/\/ciudadliberal.cl\/index.php?rest_route=\/wp\/v2\/media\/9524"}],"wp:attachment":[{"href":"https:\/\/ciudadliberal.cl\/index.php?rest_route=%2Fwp%2Fv2%2Fmedia&parent=9523"}],"wp:term":[{"taxonomy":"category","embeddable":true,"href":"https:\/\/ciudadliberal.cl\/index.php?rest_route=%2Fwp%2Fv2%2Fcategories&post=9523"},{"taxonomy":"post_tag","embeddable":true,"href":"https:\/\/ciudadliberal.cl\/index.php?rest_route=%2Fwp%2Fv2%2Ftags&post=9523"}],"curies":[{"name":"wp","href":"https:\/\/api.w.org\/{rel}","templated":true}]}}