{"id":9520,"date":"2022-08-18T08:43:18","date_gmt":"2022-08-18T12:43:18","guid":{"rendered":"https:\/\/ciudadliberal.cl\/?p=9520"},"modified":"2022-08-18T08:44:09","modified_gmt":"2022-08-18T12:44:09","slug":"rusia-amenaza-con-cerrar-central-de-zaporiya-si-continuan-ataques-de-kiev","status":"publish","type":"post","link":"https:\/\/ciudadliberal.cl\/?p=9520","title":{"rendered":"Rusia amenaza con cerrar central de Zaporiya si contin\u00faan ataques de Kiev"},"content":{"rendered":"\n<p>Las autoridades rusas aseguraron que dos de los reactores de la planta pueden ponerse en fr\u00edo, lo que detendr\u00eda su funcionamiento.<\/p>\n\n\n\n<p>Las acusaciones cruzadas entre Rusia y Ucrania sobre&nbsp;<a href=\"https:\/\/www.dw.com\/es\/zelenski-urge-a-rusia-retirada-incondicional-de-central-nuclear-zaporiyia\/a-62843572\">los bombardeos a la central nuclear de Zaporiyia se han convertido en el nuevo foco de tensi\u00f3n<\/a>&nbsp;en la actual guerra entre estos dos pa\u00edses. Es as\u00ed como este jueves (18.08.2022) Rusia declar\u00f3 que el funcionamiento de la planta nuclear m\u00e1s grande de Europa, bajo control ruso, puede ser suspendido si no cesan los ataques de los que Mosc\u00fa culpa a las fuerzas de Kiev.<\/p>\n\n\n\n<p>\u00abEn caso del desarrollo negativo de la situaci\u00f3n relacionada con el bombardeo de la central nuclear por parte de Ucrania, se puede estudiar poner los reactores 5 y 6 en reserva en fr\u00edo, lo que conducir\u00e1 al cierre de la central nuclear de&nbsp;<a href=\"https:\/\/www.dw.com\/es\/zaporiyia-central-nuclear\/t-62712616\">Zaporiyia<\/a>\u00ab, dijo \u00cdgor Kirillov, comandante de las tropas de Defensa Nuclear, Biol\u00f3gica y Qu\u00edmica de Rusia.<\/p>\n\n\n\n<p>Seg\u00fan Kirillov, la planta nuclear \u00absufre ataques sistem\u00e1ticos de las fuerzas armadas de Ucrania desde el 18 de julio\u00bb. A lo que agrega que Ucrania y EE.UU. tratan de causar una aver\u00eda en la planta at\u00f3mica para impedir su explotaci\u00f3n normal y acusar de ello a Rusia.<\/p>\n\n\n\n<p>Las \u00abprovocaciones\u00bb de Kiev buscan adem\u00e1s crear una zona de exclusi\u00f3n de hasta 30 kil\u00f3metros en torno a la central, la introducci\u00f3n de fuerzas internacionales y observadores extranjeros en el territorio de la planta, as\u00ed como la acusaci\u00f3n de las Fuerzas Armadas de Rusia de terrorismo nuclear, se\u00f1alo Kirillov recientemente.<\/p>\n\n\n\n<p>Horas antes Rusia ya hab\u00eda denunciado que las autoridades ucranianas preparan una \u00abprovocaci\u00f3n sonada\u00bb en la central de Zaporiyia durante la\u00a0<a href=\"https:\/\/www.dw.com\/es\/por-riesgo-de-accidente-nuclear-la-otan-reclama-inspecci%C3%B3n-urgente-de-planta-de-zaporiyia\/a-62839707\">visita a Ucrania del secretario general de la ONU<\/a>, Ant\u00f3nio Guterres.<\/p>\n\n\n\n<p><\/p>\n\n\n\n<p>V\u00eda: <a href=\"https:\/\/www.dw.com\/es\/rusia-amenaza-con-cerrar-central-de-zaporiya-si-contin%C3%BAan-ataques-de-kiev\/a-62851841\">DW<\/a><\/p>\n\n\n\n<p><a href=\"https:\/\/www.facebook.com\/sharer\/sharer.php?u=https%3A%2F%2Fp.dw.com%2Fp%2F4FidN%3Fmaca%3Des-Facebook-sharing\"><\/a><\/p>\n","protected":false},"excerpt":{"rendered":"<p>Las autoridades rusas aseguraron que dos de los reactores de la planta pueden ponerse en fr\u00edo, lo que detendr\u00eda su funcionamiento. Las acusaciones cruzadas entre Rusia y Ucrania sobre&nbsp;los bombardeos a la central nuclear de Zaporiyia se han convertido en el nuevo foco de tensi\u00f3n&nbsp;en la actual guerra entre estos dos pa\u00edses. Es as\u00ed como [&hellip;]<\/p>\n","protected":false},"author":1,"featured_media":9521,"comment_status":"closed","ping_status":"closed","sticky":false,"template":"","format":"standard","meta":{"footnotes":""},"categories":[14,2],"tags":[],"class_list":["post-9520","post","type-post","status-publish","format-standard","has-post-thumbnail","hentry","category-entertainment","category-portada"],"_links":{"self":[{"href":"https:\/\/ciudadliberal.cl\/index.php?rest_route=\/wp\/v2\/posts\/9520","targetHints":{"allow":["GET"]}}],"collection":[{"href":"https:\/\/ciudadliberal.cl\/index.php?rest_route=\/wp\/v2\/posts"}],"about":[{"href":"https:\/\/ciudadliberal.cl\/index.php?rest_route=\/wp\/v2\/types\/post"}],"author":[{"embeddable":true,"href":"https:\/\/ciudadliberal.cl\/index.php?rest_route=\/wp\/v2\/users\/1"}],"replies":[{"embeddable":true,"href":"https:\/\/ciudadliberal.cl\/index.php?rest_route=%2Fwp%2Fv2%2Fcomments&post=9520"}],"version-history":[{"count":1,"href":"https:\/\/ciudadliberal.cl\/index.php?rest_route=\/wp\/v2\/posts\/9520\/revisions"}],"predecessor-version":[{"id":9522,"href":"https:\/\/ciudadliberal.cl\/index.php?rest_route=\/wp\/v2\/posts\/9520\/revisions\/9522"}],"wp:featuredmedia":[{"embeddable":true,"href":"https:\/\/ciudadliberal.cl\/index.php?rest_route=\/wp\/v2\/media\/9521"}],"wp:attachment":[{"href":"https:\/\/ciudadliberal.cl\/index.php?rest_route=%2Fwp%2Fv2%2Fmedia&parent=9520"}],"wp:term":[{"taxonomy":"category","embeddable":true,"href":"https:\/\/ciudadliberal.cl\/index.php?rest_route=%2Fwp%2Fv2%2Fcategories&post=9520"},{"taxonomy":"post_tag","embeddable":true,"href":"https:\/\/ciudadliberal.cl\/index.php?rest_route=%2Fwp%2Fv2%2Ftags&post=9520"}],"curies":[{"name":"wp","href":"https:\/\/api.w.org\/{rel}","templated":true}]}}