{"id":9515,"date":"2022-08-18T08:35:21","date_gmt":"2022-08-18T12:35:21","guid":{"rendered":"https:\/\/ciudadliberal.cl\/?p=9515"},"modified":"2022-08-18T08:35:24","modified_gmt":"2022-08-18T12:35:24","slug":"paris-y-las-mujeres-que-hicieron-historia-invisibles-o-demonizadas","status":"publish","type":"post","link":"https:\/\/ciudadliberal.cl\/?p=9515","title":{"rendered":"Par\u00eds y las mujeres que hicieron historia: invisibles o demonizadas"},"content":{"rendered":"\n<p>La mayor\u00eda de las visitas guiadas por Par\u00eds giran en torno a los logros de los hombres. El papel de las mujeres en la historia de la capital francesa queda, por lo general, en la oscuridad. Pero eso est\u00e1 cambiando ahora.<\/p>\n\n\n\n<p>Una ma\u00f1ana soleada en Par\u00eds. La gu\u00eda tur\u00edstica Mina Briant pasa con un grupo de visitantes por el legendario caf\u00e9 \u00abLes deux Magots\u201d, y por la Iglesia de Saint-Germain-des-Pr\u00e9s. Pero no se detiene all\u00ed, sino que dobla hacia un patio con jardines en una calle lateral. Ese oasis verde es el domicilio de \u00ab\u00c9space des femmes\u201d, la primera editorial de mujeres, fundada a comienzos de los a\u00f1os 70 por Antoinette Fouque. Mina Briant trabaja para la agencia \u00abWomen of Paris\u201d, y explica c\u00f3mo se cre\u00f3 esa editorial.<\/p>\n\n\n\n<h2 class=\"wp-block-heading\">Colette, George Sand, Simone de Beauvoir<\/h2>\n\n\n\n<p>\u00abEra una \u00e9poca de protestas en Francia contra un manifiesto a favor del aborto que fue redactado, entre otras, por la escritora feminista&nbsp;<a href=\"https:\/\/www.dw.com\/es\/simone-de-beauvoir\/t-62840888\">Simone de Beauvoir\u201d.<\/a>&nbsp;Hasta hoy, en la editorial, que incluye una librer\u00eda, se presentan las obras de la famosa autora.<\/p>\n\n\n\n<p>Es el inicio exitoso de un recorrido que tiene como tema\u00a0<a href=\"https:\/\/www.dw.com\/es\/mujeres-en-la-literatura-mundial-de-invisibles-a-inevitables\/a-58888378\">las luchas y las conquistas de las mujeres -escritoras y editoras-<\/a>\u00a0en la capital gala. Algunas calles m\u00e1s all\u00e1, Briant muestra el departamento donde vivi\u00f3 la escritora Sidonie-Gabrielle Colette, m\u00e1s conocida como Colette, en 1890, junto con su primer esposo, Willy, un editor. \u00abWilly encerraba a Colette durante horas en una habitaci\u00f3n, para que se pudiera concentrar en su trabajo, y, en lo posible, escribiera mucho, ya que \u00e9l ganaba dinero con su talento\u201d, explica.<\/p>\n\n\n\n<figure class=\"wp-block-image size-full\"><img loading=\"lazy\" decoding=\"async\" width=\"700\" height=\"394\" src=\"https:\/\/ciudadliberal.cl\/wp-content\/uploads\/2022\/08\/image-1.png\" alt=\"\" class=\"wp-image-9516\" srcset=\"https:\/\/ciudadliberal.cl\/wp-content\/uploads\/2022\/08\/image-1.png 700w, https:\/\/ciudadliberal.cl\/wp-content\/uploads\/2022\/08\/image-1-300x169.png 300w, https:\/\/ciudadliberal.cl\/wp-content\/uploads\/2022\/08\/image-1-640x360.png 640w, https:\/\/ciudadliberal.cl\/wp-content\/uploads\/2022\/08\/image-1-681x383.png 681w\" sizes=\"auto, (max-width: 700px) 100vw, 700px\" \/><\/figure>\n\n\n\n<p><\/p>\n\n\n\n<p>En otra esquina poco vistosa, la gu\u00eda tur\u00edstica se\u00f1ala la casa en la que vivi\u00f3 durante un tiempo la escritora George Sand, nacida en 1804 como Amantine Aurore Lucile Dupin. Fue la primera mujer que trabaj\u00f3 para el peri\u00f3dico \u00abLe Figaro\u201d. Escribi\u00f3 m\u00e1s de 80 novelas y cuentos cortos, y era conocida por sus numerosas relaciones amorosas, tanto con hombres como con mujeres, entre otros, con el pianista Fr\u00e9d\u00e9ric Chopin. La autora adopt\u00f3 un nombre masculino porque su editor le dijo que as\u00ed vender\u00eda m\u00e1s ejemplares. \u00abY ella vivi\u00f3 su alter ego al m\u00e1ximo\u201d, dice Briant. \u00abSe vest\u00eda con ropa masculina, fumaba pipa en p\u00fablico y logr\u00f3 obtener una licencia para travestirse, lo cual era ilegal en ese momento\u201d.<\/p>\n\n\n\n<h2 class=\"wp-block-heading\">Las mujeres,&nbsp;\u00abinvisibles\u201d o \u00abdemonizadas\u201d&nbsp;<\/h2>\n\n\n\n<p>El barrio de Saint-Germain-des-Pr\u00e9s se asocia, por lo general, con nombres como Jean-Paul Sartre, o Ernest Hemingway, y los de otros intelectuales que se reun\u00edan en los caf\u00e9s. Tambi\u00e9n surgen siempre personalidades hist\u00f3ricas como Enrique IV, Napole\u00f3n Bonaparte, V\u00edctor Hugo, o Luis XVI, explica a DW Heidi Evans, fundadora de \u00abWomen of Paris\u201d: \u00abPero eso es solo un lado de la historia, y en \u00e9l se trata de glorificar a los hombres y demonizar a las mujeres, como Mar\u00eda Antonieta [\u00faltima reina de Francia antes de la revoluci\u00f3n de 1789], o Catalina de M\u00e9dici [reina consorte de Francia de 1547 a 1559, N. de la R.], difamadas casi siempre por los gu\u00edas de turismo como monarcas mal\u00e9ficas y \u00e1vidas de sangre. Algunas mujeres incluso solo se mencionan como amantes o musas \u00ab. Heidi Evans se mud\u00f3 de Londres a Par\u00eds luego de estudiar Literatura Francesa y comenz\u00f3 su trabajo como gu\u00eda tur\u00edstica en 2014, profundizando su investigaci\u00f3n sobre el rol de las mujeres en la historia de la capital francesa.<\/p>\n\n\n\n<figure class=\"wp-block-image size-full\"><img loading=\"lazy\" decoding=\"async\" width=\"340\" height=\"191\" src=\"https:\/\/ciudadliberal.cl\/wp-content\/uploads\/2022\/08\/image-2.png\" alt=\"\" class=\"wp-image-9517\" srcset=\"https:\/\/ciudadliberal.cl\/wp-content\/uploads\/2022\/08\/image-2.png 340w, https:\/\/ciudadliberal.cl\/wp-content\/uploads\/2022\/08\/image-2-300x169.png 300w\" sizes=\"auto, (max-width: 340px) 100vw, 340px\" \/><figcaption>Heidi Evans, experta en Literatura Francesa y creadora de los recorridos tur\u00edsticos \u00abMujeres de Par\u00eds\u00bb.<br><\/figcaption><\/figure>\n\n\n\n<p>En 2016, Evans inici\u00f3 los recorridos \u00abMujeres de Par\u00eds\u201d, el primero de varios paseos tem\u00e1ticos dedicados a la historia de las mujeres y su influencia decisiva en las artes, el teatro, la literatura, la cultura y la pol\u00edtica de la ciudad. \u00abLas mujeres han sido invisibles durante siglos en la historia de Francia\u00bb, dice Evans. \u00abEn Londres eso es muy diferente. All\u00ed, la reina es la mayor atracci\u00f3n tur\u00edstica; las figuras m\u00e1s populares de la monarqu\u00eda eran mujeres. Me result\u00f3 a\u00fan m\u00e1s sorprendente lo negativa que era la visi\u00f3n de Francia de sus reinas\u201d.<\/p>\n\n\n\n<h2 class=\"wp-block-heading\">Sepulturas en el Pante\u00f3n y nombres de calles<\/h2>\n\n\n\n<p>Tambi\u00e9n en el Pante\u00f3n, el mausoleo m\u00e1s grande del pa\u00eds, sobre una colina en el Quartier Latin, se ve cu\u00e1n poco honra Francia a sus mujeres. All\u00ed hay pocas mujeres importantes sepultadas. La f\u00edsica y Premio Nobel Marie Curie fue la primera en ser enterrada all\u00ed, p\u00f3stumamente, en 1995. Tambi\u00e9n descansan all\u00ed los restos de&nbsp;la sobreviviente al Holocausto e \u00edcono&nbsp;<a href=\"https:\/\/www.dw.com\/es\/feminismo\/t-41335276\">feminista<\/a>&nbsp;Simone Veil. En 2021, Francia le rindi\u00f3 homenaje a Josephine Baker, cantante, bailarina y activista por los derechos civiles, al sepultarla en el Pante\u00f3n. Un panorama similar se observa en los museos, por ejemplo, en el Louvre, donde solo unas&nbsp;300 de 500.000 obras de arte son de artistas mujeres, se\u00f1ala Evans.<\/p>\n\n\n\n<p>De las 6.000 calles de Par\u00eds, 4.000 llevan nombres de hombres, y solo 300 de mujeres. Tambi\u00e9n la mayor\u00eda de los monumentos de la ciudad recuerdan casi exclusivamente a hombres. Mina Briant cuenta que reci\u00e9n en 2017 -luego de varias peticiones- se incluy\u00f3 a la primera escritora francesa, Madame de la Fayette, en\u00a0la lista de lecturas obligatorias en los planes escolares del bachillerato, junto a autores como V\u00edctor Hugo, Gustave Flaubert y Honor\u00e9 de Balzac. Este a\u00f1o ingres\u00f3 a la lista la dramaturga y activista pol\u00edtica Olympe de Gouges, conocida por su \u00abDeclaraci\u00f3n de los Derechos de la Mujer y de la Ciudadana\u201d, de 1791. \u00abEscritoras como Colette y George Sand eran consideradas livianas y demasiado fr\u00edvolas. No fue sino hasta mucho m\u00e1s tarde, en el siglo XX, que se respet\u00f3 la escritura de las mujeres\u00bb, dice Briant.<\/p>\n\n\n\n<p><\/p>\n\n\n\n<p>V\u00eda: <a href=\"https:\/\/www.dw.com\/es\/par%C3%ADs-y-las-mujeres-que-hicieron-historia-invisibles-o-demonizadas\/a-62840721\">DW<\/a><\/p>\n\n\n\n<p><a href=\"https:\/\/www.facebook.com\/sharer\/sharer.php?u=https%3A%2F%2Fp.dw.com%2Fp%2F4Ffk1%3Fmaca%3Des-Facebook-sharing\"><\/a><\/p>\n","protected":false},"excerpt":{"rendered":"<p>La mayor\u00eda de las visitas guiadas por Par\u00eds giran en torno a los logros de los hombres. El papel de las mujeres en la historia de la capital francesa queda, por lo general, en la oscuridad. Pero eso est\u00e1 cambiando ahora. Una ma\u00f1ana soleada en Par\u00eds. La gu\u00eda tur\u00edstica Mina Briant pasa con un grupo [&hellip;]<\/p>\n","protected":false},"author":1,"featured_media":9518,"comment_status":"closed","ping_status":"closed","sticky":false,"template":"","format":"standard","meta":{"footnotes":""},"categories":[14,2],"tags":[],"class_list":["post-9515","post","type-post","status-publish","format-standard","has-post-thumbnail","hentry","category-entertainment","category-portada"],"_links":{"self":[{"href":"https:\/\/ciudadliberal.cl\/index.php?rest_route=\/wp\/v2\/posts\/9515","targetHints":{"allow":["GET"]}}],"collection":[{"href":"https:\/\/ciudadliberal.cl\/index.php?rest_route=\/wp\/v2\/posts"}],"about":[{"href":"https:\/\/ciudadliberal.cl\/index.php?rest_route=\/wp\/v2\/types\/post"}],"author":[{"embeddable":true,"href":"https:\/\/ciudadliberal.cl\/index.php?rest_route=\/wp\/v2\/users\/1"}],"replies":[{"embeddable":true,"href":"https:\/\/ciudadliberal.cl\/index.php?rest_route=%2Fwp%2Fv2%2Fcomments&post=9515"}],"version-history":[{"count":1,"href":"https:\/\/ciudadliberal.cl\/index.php?rest_route=\/wp\/v2\/posts\/9515\/revisions"}],"predecessor-version":[{"id":9519,"href":"https:\/\/ciudadliberal.cl\/index.php?rest_route=\/wp\/v2\/posts\/9515\/revisions\/9519"}],"wp:featuredmedia":[{"embeddable":true,"href":"https:\/\/ciudadliberal.cl\/index.php?rest_route=\/wp\/v2\/media\/9518"}],"wp:attachment":[{"href":"https:\/\/ciudadliberal.cl\/index.php?rest_route=%2Fwp%2Fv2%2Fmedia&parent=9515"}],"wp:term":[{"taxonomy":"category","embeddable":true,"href":"https:\/\/ciudadliberal.cl\/index.php?rest_route=%2Fwp%2Fv2%2Fcategories&post=9515"},{"taxonomy":"post_tag","embeddable":true,"href":"https:\/\/ciudadliberal.cl\/index.php?rest_route=%2Fwp%2Fv2%2Ftags&post=9515"}],"curies":[{"name":"wp","href":"https:\/\/api.w.org\/{rel}","templated":true}]}}