{"id":9482,"date":"2022-07-21T21:46:07","date_gmt":"2022-07-22T01:46:07","guid":{"rendered":"https:\/\/ciudadliberal.cl\/?p=9482"},"modified":"2022-07-21T21:46:10","modified_gmt":"2022-07-22T01:46:10","slug":"nueva-etapa-chile-y-bolivia-reactivaran-hoja-de-ruta-de-su-relacion-bilateral%ef%bf%bc","status":"publish","type":"post","link":"https:\/\/ciudadliberal.cl\/?p=9482","title":{"rendered":"\u00abNueva etapa\u00bb: Chile y Bolivia reactivar\u00e1n \u00abhoja de ruta\u00bb de su relaci\u00f3n bilateral\ufffc"},"content":{"rendered":"\n<p>Consiste de temas consensuados entre ambas canciller\u00edas en 2021, como frontera, libre tr\u00e1nsito, cultura, turismo, medioambiente, integraci\u00f3n econ\u00f3mica y migraci\u00f3n.<\/p>\n\n\n\n<p>La ministra Antonia Urrejola y su hom\u00f3logo boliviano Rogelio Mayta acordaron \u00abreafirmar su compromiso con la construcci\u00f3n de una agenda de confianza mutua\u00bb.<\/p>\n\n\n\n<figure class=\"wp-block-image size-large\"><img loading=\"lazy\" decoding=\"async\" width=\"1024\" height=\"576\" src=\"https:\/\/ciudadliberal.cl\/wp-content\/uploads\/2022\/07\/foto_0000000120220721195803-1024x576.jpeg\" alt=\"\" class=\"wp-image-9483\" srcset=\"https:\/\/ciudadliberal.cl\/wp-content\/uploads\/2022\/07\/foto_0000000120220721195803-1024x576.jpeg 1024w, https:\/\/ciudadliberal.cl\/wp-content\/uploads\/2022\/07\/foto_0000000120220721195803-300x169.jpeg 300w, https:\/\/ciudadliberal.cl\/wp-content\/uploads\/2022\/07\/foto_0000000120220721195803-768x432.jpeg 768w, https:\/\/ciudadliberal.cl\/wp-content\/uploads\/2022\/07\/foto_0000000120220721195803-746x420.jpeg 746w, https:\/\/ciudadliberal.cl\/wp-content\/uploads\/2022\/07\/foto_0000000120220721195803-640x360.jpeg 640w, https:\/\/ciudadliberal.cl\/wp-content\/uploads\/2022\/07\/foto_0000000120220721195803-681x383.jpeg 681w, https:\/\/ciudadliberal.cl\/wp-content\/uploads\/2022\/07\/foto_0000000120220721195803.jpeg 1130w\" sizes=\"auto, (max-width: 1024px) 100vw, 1024px\" \/><\/figure>\n\n\n\n<p><\/p>\n\n\n\n<p>En una declaraci\u00f3n conjunta,&nbsp;<strong>la canciller chilena Antonia Urrejola y su hom\u00f3logo boliviano, Rogelio Mayta, anunciaron que se acord\u00f3 reactivar la&nbsp;<\/strong><a href=\"https:\/\/www.cooperativa.cl\/noticias\/pais\/relaciones-exteriores\/bolivia\/chile-y-bolivia-retoman-reuniones-bilaterales-damos-paso-a-la\/2021-05-07\/123429.html\" target=\"_blank\" rel=\"noreferrer noopener\"><strong>\u00abhoja de ruta\u00bb<\/strong>&nbsp;de su relaci\u00f3n bilateral<\/a>, consensuada a principios del 2021 en La Paz.<\/p>\n\n\n\n<p>Ambos ministros&nbsp;<strong>sostuvieron conversaciones este jueves en Asunci\u00f3n, Paraguay<\/strong>, \u00aba fin de reafirmar su compromiso con la construcci\u00f3n de una agenda de confianza mutua\u00bb, y en ese sentido, retomar\u00e1n lo trabajado el a\u00f1o pasado, \u00abconvencidos de la necesidad de&nbsp;<strong>iniciar una nueva etapa en la relaci\u00f3n bilateral, en beneficio de ambos pueblos<\/strong>\u00ab.<\/p>\n\n\n\n<p>En mayo del a\u00f1o pasado, Andr\u00e9s Allamand, el entonces titular de Relaciones Exteriores, se\u00f1al\u00f3 que se trabajaba en un&nbsp;<strong>temario para restablecer la relaci\u00f3n diplom\u00e1tica<\/strong>, que incluir\u00eda aspectos como&nbsp;<strong>frontera, libre tr\u00e1nsito, cultura, turismo, medioambiente, integraci\u00f3n econ\u00f3mica y migraci\u00f3n<\/strong>.<\/p>\n\n\n\n<p>Por otra parte, el comunicado de esta jornada agrega que \u00abreafirmando la&nbsp;<strong>importancia del comercio y las inversiones<\/strong>&nbsp;para el desarrollo econ\u00f3mico y social de ambos pueblos, acordaron<strong>&nbsp;retomar, a la brevedad, las conversaciones en materia de Complementaci\u00f3n Econ\u00f3mica<\/strong>\u00ab.<\/p>\n\n\n\n<p>\u00abPor \u00faltimo, ambos Ministerios destacaron la importancia de profundizar el di\u00e1logo en \u00e1reas de inter\u00e9s mutuo\u00bb, cierra el escrito.<\/p>\n\n\n<blockquote class=\"twitter-tweet\">\n<p lang=\"es\" dir=\"ltr\">\u00a1\ud83c\udde8\ud83c\uddf1 y \ud83c\udde7\ud83c\uddf4 reafirmaron su compromiso con la construcci\u00f3n de una agenda de confianza mutua!<\/p>\n<p>As\u00ed lo confirmaron la Canciller <a href=\"https:\/\/twitter.com\/UrrejolaRREE?ref_src=twsrc%5Etfw\">@UrrejolaRREE<\/a> y su par de <a href=\"https:\/\/twitter.com\/MRE_Bolivia?ref_src=twsrc%5Etfw\">@MRE_Bolivia<\/a>, <a href=\"https:\/\/twitter.com\/RogelioMayta_Bo?ref_src=twsrc%5Etfw\">@RogelioMayta_Bo<\/a>, tras un encuentro sostenido en Paraguay. <\/p>\n<p>Revisa la declaraci\u00f3n conjunta \ud83d\udc47\ud83d\udc47 <a href=\"https:\/\/t.co\/QP3W1RGEGG\">pic.twitter.com\/QP3W1RGEGG<\/a><\/p>\n<p>&mdash; Canciller\u00eda Chile \ud83c\udde8\ud83c\uddf1 (@Minrel_Chile) <a href=\"https:\/\/twitter.com\/Minrel_Chile\/status\/1550253643873525760?ref_src=twsrc%5Etfw\">July 21, 2022<\/a><\/p><\/blockquote>\n<p> <script async src=\"https:\/\/platform.twitter.com\/widgets.js\" charset=\"utf-8\"><\/script><\/p>\n\n\n\n<p><\/p>\n\n\n\n<p>V\u00eda: <a href=\"https:\/\/www.cooperativa.cl\/noticias\/pais\/relaciones-exteriores\/bolivia\/nueva-etapa-chile-y-bolivia-reactivaran-hoja-de-ruta-de-su-relacion\/2022-07-21\/195803.html\">DW<\/a><\/p>\n","protected":false},"excerpt":{"rendered":"<p>Consiste de temas consensuados entre ambas canciller\u00edas en 2021, como frontera, libre tr\u00e1nsito, cultura, turismo, medioambiente, integraci\u00f3n econ\u00f3mica y migraci\u00f3n. La ministra Antonia Urrejola y su hom\u00f3logo boliviano Rogelio Mayta acordaron \u00abreafirmar su compromiso con la construcci\u00f3n de una agenda de confianza mutua\u00bb. En una declaraci\u00f3n conjunta,&nbsp;la canciller chilena Antonia Urrejola y su hom\u00f3logo boliviano, [&hellip;]<\/p>\n","protected":false},"author":1,"featured_media":9484,"comment_status":"closed","ping_status":"closed","sticky":false,"template":"","format":"standard","meta":{"footnotes":""},"categories":[14,2],"tags":[],"class_list":["post-9482","post","type-post","status-publish","format-standard","has-post-thumbnail","hentry","category-entertainment","category-portada"],"_links":{"self":[{"href":"https:\/\/ciudadliberal.cl\/index.php?rest_route=\/wp\/v2\/posts\/9482","targetHints":{"allow":["GET"]}}],"collection":[{"href":"https:\/\/ciudadliberal.cl\/index.php?rest_route=\/wp\/v2\/posts"}],"about":[{"href":"https:\/\/ciudadliberal.cl\/index.php?rest_route=\/wp\/v2\/types\/post"}],"author":[{"embeddable":true,"href":"https:\/\/ciudadliberal.cl\/index.php?rest_route=\/wp\/v2\/users\/1"}],"replies":[{"embeddable":true,"href":"https:\/\/ciudadliberal.cl\/index.php?rest_route=%2Fwp%2Fv2%2Fcomments&post=9482"}],"version-history":[{"count":1,"href":"https:\/\/ciudadliberal.cl\/index.php?rest_route=\/wp\/v2\/posts\/9482\/revisions"}],"predecessor-version":[{"id":9485,"href":"https:\/\/ciudadliberal.cl\/index.php?rest_route=\/wp\/v2\/posts\/9482\/revisions\/9485"}],"wp:featuredmedia":[{"embeddable":true,"href":"https:\/\/ciudadliberal.cl\/index.php?rest_route=\/wp\/v2\/media\/9484"}],"wp:attachment":[{"href":"https:\/\/ciudadliberal.cl\/index.php?rest_route=%2Fwp%2Fv2%2Fmedia&parent=9482"}],"wp:term":[{"taxonomy":"category","embeddable":true,"href":"https:\/\/ciudadliberal.cl\/index.php?rest_route=%2Fwp%2Fv2%2Fcategories&post=9482"},{"taxonomy":"post_tag","embeddable":true,"href":"https:\/\/ciudadliberal.cl\/index.php?rest_route=%2Fwp%2Fv2%2Ftags&post=9482"}],"curies":[{"name":"wp","href":"https:\/\/api.w.org\/{rel}","templated":true}]}}