{"id":9479,"date":"2022-07-18T11:15:47","date_gmt":"2022-07-18T15:15:47","guid":{"rendered":"https:\/\/ciudadliberal.cl\/?p=9479"},"modified":"2022-07-18T11:15:49","modified_gmt":"2022-07-18T15:15:49","slug":"la-union-europea-revisa-hoy-sanciones-e-incluyen-veto-al-oro-ruso","status":"publish","type":"post","link":"https:\/\/ciudadliberal.cl\/?p=9479","title":{"rendered":"La Uni\u00f3n Europea revisa hoy sanciones e incluyen veto al oro ruso"},"content":{"rendered":"\n<p>Los ministros de Exteriores de la Uni\u00f3n Europea revisan el \u00faltimo paquete de sanciones contra Rusia, agregan nuevos nombres a la lista de sancionados y vetan las importaciones de oro ruso.<\/p>\n\n\n\n<p>El cierre del mercado comunitario al oro procedente de Rusia sigue la estela ya iniciada por otros socios en el seno del G7 y pretende mantener la presi\u00f3n sobre el r\u00e9gimen de Vladimir Putin tras la&nbsp;<a href=\"https:\/\/www.dw.com\/es\/canciller-scholz-no-podemos-permitir-que-putin-gane-la-guerra\/a-61940736\">invasi\u00f3n de Ucrania,<\/a>&nbsp;aunque el s\u00e9ptimo paquete sobre la mesa no aborda m\u00e1s medidas en el plano energ\u00e9tico que a\u00fan no est\u00e1n suficientemente \u00abmaduras\u00bb.<\/p>\n\n\n\n<p>Las&nbsp;<a href=\"https:\/\/www.dw.com\/es\/estados-unidos-sanciona-a-las-hijas-de-vladimir-putin\/a-61383373\">sanciones<\/a>debidas a la guerra contra&nbsp;<a href=\"https:\/\/www.dw.com\/es\/ucrania\/t-36925922\">Ucrania<\/a>&nbsp;que discutir\u00e1n los ministros no plantean reservas relevantes entre las delegaciones, seg\u00fan distintas fuentes europeas, por lo que se espera su r\u00e1pida adopci\u00f3n a lo largo de la semana, pero m\u00e1s tarde del encuentro de ministros, probablemente el mi\u00e9rcoles en un tr\u00e1mite a nivel de embajadores.<\/p>\n\n\n\n<h2 class=\"wp-block-heading\">Buscan desbloquear 500 millones de euro para armas para Ucrania<\/h2>\n\n\n\n<p>Los ministros dedicar\u00e1n igualmente parte de la agenda a discutir de manera m\u00e1s amplia la situaci\u00f3n en Ucrania y c\u00f3mo reforzar la respuesta coordinada desde la comunidad internacional, con la implicaci\u00f3n de otros socios fuera de la UE, pero tambi\u00e9n se cuenta con que cierren el acuerdo pol\u00edtico para desbloquear un nuevo tramo de 500 millones de euros para la compra de armas para Ucrania.<\/p>\n\n\n\n<p>Los Veintisiete, adem\u00e1s, podr\u00e1n trasladar estas cuestiones al ministro de Asuntos Exteriores de Ucrania, Dimitro Kuleba, que ha sido invitado una vez m\u00e1s a participar en una discusi\u00f3n con los ministros por v\u00eda telem\u00e1tica para hacer balance de la situaci\u00f3n y escuchar sus demandas.<\/p>\n\n\n\n<p><\/p>\n\n\n\n<p>V\u00eda: <a href=\"https:\/\/www.dw.com\/es\/la-uni%C3%B3n-europea-revisa-hoy-sanciones-e-incluyen-veto-al-oro-ruso\/a-62505487\">DW<\/a><\/p>\n\n\n\n<p><a href=\"https:\/\/www.facebook.com\/sharer\/sharer.php?u=https%3A%2F%2Fp.dw.com%2Fp%2F4EGX1%3Fmaca%3Des-Facebook-sharing\"><\/a><\/p>\n","protected":false},"excerpt":{"rendered":"<p>Los ministros de Exteriores de la Uni\u00f3n Europea revisan el \u00faltimo paquete de sanciones contra Rusia, agregan nuevos nombres a la lista de sancionados y vetan las importaciones de oro ruso. El cierre del mercado comunitario al oro procedente de Rusia sigue la estela ya iniciada por otros socios en el seno del G7 y [&hellip;]<\/p>\n","protected":false},"author":1,"featured_media":9480,"comment_status":"closed","ping_status":"closed","sticky":false,"template":"","format":"standard","meta":{"footnotes":""},"categories":[14,2],"tags":[],"class_list":["post-9479","post","type-post","status-publish","format-standard","has-post-thumbnail","hentry","category-entertainment","category-portada"],"_links":{"self":[{"href":"https:\/\/ciudadliberal.cl\/index.php?rest_route=\/wp\/v2\/posts\/9479","targetHints":{"allow":["GET"]}}],"collection":[{"href":"https:\/\/ciudadliberal.cl\/index.php?rest_route=\/wp\/v2\/posts"}],"about":[{"href":"https:\/\/ciudadliberal.cl\/index.php?rest_route=\/wp\/v2\/types\/post"}],"author":[{"embeddable":true,"href":"https:\/\/ciudadliberal.cl\/index.php?rest_route=\/wp\/v2\/users\/1"}],"replies":[{"embeddable":true,"href":"https:\/\/ciudadliberal.cl\/index.php?rest_route=%2Fwp%2Fv2%2Fcomments&post=9479"}],"version-history":[{"count":1,"href":"https:\/\/ciudadliberal.cl\/index.php?rest_route=\/wp\/v2\/posts\/9479\/revisions"}],"predecessor-version":[{"id":9481,"href":"https:\/\/ciudadliberal.cl\/index.php?rest_route=\/wp\/v2\/posts\/9479\/revisions\/9481"}],"wp:featuredmedia":[{"embeddable":true,"href":"https:\/\/ciudadliberal.cl\/index.php?rest_route=\/wp\/v2\/media\/9480"}],"wp:attachment":[{"href":"https:\/\/ciudadliberal.cl\/index.php?rest_route=%2Fwp%2Fv2%2Fmedia&parent=9479"}],"wp:term":[{"taxonomy":"category","embeddable":true,"href":"https:\/\/ciudadliberal.cl\/index.php?rest_route=%2Fwp%2Fv2%2Fcategories&post=9479"},{"taxonomy":"post_tag","embeddable":true,"href":"https:\/\/ciudadliberal.cl\/index.php?rest_route=%2Fwp%2Fv2%2Ftags&post=9479"}],"curies":[{"name":"wp","href":"https:\/\/api.w.org\/{rel}","templated":true}]}}