{"id":9475,"date":"2022-07-12T12:04:20","date_gmt":"2022-07-12T16:04:20","guid":{"rendered":"https:\/\/ciudadliberal.cl\/?p=9475"},"modified":"2022-07-12T12:04:22","modified_gmt":"2022-07-12T16:04:22","slug":"estados-unidos-apoya-la-lucha-por-la-democracia-del-pueblo-cubano","status":"publish","type":"post","link":"https:\/\/ciudadliberal.cl\/?p=9475","title":{"rendered":"Estados Unidos apoya la \u00ablucha por la democracia\u00bb del pueblo cubano"},"content":{"rendered":"\n<p>Washington tambi\u00e9n pidi\u00f3 la liberaci\u00f3n de los presos politicos, elogi\u00f3 la \u00abdeterminaci\u00f3n\u201d del pueblo cubano \u201cpara hacer frente a la opresi\u00f3n\u00bb y dijo que seguir\u00e1 presionando a Cuba por sus \u00ababusos de derechos humanos\u201d.<\/p>\n\n\n\n<p><\/p>\n\n\n\n<p>El secretario de Estado estadounidense Antony Blinken subray\u00f3 este lunes (11.07.2022) que Washington seguir\u00e1 \u00abestando al lado del pueblo cubano\u00bb en su \u00ablucha por la democracia\u00bb con motivo del primer aniversario de las protestas en Cuba.<\/p>\n\n\n\n<p>En un comunicado del Departamento de Estado, Blinken tambi\u00e9n pidi\u00f3 la liberaci\u00f3n \u00abincondicional\u00bb de los presos pol\u00edticos de la isla. \u00abCelebramos al pueblo cubano y elogiamos su indomable determinaci\u00f3n para hacer frente a la opresi\u00f3n\u00bb del regimen comunista, indica el texto.<\/p>\n\n\n\n<p>Por esto, el jefe de la diplomacia estadounidense recalc\u00f3 que Estados Unidos seguir\u00e1 pidiendo cuentas a las autoridades cubanas por sus \u00ababusos de los derechos humanos\u201d.<\/p>\n\n\n\n<p>\u00abLos estadounidenses observaron con admiraci\u00f3n c\u00f3mo el 11 de julio de 2021 decenas de miles de personas salieron a las calles para alzar sus voces en favor de los derechos humanos, pedir libertades fundamentales y una vida mejor\u00bb, dijo Blinken.<\/p>\n\n\n\n<p>Tambi\u00e9n critic\u00f3 que \u00abel r\u00e9gimen cubano, en lugar de dar la bienvenida a las voces del pueblo, conden\u00f3 a cientos de manifestantes a d\u00e9cadas de prisi\u00f3n\u00bb, una reacci\u00f3n \u00abinaceptable\u00bb sobre todo porque sigue habiendo 700 personas tras las rejas.<\/p>\n\n\n\n<p>Las protestas del 11 y 12 de julio de este a\u00f1o al grito de \u00abtenemos hambre\u00bb y \u00ablibertad\u00bb dejaron un muerto, decenas de heridos y m\u00e1s de 1.300 detenidos, seg\u00fan Cubalex, una organizaci\u00f3n no gubernamental de derechos humanos con sede en Miami.<\/p>\n\n\n\n<p>Seg\u00fan la fiscal\u00eda cubana, 790 prisioneros fueron encausados y 488 recibieron sentencia definitiva, muchos por el delito de sedici\u00f3n con penas de hasta 25 a\u00f1os de c\u00e1rcel.<\/p>\n\n\n\n<p><\/p>\n\n\n\n<p>V\u00eda: <a href=\"https:\/\/www.dw.com\/es\/estados-unidos-apoya-la-lucha-por-la-democracia-del-pueblo-cubano\/a-62436663\">DW<\/a><\/p>\n\n\n\n<p><a href=\"https:\/\/www.facebook.com\/sharer\/sharer.php?u=https%3A%2F%2Fp.dw.com%2Fp%2F4Dycx%3Fmaca%3Des-Facebook-sharing\"><\/a><\/p>\n","protected":false},"excerpt":{"rendered":"<p>Washington tambi\u00e9n pidi\u00f3 la liberaci\u00f3n de los presos politicos, elogi\u00f3 la \u00abdeterminaci\u00f3n\u201d del pueblo cubano \u201cpara hacer frente a la opresi\u00f3n\u00bb y dijo que seguir\u00e1 presionando a Cuba por sus \u00ababusos de derechos humanos\u201d. El secretario de Estado estadounidense Antony Blinken subray\u00f3 este lunes (11.07.2022) que Washington seguir\u00e1 \u00abestando al lado del pueblo cubano\u00bb en [&hellip;]<\/p>\n","protected":false},"author":1,"featured_media":9476,"comment_status":"closed","ping_status":"closed","sticky":false,"template":"","format":"standard","meta":{"footnotes":""},"categories":[14,2],"tags":[],"class_list":["post-9475","post","type-post","status-publish","format-standard","has-post-thumbnail","hentry","category-entertainment","category-portada"],"_links":{"self":[{"href":"https:\/\/ciudadliberal.cl\/index.php?rest_route=\/wp\/v2\/posts\/9475","targetHints":{"allow":["GET"]}}],"collection":[{"href":"https:\/\/ciudadliberal.cl\/index.php?rest_route=\/wp\/v2\/posts"}],"about":[{"href":"https:\/\/ciudadliberal.cl\/index.php?rest_route=\/wp\/v2\/types\/post"}],"author":[{"embeddable":true,"href":"https:\/\/ciudadliberal.cl\/index.php?rest_route=\/wp\/v2\/users\/1"}],"replies":[{"embeddable":true,"href":"https:\/\/ciudadliberal.cl\/index.php?rest_route=%2Fwp%2Fv2%2Fcomments&post=9475"}],"version-history":[{"count":1,"href":"https:\/\/ciudadliberal.cl\/index.php?rest_route=\/wp\/v2\/posts\/9475\/revisions"}],"predecessor-version":[{"id":9477,"href":"https:\/\/ciudadliberal.cl\/index.php?rest_route=\/wp\/v2\/posts\/9475\/revisions\/9477"}],"wp:featuredmedia":[{"embeddable":true,"href":"https:\/\/ciudadliberal.cl\/index.php?rest_route=\/wp\/v2\/media\/9476"}],"wp:attachment":[{"href":"https:\/\/ciudadliberal.cl\/index.php?rest_route=%2Fwp%2Fv2%2Fmedia&parent=9475"}],"wp:term":[{"taxonomy":"category","embeddable":true,"href":"https:\/\/ciudadliberal.cl\/index.php?rest_route=%2Fwp%2Fv2%2Fcategories&post=9475"},{"taxonomy":"post_tag","embeddable":true,"href":"https:\/\/ciudadliberal.cl\/index.php?rest_route=%2Fwp%2Fv2%2Ftags&post=9475"}],"curies":[{"name":"wp","href":"https:\/\/api.w.org\/{rel}","templated":true}]}}