{"id":9472,"date":"2022-07-12T11:57:19","date_gmt":"2022-07-12T15:57:19","guid":{"rendered":"https:\/\/ciudadliberal.cl\/?p=9472"},"modified":"2022-07-12T11:57:21","modified_gmt":"2022-07-12T15:57:21","slug":"biden-ultima-ratificacion-de-entrada-de-finlandia-y-suecia-en-otan","status":"publish","type":"post","link":"https:\/\/ciudadliberal.cl\/?p=9472","title":{"rendered":"Biden ultima ratificaci\u00f3n de entrada de Finlandia y Suecia en OTAN"},"content":{"rendered":"\n<p>Suecia y Finlandia, motivadas por la invasi\u00f3n rusa de Ucrania, entregaron el pasado 18 de mayo sus solicitudes de ingreso en la Alianza.<\/p>\n\n\n\n<p><\/p>\n\n\n\n<p>El presidente de Estados Unidos, Joe Biden, transmiti\u00f3 este lunes (11.07.2022) al Senado el protocolo de adhesi\u00f3n de Finlandia y Suecia a la OTAN para que la c\u00e1mara lo firme, dando con ello un paso decisivo en la ratificaci\u00f3n estadounidense del acceso de ambos pa\u00edses.<\/p>\n\n\n\n<p>\u00abSer\u00e1n contribuyentes netos a la alianza, tanto en capacidades como en recursos, y comparten con Estados Unidos valores de importancia cr\u00edtica. La adhesi\u00f3n ayudar\u00e1 a promover las prioridades de Estados Unidos dentro de la OTAN\u00bb, dijo el mandatario en su carta al Senado.<\/p>\n\n\n\n<p>Los l\u00edderes de la OTAN acordaron en su cumbre de finales de junio en Madrid dar inicio al proceso de admisi\u00f3n de Suecia y Finlandia. Los dos pa\u00edses, que cuentan provisionalmente con el estatus de observadores, se convertir\u00e1n en miembros de pleno derecho cuando los 30 integrantes de la alianza ratifiquen los protocolos de acceso.&nbsp;<\/p>\n\n\n\n<p>El proceso de ratificaci\u00f3n var\u00eda seg\u00fan cada pa\u00eds: en el caso de Estados Unidos se requiere la aprobaci\u00f3n de dos tercios del Senado.<\/p>\n\n\n\n<h2 class=\"wp-block-heading\">Europa fuerte y Libre<\/h2>\n\n\n\n<p>\u00abPido al Senado que siga trabajando con mi Administraci\u00f3n de cara a una Europa fuerte y libre, brindando su consentimiento y ratificaci\u00f3n de los protocolos. Dada la actual coyuntura global, instamos a todos los aliados a que ejecuten con rapidez sus propios procesos de ratificaci\u00f3n\u00bb, sostuvo Biden.<\/p>\n\n\n\n<p>Suecia y Finlandia, motivadas por la invasi\u00f3n rusa de Ucrania, entregaron el pasado 18 de mayo sus solicitudes de ingreso en la Alianza. Lo hicieron en la sede de la organizaci\u00f3n transatl\u00e1ntica, en Bruselas, en una reuni\u00f3n de sus respectivos embajadores ante la OTAN con el secretario general aliado, Jens Stoltenberg.&nbsp;<\/p>\n\n\n\n<p>Turqu\u00eda hab\u00eda vetado su ingreso y exigido m\u00e1s cooperaci\u00f3n en la lucha contra organizaciones calificadas de terroristas por Ankara, aunque finalmente lleg\u00f3 a un acuerdo con Suecia y Finlandia, en el que medi\u00f3 Stoltenberg y que tuvo el benepl\u00e1cito de EE.UU. E<\/p>\n\n\n\n<p><\/p>\n\n\n\n<p>V\u00eda: <a href=\"https:\/\/www.dw.com\/es\/biden-ultima-ratificaci%C3%B3n-de-entrada-de-finlandia-y-suecia-en-otan\/a-6243775\">DW<\/a><\/p>\n\n\n\n<p><a href=\"https:\/\/www.facebook.com\/sharer\/sharer.php?u=https%3A%2F%2Fp.dw.com%2Fp%2F4DyuU%3Fmaca%3Des-Facebook-sharing\"><\/a><\/p>\n","protected":false},"excerpt":{"rendered":"<p>Suecia y Finlandia, motivadas por la invasi\u00f3n rusa de Ucrania, entregaron el pasado 18 de mayo sus solicitudes de ingreso en la Alianza. El presidente de Estados Unidos, Joe Biden, transmiti\u00f3 este lunes (11.07.2022) al Senado el protocolo de adhesi\u00f3n de Finlandia y Suecia a la OTAN para que la c\u00e1mara lo firme, dando con [&hellip;]<\/p>\n","protected":false},"author":1,"featured_media":9473,"comment_status":"closed","ping_status":"closed","sticky":false,"template":"","format":"standard","meta":{"footnotes":""},"categories":[14,2],"tags":[],"class_list":["post-9472","post","type-post","status-publish","format-standard","has-post-thumbnail","hentry","category-entertainment","category-portada"],"_links":{"self":[{"href":"https:\/\/ciudadliberal.cl\/index.php?rest_route=\/wp\/v2\/posts\/9472","targetHints":{"allow":["GET"]}}],"collection":[{"href":"https:\/\/ciudadliberal.cl\/index.php?rest_route=\/wp\/v2\/posts"}],"about":[{"href":"https:\/\/ciudadliberal.cl\/index.php?rest_route=\/wp\/v2\/types\/post"}],"author":[{"embeddable":true,"href":"https:\/\/ciudadliberal.cl\/index.php?rest_route=\/wp\/v2\/users\/1"}],"replies":[{"embeddable":true,"href":"https:\/\/ciudadliberal.cl\/index.php?rest_route=%2Fwp%2Fv2%2Fcomments&post=9472"}],"version-history":[{"count":1,"href":"https:\/\/ciudadliberal.cl\/index.php?rest_route=\/wp\/v2\/posts\/9472\/revisions"}],"predecessor-version":[{"id":9474,"href":"https:\/\/ciudadliberal.cl\/index.php?rest_route=\/wp\/v2\/posts\/9472\/revisions\/9474"}],"wp:featuredmedia":[{"embeddable":true,"href":"https:\/\/ciudadliberal.cl\/index.php?rest_route=\/wp\/v2\/media\/9473"}],"wp:attachment":[{"href":"https:\/\/ciudadliberal.cl\/index.php?rest_route=%2Fwp%2Fv2%2Fmedia&parent=9472"}],"wp:term":[{"taxonomy":"category","embeddable":true,"href":"https:\/\/ciudadliberal.cl\/index.php?rest_route=%2Fwp%2Fv2%2Fcategories&post=9472"},{"taxonomy":"post_tag","embeddable":true,"href":"https:\/\/ciudadliberal.cl\/index.php?rest_route=%2Fwp%2Fv2%2Ftags&post=9472"}],"curies":[{"name":"wp","href":"https:\/\/api.w.org\/{rel}","templated":true}]}}