{"id":9468,"date":"2022-07-07T15:04:38","date_gmt":"2022-07-07T19:04:38","guid":{"rendered":"https:\/\/ciudadliberal.cl\/?p=9468"},"modified":"2022-07-07T15:04:40","modified_gmt":"2022-07-07T19:04:40","slug":"putin-si-occidente-quiere-derrotar-a-rusia-que-lo-intente","status":"publish","type":"post","link":"https:\/\/ciudadliberal.cl\/?p=9468","title":{"rendered":"Putin: Si Occidente quiere derrotar a Rusia, \u00abque lo intente\u00bb"},"content":{"rendered":"\n<p>El presidente ruso, Vlad\u00edmir Putin, desafi\u00f3 Occidente y advirti\u00f3 que Rusia a\u00fan no ha empezado \u00abnada serio\u00bb en Ucrania. Subray\u00f3 que la acci\u00f3n de las tropas rusas se centra actualmente en el Donb\u00e1s, en el este del pa\u00eds.<\/p>\n\n\n\n<p><\/p>\n\n\n\n<p>El presidente ruso,&nbsp;<a href=\"https:\/\/www.dw.com\/es\/vladimir-putin\/t-17409853\">Vlad\u00edmir Putin<\/a>, desafi\u00f3 a las potencias occidentales que dan apoyo militar a&nbsp;<a href=\"https:\/\/www.dw.com\/es\/rusia-dice-haber-frustrado-izado-de-bandera-de-ucrania-en-la-isla-de-las-serpientes\/a-62394823\">Ucrania<\/a>&nbsp;a enfrentarse directamente en \u00abun campo de batalla\u00bb en ese pa\u00eds.<\/p>\n\n\n\n<p>\u00abO\u00edmos actualmente que [los occidentales] quieren derrotarnos en un<a href=\"https:\/\/www.dw.com\/es\/civiles-evac%C3%BAan-el-donb%C3%A1s-ante-imparable-avance-de-rusia\/a-62389647\">campo de batalla<\/a>. \u00bfQu\u00e9 decirles? \u00a1Que lo intenten!\u00bb, declar\u00f3 Putin en una reuni\u00f3n con los l\u00edderes de los grupos parlamentarios rusos, retransmitida por televisi\u00f3n.<\/p>\n\n\n\n<p>\u00abTodos deben saber que realmente a\u00fan no hemos empezado nada serio. Al mismo tiempo no nos negamos a celebrar conversaciones de paz. Pero aquellos que se niegan deben saber que cuanto m\u00e1s tiempo pase tanto m\u00e1s complicado ser\u00e1 llegar a un acuerdo con nosotros\u00bb, dijo este jueves (07.07.2022) en una reuni\u00f3n con los l\u00edderes de los grupos parlamentarios y la directiva de la C\u00e1mara Baja en el Kremlin.<\/p>\n\n\n\n<h2 class=\"wp-block-heading\">Putin: Occidente rechaza&nbsp;mis propuestas<\/h2>\n\n\n\n<p>Putin recalc\u00f3 que sus propuestas para crear un nuevo sistema de seguridad en Europa han sido rechazadas, al igual que sus iniciativas para resolver la amenaza de la defensa antimisiles estadounidenses en el Viejo continente y sus advertencias sobre la inaceptabilidad de la expansi\u00f3n de la OTAN, especialmente hacia las antiguas rep\u00fablicas sovi\u00e9ticas.&nbsp;<\/p>\n\n\n\n<p>\u00ab\u00bfY por qu\u00e9? Porque simplemente no necesitan un pa\u00eds como Rusia, por eso. Por eso apoyaron el terrorismo, el separatismo en Rusia, las fuerzas destructivas internas y la \u00abquinta columna\u00bb en nuestro pa\u00eds. Todos ellos recibieron y reciben el apoyo incondicional de este mismo Occidente colectivo\u00bb, afirm\u00f3.<\/p>\n\n\n\n<p>\u00abNos dicen que nosotros comenzamos una guerra en el Donb\u00e1s, en Ucrania. No, la desat\u00f3 este mismo Occidente colectivo al organizar y apoyar en Ucrania un golpe armado anticonstitucional en 2014, y luego estimulando y justificando el genocidio de la gente del Donb\u00e1s. Este mismo Occidente es el instigador y el culpable de lo que hoy ocurre\u00bb, asever\u00f3 el jefe del Kremlin.&nbsp;<\/p>\n\n\n\n<p>Putin acus\u00f3 a Occidente de haber provocado un conflicto para \u00abpasar a una nueva etapa en la lucha contra Rusia, una nueva etapa en la contenci\u00f3n\u00bb del pa\u00eds.&nbsp;<\/p>\n\n\n\n<p>\u00abEntonces podemos decir que lo logr\u00f3 en cierta medida. Y se desata la guerra y se impusieron sanciones\u00bb, recalc\u00f3.&nbsp;<\/p>\n\n\n\n<h2 class=\"wp-block-heading\">Occidente ya \u00abha perdido\u00bb<\/h2>\n\n\n\n<p>El presidente ruso considera que Occidente \u00abdeber\u00eda haber entendido que ya han perdido desde que empez\u00f3 nuestra operaci\u00f3n militar especial, porque su comienzo tambi\u00e9n significa el comienzo de una ruptura radical del orden mundial a la estadounidense\u00bb.&nbsp;<\/p>\n\n\n\n<p>Putin sostuvo que este es el comienzo de la transici\u00f3n \u00abdel egocentrismo estadounidense liberal-globalista a un mundo verdaderamente multipolar, un mundo basado no en reglas ego\u00edstas inventadas por alguien para s\u00ed mismo.<\/p>\n\n\n\n<p>\u00abY debemos entender que este proceso ya no se puede detener\u00bb, reiter\u00f3.<\/p>\n\n\n\n<p><\/p>\n\n\n\n<p>V\u00eda: <a href=\"https:\/\/www.dw.com\/es\/putin-si-occidente-quiere-derrotar-a-rusia-que-lo-intente\/a-62401433\">DW<\/a><\/p>\n\n\n\n<p><a href=\"https:\/\/www.facebook.com\/sharer\/sharer.php?u=https%3A%2F%2Fp.dw.com%2Fp%2F4DpSj%3Fmaca%3Des-Facebook-sharing\"><\/a><\/p>\n","protected":false},"excerpt":{"rendered":"<p>El presidente ruso, Vlad\u00edmir Putin, desafi\u00f3 Occidente y advirti\u00f3 que Rusia a\u00fan no ha empezado \u00abnada serio\u00bb en Ucrania. Subray\u00f3 que la acci\u00f3n de las tropas rusas se centra actualmente en el Donb\u00e1s, en el este del pa\u00eds. El presidente ruso,&nbsp;Vlad\u00edmir Putin, desafi\u00f3 a las potencias occidentales que dan apoyo militar a&nbsp;Ucrania&nbsp;a enfrentarse directamente en [&hellip;]<\/p>\n","protected":false},"author":1,"featured_media":9469,"comment_status":"closed","ping_status":"closed","sticky":false,"template":"","format":"standard","meta":{"footnotes":""},"categories":[14,2],"tags":[],"class_list":["post-9468","post","type-post","status-publish","format-standard","has-post-thumbnail","hentry","category-entertainment","category-portada"],"_links":{"self":[{"href":"https:\/\/ciudadliberal.cl\/index.php?rest_route=\/wp\/v2\/posts\/9468","targetHints":{"allow":["GET"]}}],"collection":[{"href":"https:\/\/ciudadliberal.cl\/index.php?rest_route=\/wp\/v2\/posts"}],"about":[{"href":"https:\/\/ciudadliberal.cl\/index.php?rest_route=\/wp\/v2\/types\/post"}],"author":[{"embeddable":true,"href":"https:\/\/ciudadliberal.cl\/index.php?rest_route=\/wp\/v2\/users\/1"}],"replies":[{"embeddable":true,"href":"https:\/\/ciudadliberal.cl\/index.php?rest_route=%2Fwp%2Fv2%2Fcomments&post=9468"}],"version-history":[{"count":1,"href":"https:\/\/ciudadliberal.cl\/index.php?rest_route=\/wp\/v2\/posts\/9468\/revisions"}],"predecessor-version":[{"id":9470,"href":"https:\/\/ciudadliberal.cl\/index.php?rest_route=\/wp\/v2\/posts\/9468\/revisions\/9470"}],"wp:featuredmedia":[{"embeddable":true,"href":"https:\/\/ciudadliberal.cl\/index.php?rest_route=\/wp\/v2\/media\/9469"}],"wp:attachment":[{"href":"https:\/\/ciudadliberal.cl\/index.php?rest_route=%2Fwp%2Fv2%2Fmedia&parent=9468"}],"wp:term":[{"taxonomy":"category","embeddable":true,"href":"https:\/\/ciudadliberal.cl\/index.php?rest_route=%2Fwp%2Fv2%2Fcategories&post=9468"},{"taxonomy":"post_tag","embeddable":true,"href":"https:\/\/ciudadliberal.cl\/index.php?rest_route=%2Fwp%2Fv2%2Ftags&post=9468"}],"curies":[{"name":"wp","href":"https:\/\/api.w.org\/{rel}","templated":true}]}}