{"id":9457,"date":"2022-07-07T14:53:55","date_gmt":"2022-07-07T18:53:55","guid":{"rendered":"https:\/\/ciudadliberal.cl\/?p=9457"},"modified":"2022-07-07T14:53:57","modified_gmt":"2022-07-07T18:53:57","slug":"quien-podria-reemplazar-a-boris-johnson-tras-su-renuncia","status":"publish","type":"post","link":"https:\/\/ciudadliberal.cl\/?p=9457","title":{"rendered":"\u00bfQui\u00e9n podr\u00eda reemplazar a Boris Johnson tras su renuncia?"},"content":{"rendered":"\n<p><a href=\"https:\/\/www.facebook.com\/dialog\/share?app_id=121241974571942&amp;href=https%3A%2F%2Ff24.my%2F8kxQ.F&amp;redirect_uri=https%3A%2F%2Fwww.france24.com%2Fes%2Feuropa%2F20220707-qui%25C3%25A9n-podr%25C3%25ADa-reemplazar-a-boris-johnson-tras-su-renuncia&amp;locale=es_LA\" target=\"_blank\" rel=\"noreferrer noopener\"><\/a><a href=\"https:\/\/web.whatsapp.com\/send?text=%C2%BFQui%C3%A9n%20podr%C3%ADa%20reemplazar%20a%20Boris%20Johnson%20tras%20su%20renuncia%3F%20-%20https%3A%2F%2Ff24.my%2F8kxQ.W\" target=\"_blank\" rel=\"noreferrer noopener\"><\/a><a href=\"https:\/\/twitter.com\/intent\/tweet?url=https%3A%2F%2Ff24.my%2F8kxQ.T&amp;via=France24_es&amp;related=amgutierrezva&amp;text=%C2%BFQui%C3%A9n%20podr%C3%ADa%20reemplazar%20a%20Boris%20Johnson%20tras%20su%20renuncia%3F&amp;lang=es\" target=\"_blank\" rel=\"noreferrer noopener\"><\/a><\/p>\n\n\n\n<p>Tras la dimisi\u00f3n del primer ministro brit\u00e1nico&nbsp;Boris Johnson, luego de casi tres a\u00f1os en el poder y una cascada de decenas de renuncias que provocaron&nbsp;una profunda crisis institucional, se ha desencadenado la b\u00fasqueda de un&nbsp;nuevo l\u00edder. No hay un favorito claro, pero entre los nombres m\u00e1s sonados desde hace meses est\u00e1n Liz Truss, Rishi Sunak, Ben Wallace, Penny Mordaunt, entre otros.<\/p>\n\n\n\n<p>En la carrera por liderar el Partido Conservador y el pa\u00eds, a\u00fan no hay un sucesor evidente. Los&nbsp;<em>tories<\/em>&nbsp;nombrar\u00e1n a un nuevo primer ministro a tiempo para la convenci\u00f3n del partido en octubre en medio de una vasta&nbsp;lista de candidatos.<\/p>\n\n\n\n<p>Aqu\u00ed los perfiles de&nbsp;los posibles sucesores:&nbsp;<\/p>\n\n\n\n<p><strong>Mary Elizabeth Truss (Liz Truss)<\/strong><\/p>\n\n\n\n<p>La ministra de Relaciones Exteriores desde 2021 y ministra de Mujeres e Igualdad desde 2019, es la favorita de las bases del gobernante Partido Conservador para suceder a Johnson.<\/p>\n\n\n\n<p>M\u00e1s conocida como Liz Truss, esta\u00a0pol\u00edtica brit\u00e1nica de 46 a\u00f1os ha encabezado las encuestas de miembros del partido llevadas a cabo por el sitio web Conservative Home que la ubican con un \u00edndice de popularidad de 82 puntos. Sin embargo, para algunos analistas Truss se ha desvanecido ligeramente en los \u00faltimos meses.<\/p>\n\n\n\n<figure class=\"wp-block-image size-full\"><img loading=\"lazy\" decoding=\"async\" width=\"1020\" height=\"576\" src=\"https:\/\/ciudadliberal.cl\/wp-content\/uploads\/2022\/07\/image.png\" alt=\"\" class=\"wp-image-9458\" srcset=\"https:\/\/ciudadliberal.cl\/wp-content\/uploads\/2022\/07\/image.png 1020w, https:\/\/ciudadliberal.cl\/wp-content\/uploads\/2022\/07\/image-300x169.png 300w, https:\/\/ciudadliberal.cl\/wp-content\/uploads\/2022\/07\/image-768x434.png 768w, https:\/\/ciudadliberal.cl\/wp-content\/uploads\/2022\/07\/image-744x420.png 744w, https:\/\/ciudadliberal.cl\/wp-content\/uploads\/2022\/07\/image-640x361.png 640w, https:\/\/ciudadliberal.cl\/wp-content\/uploads\/2022\/07\/image-681x385.png 681w\" sizes=\"auto, (max-width: 1020px) 100vw, 1020px\" \/><figcaption>La ministra de Relaciones Exteriores brit\u00e1nica, Elizabeth Truss, habla a los medios de comunicaci\u00f3n durante una conferencia de prensa conjunta con el ministro de Relaciones Exteriores turco, Mevlut Cavusoglu, en Ankara, Turqu\u00eda, jueves 23 de junio de 2022.\u00a0\u00a9 Burhan Ozbilici \/ AP<br><\/figcaption><\/figure>\n\n\n\n<p>Seg\u00fan sondeos publicados este jueves 7 de julio por la firma YouGov, Truss, que forma parte del \u201cala dura\u201d del entorno tory tiene un 8% de los apoyos, por detr\u00e1s de Ben Wallace, Penny Mordaunt y Rishi Sunak.<\/p>\n\n\n\n<p>Sus simpatizantes la presentan como \u201cla nueva Dama de Hierro\u201d. Truss defiende un programa thatcheriano (alusivo a la exministra Margaret Thatcher) de econom\u00eda de mercado libre con bajos impuestos y un Estado peque\u00f1o en contraposici\u00f3n a la Administraci\u00f3n de Johnson.<\/p>\n\n\n\n<p>La tambi\u00e9n exministra de Comercio en los dos primeros a\u00f1os de Johnson, que defend\u00eda la permanencia de Reino Unido en la Uni\u00f3n Europea, se gan\u00f3 su reconocimiento por su gesti\u00f3n de la compensaci\u00f3n del golpe econ\u00f3mico tras el divorcio con Bruselas y negoci\u00f3 decenas de nuevos acuerdos comerciales. &nbsp;<\/p>\n\n\n\n<p>Truss dijo el lunes que Johnson ten\u00eda su \u00ab100% de apoyo\u00bb e inst\u00f3 a sus colegas a respaldarlo.<\/p>\n\n\n\n<p>Truss es conocida tambi\u00e9n por su actividad en redes sociales. Una de las m\u00e1s pol\u00e9micas fue cuando public\u00f3 una foto en Instagram con la imitaci\u00f3n en una visita a Estonia de la imagen de Margaret Thatcher a bordo de un tanque con un pa\u00f1uelo en la cabeza.<\/p>\n\n\n\n<p><strong>Jeremy Hunt<\/strong><\/p>\n\n\n\n<p>Fue responsable de la cartera de Asuntos Exteriores. Hunt, de 55 a\u00f1os, termin\u00f3 segundo detr\u00e1s de Johnson en el concurso de liderazgo de 2019. Ofrecer\u00eda un estilo de gobierno m\u00e1s serio y menos controvertido que el de Johnson, de hecho, ambos&nbsp;siguen siendo polos opuestos. Su punto d\u00e9bil es ser uno de los tories que se opuso al Brexit.<\/p>\n\n\n\n<p>En los \u00faltimos dos a\u00f1os, Hunt ha utilizado su experiencia como exministro de Sanidad para presidir el comit\u00e9 de salud del Parlamento y no se ha visto empa\u00f1ado por haber servido en el Gobierno actual.\u00a0<\/p>\n\n\n\n<figure class=\"wp-block-image size-full\"><img loading=\"lazy\" decoding=\"async\" width=\"1020\" height=\"576\" src=\"https:\/\/ciudadliberal.cl\/wp-content\/uploads\/2022\/07\/image-1.png\" alt=\"\" class=\"wp-image-9459\" srcset=\"https:\/\/ciudadliberal.cl\/wp-content\/uploads\/2022\/07\/image-1.png 1020w, https:\/\/ciudadliberal.cl\/wp-content\/uploads\/2022\/07\/image-1-300x169.png 300w, https:\/\/ciudadliberal.cl\/wp-content\/uploads\/2022\/07\/image-1-768x434.png 768w, https:\/\/ciudadliberal.cl\/wp-content\/uploads\/2022\/07\/image-1-744x420.png 744w, https:\/\/ciudadliberal.cl\/wp-content\/uploads\/2022\/07\/image-1-640x361.png 640w, https:\/\/ciudadliberal.cl\/wp-content\/uploads\/2022\/07\/image-1-681x385.png 681w\" sizes=\"auto, (max-width: 1020px) 100vw, 1020px\" \/><figcaption>Archivo: Jeremy Hunt responde a preguntas durante una campa\u00f1a de liderazgo conservador en el ExCel Centre de Londres, el 17 de julio de 2019.\u00a0\u00a9 Frank Augstein \/ AP<br><\/figcaption><\/figure>\n\n\n\n<p>A principios de este a\u00f1o, dijo que su ambici\u00f3n de convertirse en primer ministro \u00abno ha desaparecido por completo\u00bb. Hunt dijo que vot\u00f3 para expulsar a Johnson en un voto de confianza el mes pasado que el primer ministro gan\u00f3 por poco.<\/p>\n\n\n\n<p>Aunque se suele hablar de \u00e9l como el reemplazo \u201cseguro\u201d de Johnson, los movimientos de Sajid Javid (ministro de Sanidad hasta el martes) y de Rishi Sunak (ministro de Finanzas hasta el martes) han dejado en evidencia su falta de audacia.&nbsp;<\/p>\n\n\n\n<p>La firma YouGov lo ubica en el octavo lugar como opcionado para asumir el liderazgo del pa\u00eds y le da un 5% de respaldo, al igual que al reci\u00e9n nombrado ministro de Finanzas, Nadhim Zahawi.<\/p>\n\n\n\n<p><strong>Ben Wallace<\/strong><\/p>\n\n\n\n<p>El ministro de Defensa, Ben Wallace, de 52 a\u00f1os, se ha convertido en los \u00faltimos meses en el miembro m\u00e1s popular del Gobierno, seg\u00fan Conservative Home, gracias a su manejo de la crisis de Ucrania, el env\u00edo de armas a Kiev y por la evacuaci\u00f3n de Afganist\u00e1n el a\u00f1o pasado.<\/p>\n\n\n\n<p>De 716 miembros del Partido Conservador, Wallace, que ha permanecido leal a Jhonson hasta el \u00faltimo minuto, ha obtenido el 13% del respaldo en la encuesta de opini\u00f3n elaborada por la firma YouGov, publicada este jueves 7 de julio, dej\u00e1ndolo&nbsp;en primer lugar como posible primer ministro.<\/p>\n\n\n\n<p>Comenz\u00f3 su carrera pol\u00edtica como miembro de la Asamblea Delegada de Escocia en mayo de 1999, antes de ser elegido por primera vez al Parlamento de Westminster en 2005. Luego fue ministro de seguridad desde 2016 hasta asumir su cargo actual.\u00a0Es considerado parte del grupo de colegas m\u00e1s leales a Johnson.<\/p>\n\n\n\n<figure class=\"wp-block-image size-full\"><img loading=\"lazy\" decoding=\"async\" width=\"1020\" height=\"576\" src=\"https:\/\/ciudadliberal.cl\/wp-content\/uploads\/2022\/07\/image-2.png\" alt=\"\" class=\"wp-image-9460\" srcset=\"https:\/\/ciudadliberal.cl\/wp-content\/uploads\/2022\/07\/image-2.png 1020w, https:\/\/ciudadliberal.cl\/wp-content\/uploads\/2022\/07\/image-2-300x169.png 300w, https:\/\/ciudadliberal.cl\/wp-content\/uploads\/2022\/07\/image-2-768x434.png 768w, https:\/\/ciudadliberal.cl\/wp-content\/uploads\/2022\/07\/image-2-744x420.png 744w, https:\/\/ciudadliberal.cl\/wp-content\/uploads\/2022\/07\/image-2-640x361.png 640w, https:\/\/ciudadliberal.cl\/wp-content\/uploads\/2022\/07\/image-2-681x385.png 681w\" sizes=\"auto, (max-width: 1020px) 100vw, 1020px\" \/><figcaption>Archivo: El ministro de Defensa de Gran Breta\u00f1a, Ben Wallace, llega a una reuni\u00f3n del gabinete en el 10 de Downing Street en Londres, el 7 de junio de 2022.\u00a0\u00a9 Kirsty Wigglesworth \/ AP<br><\/figcaption><\/figure>\n\n\n\n<p><strong>Rishi Sunak<\/strong><\/p>\n\n\n\n<p>Sunak, que&nbsp;renunci\u00f3 como ministro de Finanzas el martes pasado diciendo que el p\u00fablico brit\u00e1nico \u00abespera con raz\u00f3n que el Gobierno se lleve a cabo de manera adecuada, competente y seria\u00bb, fue hasta el a\u00f1o pasado el favorito para suceder a Johnson.<\/p>\n\n\n\n<p>Fue elogiado por un paquete de rescate econ\u00f3mico en la lucha contra el Covid-19, incluyendo un costoso programa de retenci\u00f3n de empleos que evit\u00f3 un paro masivo.<\/p>\n\n\n\n<figure class=\"wp-block-image size-full\"><img loading=\"lazy\" decoding=\"async\" width=\"1020\" height=\"576\" src=\"https:\/\/ciudadliberal.cl\/wp-content\/uploads\/2022\/07\/image-3.png\" alt=\"\" class=\"wp-image-9461\" srcset=\"https:\/\/ciudadliberal.cl\/wp-content\/uploads\/2022\/07\/image-3.png 1020w, https:\/\/ciudadliberal.cl\/wp-content\/uploads\/2022\/07\/image-3-300x169.png 300w, https:\/\/ciudadliberal.cl\/wp-content\/uploads\/2022\/07\/image-3-768x434.png 768w, https:\/\/ciudadliberal.cl\/wp-content\/uploads\/2022\/07\/image-3-744x420.png 744w, https:\/\/ciudadliberal.cl\/wp-content\/uploads\/2022\/07\/image-3-640x361.png 640w, https:\/\/ciudadliberal.cl\/wp-content\/uploads\/2022\/07\/image-3-681x385.png 681w\" sizes=\"auto, (max-width: 1020px) 100vw, 1020px\" \/><figcaption>Archivo: El exministro de Finanzas, Rishi Sunak, que dimiti\u00f3 el martes a su cargo, asiste a una reuni\u00f3n del gabinete en el 10 de Downing Street, Londres, el 24 de mayo de 2022.\u00a0\u00a9 Daniel Leal \/ AP<br><\/figcaption><\/figure>\n\n\n\n<p>Pero Sunak, m\u00e1s tarde, se enfrent\u00f3 a cr\u00edticas por no dar suficiente apoyo al incremento del costo de vida en los hogares brit\u00e1nicos. Las revelaciones sobre el estatus fiscal no domiciliado de su millonaria esposa y una multa que recibi\u00f3, junto con Johnson&nbsp;por el \u2018Partygate\u2019 al romper las reglas del confinamiento anti-Covid, han da\u00f1ado su imagen.<\/p>\n\n\n\n<p>La firma YouGov ubica al extitular de las finanzas con una intenci\u00f3n del 10% para ser primer ministro.<\/p>\n\n\n\n<p>Su presupuesto de impuestos y gastos del a\u00f1o pasado puso a Gran Breta\u00f1a en el camino de su mayor carga fiscal desde la d\u00e9cada de 1950, socavando sus pretensiones de favorecer los impuestos m\u00e1s bajos.<\/p>\n\n\n\n<p><strong>Sajid Javid<\/strong><\/p>\n\n\n\n<p>Javid&nbsp;fue canciller, ministro de Finanzas hasta 2020 y en junio del a\u00f1o pasado asumi\u00f3 la cartera de Sanidad. Fue el primer ministro del gabinete en dimitir el pasado martes y la l\u00ednea de su carta de renuncia estuvo centrada en el llamamiento a la integridad como eje y declar\u00f3 que \u00absuficiente es suficiente\u00bb y que \u00abel problema comienza en la parte superior\u201d de la Administraci\u00f3n, refiri\u00e9ndose a Johnson.&nbsp;<\/p>\n\n\n\n<p>Hijo de padres inmigrantes musulmanes paquistan\u00edes, es un admirador de Thatcher y termin\u00f3 cuarto en el concurso de liderazgo de 2019 para reemplazar a la ex primera ministra Theresa May.<\/p>\n\n\n\n<p><\/p>\n\n\n\n<figure class=\"wp-block-image size-full\"><img loading=\"lazy\" decoding=\"async\" width=\"1020\" height=\"576\" src=\"https:\/\/ciudadliberal.cl\/wp-content\/uploads\/2022\/07\/image-4.png\" alt=\"\" class=\"wp-image-9462\" srcset=\"https:\/\/ciudadliberal.cl\/wp-content\/uploads\/2022\/07\/image-4.png 1020w, https:\/\/ciudadliberal.cl\/wp-content\/uploads\/2022\/07\/image-4-300x169.png 300w, https:\/\/ciudadliberal.cl\/wp-content\/uploads\/2022\/07\/image-4-768x434.png 768w, https:\/\/ciudadliberal.cl\/wp-content\/uploads\/2022\/07\/image-4-744x420.png 744w, https:\/\/ciudadliberal.cl\/wp-content\/uploads\/2022\/07\/image-4-640x361.png 640w, https:\/\/ciudadliberal.cl\/wp-content\/uploads\/2022\/07\/image-4-681x385.png 681w\" sizes=\"auto, (max-width: 1020px) 100vw, 1020px\" \/><figcaption>Archivo: El exministro de Sanidad, Sajid Javid, que dimiti\u00f3 el martes a su cargo, llega a una reuni\u00f3n de gabinete el jueves 12 de mayo de 2022.\u00a0\u00a9 Ol\u00ed Scarff \/ AP<br><\/figcaption><\/figure>\n\n\n\n<p><strong>Nadhim Zahawi<\/strong><\/p>\n\n\n\n<p>El reci\u00e9n nombrado ministro de Finanzas, que reemplaz\u00f3 a Sunak, impresion\u00f3 como el hombre que lider\u00f3 el exitoso programa de vacunaci\u00f3n cuando Gran Breta\u00f1a tuvo uno de los lanzamientos m\u00e1s r\u00e1pidos del mundo contra el coronavirus.<\/p>\n\n\n\n<p>La historia personal de Zahawi como un exrefugiado de Irak que lleg\u00f3 a Gran Breta\u00f1a cuando era ni\u00f1o lo diferencia de otros contendientes.<\/p>\n\n\n\n<p><\/p>\n\n\n\n<figure class=\"wp-block-image size-full\"><img loading=\"lazy\" decoding=\"async\" width=\"1020\" height=\"576\" src=\"https:\/\/ciudadliberal.cl\/wp-content\/uploads\/2022\/07\/image-5.png\" alt=\"\" class=\"wp-image-9463\" srcset=\"https:\/\/ciudadliberal.cl\/wp-content\/uploads\/2022\/07\/image-5.png 1020w, https:\/\/ciudadliberal.cl\/wp-content\/uploads\/2022\/07\/image-5-300x169.png 300w, https:\/\/ciudadliberal.cl\/wp-content\/uploads\/2022\/07\/image-5-768x434.png 768w, https:\/\/ciudadliberal.cl\/wp-content\/uploads\/2022\/07\/image-5-744x420.png 744w, https:\/\/ciudadliberal.cl\/wp-content\/uploads\/2022\/07\/image-5-640x361.png 640w, https:\/\/ciudadliberal.cl\/wp-content\/uploads\/2022\/07\/image-5-681x385.png 681w\" sizes=\"auto, (max-width: 1020px) 100vw, 1020px\" \/><figcaption>Nadhim Zahawi, exministro de Educaci\u00f3n, llega a Downing Street para una reuni\u00f3n del gabinete el mi\u00e9rcoles 23 de marzo de 2022.\u00a0\u00a9 Alastair Grant \/ AP<br><\/figcaption><\/figure>\n\n\n\n<p>Cofund\u00f3 la empresa de encuestas YouGov antes de entrar al Parlamento en 2010. Su \u00faltimo trabajo fue como ministro de Educaci\u00f3n. Zahawi dijo la semana pasada que ser\u00eda un \u00abprivilegio\u00bb ser primer ministro en alg\u00fan momento.&nbsp;Este jueves en la ma\u00f1ana hab\u00eda pedido la renuncia de Johnson despu\u00e9s de que sus allegados le advirtieran que su cercan\u00eda con el \u00abpremier\u00bb podr\u00eda estropear sus posibles aspiraciones a sucederlo.<\/p>\n\n\n\n<p><strong>Penny Mordaunt<\/strong><\/p>\n\n\n\n<p>La exministra de Defensa, una de las grandes defensoras del Brexit, fue despedida por Johnson cuando se convirti\u00f3 en primer ministro despu\u00e9s de que ella respald\u00f3 a su rival Hunt durante la \u00faltima competencia de liderazgo.<\/p>\n\n\n\n<p>En la \u00faltima encuesta de Conservative Home, aparece como la segunda opci\u00f3n, detr\u00e1s de Ben Wallace, actual ministro de Defensa.&nbsp; Y tambi\u00e9n es situada en segundo lugar con un 12% por la firma YouGov, despu\u00e9s de Wallace.<\/p>\n\n\n\n<p>Mordaunt, que anteriormente hab\u00eda expresado lealtad a Johnson, ha sido una de las m\u00e1s directas en las cr\u00edticas contra el primer ministro por el esc\u00e1ndalo del \u2018Partygate\u2019.<\/p>\n\n\n\n<figure class=\"wp-block-image size-full\"><img loading=\"lazy\" decoding=\"async\" width=\"1020\" height=\"576\" src=\"https:\/\/ciudadliberal.cl\/wp-content\/uploads\/2022\/07\/image-6.png\" alt=\"\" class=\"wp-image-9464\" srcset=\"https:\/\/ciudadliberal.cl\/wp-content\/uploads\/2022\/07\/image-6.png 1020w, https:\/\/ciudadliberal.cl\/wp-content\/uploads\/2022\/07\/image-6-300x169.png 300w, https:\/\/ciudadliberal.cl\/wp-content\/uploads\/2022\/07\/image-6-768x434.png 768w, https:\/\/ciudadliberal.cl\/wp-content\/uploads\/2022\/07\/image-6-744x420.png 744w, https:\/\/ciudadliberal.cl\/wp-content\/uploads\/2022\/07\/image-6-640x361.png 640w, https:\/\/ciudadliberal.cl\/wp-content\/uploads\/2022\/07\/image-6-681x385.png 681w\" sizes=\"auto, (max-width: 1020px) 100vw, 1020px\" \/><figcaption>Archivo: la exministra de Defensa, Penny Mordaunt, habla en una rueda de prensa el 10 de junio de 2019.\u00a0\u00a9 Matt Dunham \/ AP<br><\/figcaption><\/figure>\n\n\n\n<p><strong>Thomas&nbsp;Tugendhat&nbsp;(Tom Tugendhat)<\/strong><\/p>\n\n\n\n<p>El presidente de la Comisi\u00f3n de Asuntos Exteriores del Parlamento fue el primer parlamentario en declarar su intenci\u00f3n de participar en una contienda por el liderazgo en 2022.<\/p>\n\n\n\n<p>Tugendhat, otrora alto cargo del Ej\u00e9rcito, luch\u00f3 en Irak y Afganist\u00e1n. Ha sido un cr\u00edtico regular de Johnson y ofrecer\u00eda a su partido una ruptura limpia con los gobiernos anteriores como una opci\u00f3n para los conservadores moderados. Sin embargo, no ha sido probado porque nunca ha servido en el gabinete.<\/p>\n\n\n<blockquote class=\"twitter-tweet\">\n<p lang=\"en\" dir=\"ltr\">London looks amazing for our Queen! <a href=\"https:\/\/twitter.com\/hashtag\/GodSavetheQueen?src=hash&amp;ref_src=twsrc%5Etfw\">#GodSavetheQueen<\/a> <a href=\"https:\/\/t.co\/fQBMPcwKvZ\">pic.twitter.com\/fQBMPcwKvZ<\/a><\/p>\n<p>&mdash; Tom Tugendhat (@TomTugendhat) <a href=\"https:\/\/twitter.com\/TomTugendhat\/status\/1532275838929993731?ref_src=twsrc%5Etfw\">June 2, 2022<\/a><\/p><\/blockquote>\n<p> <script async src=\"https:\/\/platform.twitter.com\/widgets.js\" charset=\"utf-8\"><\/script><\/p>\n\n\n\n<p><\/p>\n\n\n\n<p><strong>Suella Braverman<\/strong><\/p>\n\n\n\n<p>La fiscal general de Reino Unido pidi\u00f3 en la noche del mi\u00e9rcoles a Johnson que dimitiera y present\u00f3 en directo en televisi\u00f3n su propia candidatura para reemplazarlo. Braverman dijo que estar en el cargo ser\u00eda el mayor honor.<\/p>\n\n\n\n<figure class=\"wp-block-image size-full\"><img loading=\"lazy\" decoding=\"async\" width=\"1020\" height=\"576\" src=\"https:\/\/ciudadliberal.cl\/wp-content\/uploads\/2022\/07\/image-7.png\" alt=\"\" class=\"wp-image-9465\" srcset=\"https:\/\/ciudadliberal.cl\/wp-content\/uploads\/2022\/07\/image-7.png 1020w, https:\/\/ciudadliberal.cl\/wp-content\/uploads\/2022\/07\/image-7-300x169.png 300w, https:\/\/ciudadliberal.cl\/wp-content\/uploads\/2022\/07\/image-7-768x434.png 768w, https:\/\/ciudadliberal.cl\/wp-content\/uploads\/2022\/07\/image-7-744x420.png 744w, https:\/\/ciudadliberal.cl\/wp-content\/uploads\/2022\/07\/image-7-640x361.png 640w, https:\/\/ciudadliberal.cl\/wp-content\/uploads\/2022\/07\/image-7-681x385.png 681w\" sizes=\"auto, (max-width: 1020px) 100vw, 1020px\" \/><figcaption>La fiscal general, Suella Braverman, camina por Downing Street en Londres, Gran Breta\u00f1a, 7 de julio de 2022.\u00a0\u00a9 Henry Nicholls \/ Reuters<br><\/figcaption><\/figure>\n\n\n\n<p><strong>Steve Baker<\/strong><\/p>\n\n\n\n<p>Diputado y presidente adjunto del Grupo de Recuperaci\u00f3n del Covid-19. Critico de Johnson, tambi\u00e9n se ha postulado como opci\u00f3n de cambio en declaraciones este jueves a varios medios brit\u00e1nicos.<\/p>\n\n\n<blockquote class=\"twitter-tweet\">\n<p lang=\"en\" dir=\"ltr\">&quot;People do know that I am a leader, I have led and they know that the Conservative membership routinely puts me in the top 10 for next leader.&quot;<\/p>\n<p>Conservative MP <a href=\"https:\/\/twitter.com\/SteveBakerHW?ref_src=twsrc%5Etfw\">@SteveBakerHW<\/a> says he is considering running to succeed Boris Johnson as prime minister. <a href=\"https:\/\/t.co\/Wh32gi5hQA\">pic.twitter.com\/Wh32gi5hQA<\/a><\/p>\n<p>&mdash; Times Radio (@TimesRadio) <a href=\"https:\/\/twitter.com\/TimesRadio\/status\/1544943661477203971?ref_src=twsrc%5Etfw\">July 7, 2022<\/a><\/p><\/blockquote>\n<p> <script async src=\"https:\/\/platform.twitter.com\/widgets.js\" charset=\"utf-8\"><\/script><\/p>\n\n\n\n<p><\/p>\n\n\n\n<p>Entre estos nombres podr\u00eda estar el posible sucesor del primer ministro brit\u00e1nico. La crisis de confianza en Johnson se agrav\u00f3 tras otro esc\u00e1ndalo, a parte del \u2018Partygate\u2019, con el conservador Ejecutivo, cuando la semana pasada se dio a conocer que el diputado Christopher Pincher, partidario de Johnson, en estado de ebriedad, habr\u00eda acosado a dos visitantes de un club nocturno.<\/p>\n\n\n\n<p>Mientras tanto, dentro de los m\u00faltiples retos que tendr\u00e1 el nuevo primer ministro est\u00e1 el protocolo del Brexit para Irlanda del Norte. El l\u00edder del Partido Democr\u00e1tico Unionista (DUP), Jeffrey Donaldson, advirti\u00f3 al futuro \u00abpremier\u00bb sobre las exigencias de los unionistas para eliminar el controvertido protocolo.<\/p>\n\n\n\n<p>De lo contrario, su partido seguir\u00e1 neg\u00e1ndose a formar un Gobierno de poder compartido en Belfast con los nacionalistas del Sinn F\u00e9in.<\/p>\n\n\n\n<p>Este instrumento, acordado por Londres y Bruselas, establece que Irlanda del Norte sigue vinculada al mercado \u00fanico comunitario para bienes, de ah\u00ed que las mercanc\u00edas que cruzan entre la isla de Gran Breta\u00f1a e Irlanda del Norte deben pasar controles aduaneros para as\u00ed asegurar la ausencia de fronteras f\u00edsicas con la Rep\u00fablica de Irlanda.<\/p>\n\n\n\n<p><\/p>\n\n\n\n<p>V\u00eda: <a href=\"https:\/\/www.france24.com\/es\/europa\/20220707-qui%C3%A9n-podr%C3%ADa-reemplazar-a-boris-johnson-tras-su-renuncia\">France24<\/a><\/p>\n","protected":false},"excerpt":{"rendered":"<p>Tras la dimisi\u00f3n del primer ministro brit\u00e1nico&nbsp;Boris Johnson, luego de casi tres a\u00f1os en el poder y una cascada de decenas de renuncias que provocaron&nbsp;una profunda crisis institucional, se ha desencadenado la b\u00fasqueda de un&nbsp;nuevo l\u00edder. No hay un favorito claro, pero entre los nombres m\u00e1s sonados desde hace meses est\u00e1n Liz Truss, Rishi Sunak, [&hellip;]<\/p>\n","protected":false},"author":1,"featured_media":9466,"comment_status":"closed","ping_status":"closed","sticky":false,"template":"","format":"standard","meta":{"footnotes":""},"categories":[14,2],"tags":[],"class_list":["post-9457","post","type-post","status-publish","format-standard","has-post-thumbnail","hentry","category-entertainment","category-portada"],"_links":{"self":[{"href":"https:\/\/ciudadliberal.cl\/index.php?rest_route=\/wp\/v2\/posts\/9457","targetHints":{"allow":["GET"]}}],"collection":[{"href":"https:\/\/ciudadliberal.cl\/index.php?rest_route=\/wp\/v2\/posts"}],"about":[{"href":"https:\/\/ciudadliberal.cl\/index.php?rest_route=\/wp\/v2\/types\/post"}],"author":[{"embeddable":true,"href":"https:\/\/ciudadliberal.cl\/index.php?rest_route=\/wp\/v2\/users\/1"}],"replies":[{"embeddable":true,"href":"https:\/\/ciudadliberal.cl\/index.php?rest_route=%2Fwp%2Fv2%2Fcomments&post=9457"}],"version-history":[{"count":1,"href":"https:\/\/ciudadliberal.cl\/index.php?rest_route=\/wp\/v2\/posts\/9457\/revisions"}],"predecessor-version":[{"id":9467,"href":"https:\/\/ciudadliberal.cl\/index.php?rest_route=\/wp\/v2\/posts\/9457\/revisions\/9467"}],"wp:featuredmedia":[{"embeddable":true,"href":"https:\/\/ciudadliberal.cl\/index.php?rest_route=\/wp\/v2\/media\/9466"}],"wp:attachment":[{"href":"https:\/\/ciudadliberal.cl\/index.php?rest_route=%2Fwp%2Fv2%2Fmedia&parent=9457"}],"wp:term":[{"taxonomy":"category","embeddable":true,"href":"https:\/\/ciudadliberal.cl\/index.php?rest_route=%2Fwp%2Fv2%2Fcategories&post=9457"},{"taxonomy":"post_tag","embeddable":true,"href":"https:\/\/ciudadliberal.cl\/index.php?rest_route=%2Fwp%2Fv2%2Ftags&post=9457"}],"curies":[{"name":"wp","href":"https:\/\/api.w.org\/{rel}","templated":true}]}}