{"id":8446,"date":"2021-07-28T21:44:10","date_gmt":"2021-07-29T01:44:10","guid":{"rendered":"https:\/\/ciudadliberal.cl\/?p=8446"},"modified":"2021-07-28T21:48:30","modified_gmt":"2021-07-29T01:48:30","slug":"corrupcion-en-america-central-el-sistema-de-la-opacidad","status":"publish","type":"post","link":"https:\/\/ciudadliberal.cl\/?p=8446","title":{"rendered":"Corrupci\u00f3n en Am\u00e9rica Central: el sistema de la opacidad"},"content":{"rendered":"\n<p>En los pa\u00edses del Tri\u00e1ngulo Norte de Centroam\u00e9rica, la f\u00f3rmula utilizada es impedir, cooptar o expulsar a quienes investigan. La lucha contra la corrupci\u00f3n va en retroceso, dicen expertos.<\/p>\n\n\n\n<p>\u00abLas dificultades de la lucha contra la corrupci\u00f3n en Guatemala empiezan con la asfixia financiera de mi equipo por parte del mismo Congreso que me eligi\u00f3\u201d, dice a DW Jord\u00e1n Rodas Andrade, Procurador de los Derechos Humanos de Guatemala. El abogado de la Universidad de San Carlos de Guatemala fue elegido en 2017, durante el per\u00edodo del anterior presidente Jimmy Morales, pero desde la llegada del presidente Alejandro Giammattei al poder, \u00abla lucha contra la corrupci\u00f3n va en franco retroceso en mi pa\u00eds\u201d, lamenta Rodas.<\/p>\n\n\n\n<p>\u00abEl legislativo ha buscado impedir nuestro trabajo de control de la corrupci\u00f3n y respeto de los derechos humanos por todos los medios: he enfrentado 15 antejuicios, ninguno ha encontrado evidencias para abrir procesos; he superado cinco solicitudes de remoci\u00f3n, ninguna ha prosperado; no podemos llegar a todas partes del pa\u00eds porque debido a la negaci\u00f3n de entrega\u00a0de recursos nuestros autos ya no tienen repuestos\u201d, narra a DW Rodas Andrade, quien concluye que \u00absin una Justicia independiente, defender los derechos humanos y luchar contra la corrupci\u00f3n en Guatemala, es cuesta arriba\u201d.<\/p>\n\n\n\n<p>El pasado 24 de julio, el destituido fiscal contra la impunidad de Guatemala, Juan Francisco Sandoval, abandon\u00f3 el pa\u00eds para \u00abresguardar su vida\u00bb, tras denunciar que le obstaculizaron investigar al presidente Alejandro Giammattei. Jord\u00e1n Rodas, tambi\u00e9n presidente de la Asociaci\u00f3n Interamericana de Ombusman (FIO), acompa\u00f1\u00f3 a Sandoval a la frontera con El Salvador y pidi\u00f3 la renuncia de la fiscal general Mar\u00eda Consuelo Porras por \u00abimpedir\u201d que las investigaciones de Sandoval llegaran al n\u00facleo de la corrupci\u00f3n pol\u00edtica y econ\u00f3mica en el pa\u00eds. \u00abEn Guatemala estamos en medio de un proceso de cooptaci\u00f3n del Estado\u201d, denuncia Rodas. Ejemplo de ello, seg\u00fan este jurista con maestr\u00edas en gesti\u00f3n, direcci\u00f3n p\u00fablica y Estado de derecho, es que \u00aben octubre se cumplen dos a\u00f1os de que la Corte Suprema de Justicia deb\u00eda haber sido renovada, igual que toda la Corte de Apelaciones y no lo hacen, no cumplen\u201d.<\/p>\n\n\n\n<p>\u00abSea en Guatemala, Honduras o El Salvador, cuando las investigaciones sobre corrupci\u00f3n se acercan al n\u00facleo de poder pol\u00edtico, el Ejecutivo de turno busca desmantelar a las instituciones de control para evitar que se contin\u00fae\u201d, dice, por su parte a DW Ruth L\u00f3pez Alfaro, jefa jur\u00eddica de Anticorrupci\u00f3n y Justicia de Cristosal, una ONG defensora de Derechos Humanos presente en El Salvador, Guatemala y Honduras.<\/p>\n\n\n\n<h2 class=\"wp-block-heading\">\u00abGobierno corruptor\u201d<\/h2>\n\n\n\n<p>Basada justo en casos en estos tres pa\u00edses del norte de Centroam\u00e9rica, L\u00f3pez Alfaro destaca que \u00abun Gobierno no solo puede ser corrupto, sino corruptor\u201d. As\u00ed, los corruptos corrompen, permean, paralizan, eliminan o expulsan a las instituciones de control, sean nacionales o internacionales, para evitar que sus investigaciones lleguen hasta la ra\u00edz&nbsp;del mal.<\/p>\n\n\n\n<p>\u00abEn El Salvador hemos visto c\u00f3mo el Gobierno le ha apostado a la opacidad\u201d. El pa\u00eds, seg\u00fan la jurista L\u00f3pez, hab\u00eda logrado en la \u00faltima d\u00e9cada una importante institucionalidad, con la labor del Instituto Nacional de Informaci\u00f3n P\u00fablica y la garant\u00eda del derecho ciudadano a la informaci\u00f3n, base para la libertad de prensa y de expresi\u00f3n. \u00abPero desde el 1\u00b0 de junio de 2019, con la llegada de Nayib Bukele al poder, se han empezado a hacer reservas de la informaci\u00f3n, que realmente es p\u00fablica\u201d. \u00bfDe cu\u00e1l informaci\u00f3n se trata? \u00abEstamos hablando de contrataciones, de planes, de las actas de consejos de ministros\u201d, responde la jurista salvadore\u00f1a.<\/p>\n\n\n\n<p><\/p>\n\n\n\n<p>Una de las propuestas insignes de la campa\u00f1a del presidente Nayib Bukele&nbsp;fue la firma de un convenio con la Comisi\u00f3n Internacional contra la Impunidad (CICIES), basado en el modelo implementado en Guatemala. \u00abPero lo que Bukele present\u00f3 como su principal herramienta contra la corrupci\u00f3n es ahora destruida por \u00e9l mismo, cuando hab\u00eda afirmado que El Salvador necesitaba una instituci\u00f3n independiente y externa que garantizara una lucha efectiva contra la corrupci\u00f3n\u201d, recuerda L\u00f3pez. Dicho convenio, firmado con la Organizaci\u00f3n de los Estados Americanos (OEA), fue cancelado por el Gobierno de Bukele el pasado 4 de junio.&nbsp;<\/p>\n\n\n\n<p>\u00abSu actitud va contrav\u00eda a su discurso p\u00fablico\u201d, afirma la jefa jur\u00eddica de Cristosal, y afirma que\u00a0la verdadera\u00a0intenci\u00f3n de Bukele es \u00abquebrar cualquier sistema de oposici\u00f3n a su deseo de mantenerse en el poder\u201d. Esto, a pesar de que la Constituci\u00f3n de El Salvador no permite la reelecci\u00f3n inmediata. Un equipo liderado por el vicepresidente salvadore\u00f1o propondr\u00e1 la reforma de 196 de los 272 art\u00edculos de la actual Carta Magna.<\/p>\n\n\n\n<p><\/p>\n\n\n\n<p>V\u00eda: <a href=\"https:\/\/www.dw.com\/es\/corrupci%C3%B3n-en-am%C3%A9rica-central-el-sistema-de-la-opacidad\/a-58678477\">DW<\/a><\/p>\n\n\n\n<p><\/p>\n","protected":false},"excerpt":{"rendered":"<p>En los pa\u00edses del Tri\u00e1ngulo Norte de Centroam\u00e9rica, la f\u00f3rmula utilizada es impedir, cooptar o expulsar a quienes investigan. La lucha contra la corrupci\u00f3n va en retroceso, dicen expertos. \u00abLas dificultades de la lucha contra la corrupci\u00f3n en Guatemala empiezan con la asfixia financiera de mi equipo por parte del mismo Congreso que me eligi\u00f3\u201d, [&hellip;]<\/p>\n","protected":false},"author":1,"featured_media":8447,"comment_status":"closed","ping_status":"closed","sticky":false,"template":"","format":"standard","meta":{"footnotes":""},"categories":[14,2],"tags":[],"class_list":["post-8446","post","type-post","status-publish","format-standard","has-post-thumbnail","hentry","category-entertainment","category-portada"],"_links":{"self":[{"href":"https:\/\/ciudadliberal.cl\/index.php?rest_route=\/wp\/v2\/posts\/8446","targetHints":{"allow":["GET"]}}],"collection":[{"href":"https:\/\/ciudadliberal.cl\/index.php?rest_route=\/wp\/v2\/posts"}],"about":[{"href":"https:\/\/ciudadliberal.cl\/index.php?rest_route=\/wp\/v2\/types\/post"}],"author":[{"embeddable":true,"href":"https:\/\/ciudadliberal.cl\/index.php?rest_route=\/wp\/v2\/users\/1"}],"replies":[{"embeddable":true,"href":"https:\/\/ciudadliberal.cl\/index.php?rest_route=%2Fwp%2Fv2%2Fcomments&post=8446"}],"version-history":[{"count":2,"href":"https:\/\/ciudadliberal.cl\/index.php?rest_route=\/wp\/v2\/posts\/8446\/revisions"}],"predecessor-version":[{"id":8450,"href":"https:\/\/ciudadliberal.cl\/index.php?rest_route=\/wp\/v2\/posts\/8446\/revisions\/8450"}],"wp:featuredmedia":[{"embeddable":true,"href":"https:\/\/ciudadliberal.cl\/index.php?rest_route=\/wp\/v2\/media\/8447"}],"wp:attachment":[{"href":"https:\/\/ciudadliberal.cl\/index.php?rest_route=%2Fwp%2Fv2%2Fmedia&parent=8446"}],"wp:term":[{"taxonomy":"category","embeddable":true,"href":"https:\/\/ciudadliberal.cl\/index.php?rest_route=%2Fwp%2Fv2%2Fcategories&post=8446"},{"taxonomy":"post_tag","embeddable":true,"href":"https:\/\/ciudadliberal.cl\/index.php?rest_route=%2Fwp%2Fv2%2Ftags&post=8446"}],"curies":[{"name":"wp","href":"https:\/\/api.w.org\/{rel}","templated":true}]}}