{"id":8438,"date":"2021-07-26T09:22:26","date_gmt":"2021-07-26T13:22:26","guid":{"rendered":"https:\/\/ciudadliberal.cl\/?p=8438"},"modified":"2021-07-26T09:22:29","modified_gmt":"2021-07-26T13:22:29","slug":"expresidente-de-el-salvador-es-acusado-formalmente-por-corrupcion","status":"publish","type":"post","link":"https:\/\/ciudadliberal.cl\/?p=8438","title":{"rendered":"Expresidente de El Salvador es acusado formalmente por corrupci\u00f3n"},"content":{"rendered":"\n<p>Salvador S\u00e1nchez Cer\u00e9n sali\u00f3 de su pa\u00eds en 2020, por lo que se solicit\u00f3 que se libre orden de captura internacional.<\/p>\n\n\n\n<p>La Fiscal\u00eda General de la Rep\u00fablica (FGR) de El Salvador present\u00f3 este domingo (25.07.2021) cargos de corrupci\u00f3n contra el expresidente Salvador S\u00e1nchez Cer\u00e9n (2014-2019) y otros nueve exfuncionarios ante un juzgado por supuestamente recibir pagos irregulares en la administraci\u00f3n de Mauricio Funes (2009-2014).<\/p>\n\n\n\n<p>\u00abTodas estas personas est\u00e1n siendo acusadas por los delitos de enriquecimiento il\u00edcito y lavado de dinero\u00bb, indic\u00f3 una representante de la FGR.<\/p>\n\n\n\n<p>Se\u00f1al\u00f3 que \u00abhemos logrado determinar que estas personas cometieron los il\u00edcitos cuando desempe\u00f1aron sus cargos\u00bb al recibir dinero en efectivo \u00abal margen de la ley\u00bb.<\/p>\n\n\n\n<p>De acuerdo con la acusaci\u00f3n de la Fiscal\u00eda, S\u00e1nchez Cer\u00e9n habr\u00eda recibido 530.000 d\u00f3lares cuando se desempe\u00f1aba como vicepresidente de Funes.<\/p>\n\n\n\n<p>Se desconoce actualmente el paradero de S\u00e1nchez Cer\u00e9n, tambi\u00e9n excomandante guerrillero del Frente Farabundo Mart\u00ed para la Liberaci\u00f3n Nacional (FMLN) y quien habr\u00eda salido del pa\u00eds a finales de 2020.&nbsp;https:\/\/platform.twitter.com\/embed\/Tweet.html?dnt=false&amp;embedId=twitter-widget-0&amp;features=eyJ0ZndfZXhwZXJpbWVudHNfY29va2llX2V4cGlyYXRpb24iOnsiYnVja2V0IjoxMjA5NjAwLCJ2ZXJzaW9uIjpudWxsfSwidGZ3X2hvcml6b25fdHdlZXRfZW1iZWRfOTU1NSI6eyJidWNrZXQiOiJodGUiLCJ2ZXJzaW9uIjpudWxsfSwidGZ3X3NwYWNlX2NhcmQiOnsiYnVja2V0Ijoib2ZmIiwidmVyc2lvbiI6bnVsbH19&amp;frame=false&amp;hideCard=false&amp;hideThread=false&amp;id=1419375193684955136&amp;lang=en&amp;origin=https%3A%2F%2Fwww.dw.com%2Fes%2Fexpresidente-de-el-salvador-es-acusado-formalmente-por-corrupci%25C3%25B3n%2Fa-58637932&amp;sessionId=a7b4ddb17ad3fb0c84fc37a3b2f9cde9bc9920d5&amp;siteScreenName=dw_espanol&amp;theme=light&amp;widgetsVersion=82e1070%3A1619632193066&amp;width=550px<\/p>\n\n\n\n<p>S\u00e1nchez Cer\u00e9n se convirti\u00f3 el pasado 22 de julio en el cuarto exmandatario de la etapa democr\u00e1tica salvadore\u00f1a en ser requerido por la Fiscal\u00eda por cargos de corrupci\u00f3n.<\/p>\n\n\n\n<p>La Fiscal\u00eda pidi\u00f3 a la corte que se gire orden de captura internacional contra S\u00e1nchez Cer\u00e9n y otras cuatro personas que se encuentran fuera del pa\u00eds.<\/p>\n\n\n\n<p>Los otros acusados son Jos\u00e9 L\u00f3pez Ju\u00e1rez, expresidente de la Comisi\u00f3n Ejecutiva Portuaria (CEPA) y el exsecretario privado de la Presidencia Manuel Melgar, adem\u00e1s de los exministros de Obras P\u00fablicas y Medio Ambiente, Gerson Mart\u00ednez y Lina Pohl, respectivamente.<\/p>\n\n\n\n<p>Los detenidos son el extitular de Hacienda Carlos C\u00e1ceres, la exministra de Salud Violeta Menj\u00edvar, los exviceministros Hugo Flores y Erlinda Handal, y el exdiputado del FMLN Calixto Mej\u00eda (2014-2017).<\/p>\n\n\n\n<h2 class=\"wp-block-heading\"><strong>Protestan contra capturas y acusaciones<\/strong><\/h2>\n\n\n\n<p>Este caso se desprende de la investigaci\u00f3n contra Funes por la supuesta malversaci\u00f3n de 351 millones de d\u00f3lares del presupuesto estatal.<\/p>\n\n\n\n<p>Funes vive en Nicaragua desde 2016 y recibi\u00f3 en 2017 la nacionalidad de ese pa\u00eds centroamericano, cuya Constituci\u00f3n proh\u00edbe la extradici\u00f3n de sus ciudadanos.<\/p>\n\n\n\n<p>Decenas de militantes del FMLN, actualmente partido de oposici\u00f3n, protestaron cerca de la sede de los tribunales en San Salvador y denunciaron que las capturas se dieron sin seguir los procedimientos legales.<\/p>\n\n\n\n<p>El secretario general del FMLN y exvicepresidente del pa\u00eds entre 2014 y 2019, \u00d3scar Ortiz, se\u00f1al\u00f3 que los exfuncionarios fueron \u00abprivados de libertad\u00bb sin que se respetaran los \u00abaspectos legales con plena impunidad como en los a\u00f1os 80\u00bb.<\/p>\n\n\n\n<p>\u00abLos vamos acompa\u00f1ar hasta el final, el FMLN va a estar junto con ellos\u00bb y \u00aben estos momentos oscuros del pa\u00eds vamos a seguir dando la batalla\u00bb, sostuvo.\u00a0<\/p>\n\n\n\n<p>A\u00f1adi\u00f3: \u00abHoy se quiere destruir a todos los partidos pol\u00edticos que sean la oposici\u00f3n de esta elite gobernante que quiere aprovecharse econ\u00f3micamente de todos los recursos del Estado\u00bb.<\/p>\n\n\n\n<p>A juicio de Ortiz, el pa\u00eds est\u00e1 \u00abante el peligro de regresar totalmente a aquella \u00e9poca que fue superada con mucho sacrificio\u00bb.<\/p>\n\n\n\n<p>EL FMLN, otrora guerrilla, llev\u00f3 al poder a Funes en 2009 y a S\u00e1nchez Cer\u00e9n en 2014 y sufri\u00f3 una debacle electoral a ra\u00edz de los casos de corrupci\u00f3n vinculados principalmente con la administraci\u00f3n de Funes.<\/p>\n\n\n\n<p><\/p>\n\n\n\n<p>V\u00eda: <a href=\"https:\/\/www.dw.com\/es\/expresidente-de-el-salvador-es-acusado-formalmente-por-corrupci%C3%B3n\/a-58637932\">DW<\/a><\/p>\n","protected":false},"excerpt":{"rendered":"<p>Salvador S\u00e1nchez Cer\u00e9n sali\u00f3 de su pa\u00eds en 2020, por lo que se solicit\u00f3 que se libre orden de captura internacional. La Fiscal\u00eda General de la Rep\u00fablica (FGR) de El Salvador present\u00f3 este domingo (25.07.2021) cargos de corrupci\u00f3n contra el expresidente Salvador S\u00e1nchez Cer\u00e9n (2014-2019) y otros nueve exfuncionarios ante un juzgado por supuestamente recibir [&hellip;]<\/p>\n","protected":false},"author":1,"featured_media":8439,"comment_status":"closed","ping_status":"closed","sticky":false,"template":"","format":"standard","meta":{"footnotes":""},"categories":[14,2],"tags":[],"class_list":["post-8438","post","type-post","status-publish","format-standard","has-post-thumbnail","hentry","category-entertainment","category-portada"],"_links":{"self":[{"href":"https:\/\/ciudadliberal.cl\/index.php?rest_route=\/wp\/v2\/posts\/8438","targetHints":{"allow":["GET"]}}],"collection":[{"href":"https:\/\/ciudadliberal.cl\/index.php?rest_route=\/wp\/v2\/posts"}],"about":[{"href":"https:\/\/ciudadliberal.cl\/index.php?rest_route=\/wp\/v2\/types\/post"}],"author":[{"embeddable":true,"href":"https:\/\/ciudadliberal.cl\/index.php?rest_route=\/wp\/v2\/users\/1"}],"replies":[{"embeddable":true,"href":"https:\/\/ciudadliberal.cl\/index.php?rest_route=%2Fwp%2Fv2%2Fcomments&post=8438"}],"version-history":[{"count":1,"href":"https:\/\/ciudadliberal.cl\/index.php?rest_route=\/wp\/v2\/posts\/8438\/revisions"}],"predecessor-version":[{"id":8440,"href":"https:\/\/ciudadliberal.cl\/index.php?rest_route=\/wp\/v2\/posts\/8438\/revisions\/8440"}],"wp:featuredmedia":[{"embeddable":true,"href":"https:\/\/ciudadliberal.cl\/index.php?rest_route=\/wp\/v2\/media\/8439"}],"wp:attachment":[{"href":"https:\/\/ciudadliberal.cl\/index.php?rest_route=%2Fwp%2Fv2%2Fmedia&parent=8438"}],"wp:term":[{"taxonomy":"category","embeddable":true,"href":"https:\/\/ciudadliberal.cl\/index.php?rest_route=%2Fwp%2Fv2%2Fcategories&post=8438"},{"taxonomy":"post_tag","embeddable":true,"href":"https:\/\/ciudadliberal.cl\/index.php?rest_route=%2Fwp%2Fv2%2Ftags&post=8438"}],"curies":[{"name":"wp","href":"https:\/\/api.w.org\/{rel}","templated":true}]}}