{"id":8143,"date":"2021-03-26T12:00:17","date_gmt":"2021-03-26T16:00:17","guid":{"rendered":"https:\/\/ciudadliberal.cl\/?p=8143"},"modified":"2021-03-26T12:00:20","modified_gmt":"2021-03-26T16:00:20","slug":"macron-asume-no-haber-confinado-el-pais-en-enero-pero-evoca-nuevas-medidas","status":"publish","type":"post","link":"https:\/\/ciudadliberal.cl\/?p=8143","title":{"rendered":"Macron asume no haber confinado el pa\u00eds en enero, pero evoca \u00abnuevas medidas\u00bb"},"content":{"rendered":"\n<p>Al t\u00e9rmino de la reuni\u00f3n del Consejo Europeo, el presidente franc\u00e9s dijo que \u00abtuvo raz\u00f3n\u00bb de no confinar a Francia en enero, pero anunci\u00f3 \u00abnuevas medidas en las pr\u00f3ximas semanas\u00bb para amortiguar el embate de&nbsp;la tercera ola de contagios. Adem\u00e1s, afirm\u00f3 que Europa debe reforzar su plan para reactivar la econom\u00eda, semejante a lo que est\u00e1n haciendo Estados Unidos.<\/p>\n\n\n\n<p>Los casos positivos de Covid-19&nbsp;siguen en aumento en Francia y el presidente&nbsp;Emmanuel Macron tom\u00f3 responsabilidad por sus recientes decisiones. \u00abPuedo decirlo: tuvimos raz\u00f3n de no haber confinado Francia a finales de enero porque no se dio la explosi\u00f3n prevista por todos los modelos\u00bb, asegur\u00f3 el mandatario el 25 de marzo&nbsp;<a href=\"https:\/\/www.france24.com\/es\/europa\/20210326-union-europea-vacunas-astrazeneca-exportaciones\">al t\u00e9rmino del Consejo Europeo.<\/a><\/p>\n\n\n\n<p>\u00abNo tengo que hacer ning\u00fan &#8216;mea culpa&#8217;, ni remordimiento alguno, ni que sea un fracaso\u00bb, insisti\u00f3.<\/p>\n\n\n\n<p>Una declaraciones que vienen como respuesta a las fuertes cr\u00edticas hacia el Gobierno por el deterioro de la situaci\u00f3n sanitaria en todo el pa\u00eds. Aunque el presidente acepta que su decisi\u00f3n tra\u00eda \u00abun riesgo\u00bb, explic\u00f3 que las medidas como el toque de queda permitir\u00edan \u00abhacer frente al aumento de casos y es lo que sucedi\u00f3\u00bb. Macron agreg\u00f3 adem\u00e1s que se tuvo en cuenta varios factores como \u00abla salud mental\u00bb, \u00abla tensi\u00f3n y las dificultades de los j\u00f3venes\u00bb.<\/p>\n\n\n\n<p>Macron concedi\u00f3\u00a0que en marzo las medidas para frenar la epidemia no fueron suficientes, pues esta se aceler\u00f3\u00a0debido a la propagaci\u00f3n de la variante brit\u00e1nica del virus. De ah\u00ed que el\u00a0<a href=\"https:\/\/www.france24.com\/es\/europa\/20210318-francia-paris-confinamiento-coronavirus-rebrote\">Gobierno haya tomado nuevas medidas, como el confinamiento de 16, incluido Par\u00eds.<\/a><\/p>\n\n\n\n<p>El presidente anunci\u00f3 que otras medidas vendr\u00e1n a reforzar las que ya est\u00e1n en vigor. \u00abEstas semanas que vienen van a ser dif\u00edciles, tomaremos todas las medidas \u00fatiles a tiempo y a mi manera de ver no hay tab\u00fa alguno\u00bb, advirti\u00f3.<\/p>\n\n\n\n<p><strong>Una respuesta m\u00e1s completa para reactivar la econom\u00eda europea<\/strong><\/p>\n\n\n\n<p>Emmanuel Macron explic\u00f3 que Europa tendr\u00e1 que \u00abmejorar\u00bb y \u00abcompletar\u00bb su plan de reactivaci\u00f3n econ\u00f3mica y presupuestaria. Un plan&nbsp;que a sus ojos&nbsp;deber\u00eda ir en la misma direcci\u00f3n del puesto en marcha por el Gobierno estadounidense.<\/p>\n\n\n\n<p>\u00abUna de las lecciones de esta crisis tanto para Europa como para Francia es que debemos simplificar dr\u00e1sticamente nuestras respuestas. Somos muy lentos, demasiado complejos, atascados en nuestras burocracias\u00bb, dijo el mandatario a la prensa.<\/p>\n\n\n\n<p>En resumen de lo discutido con los dirigentes de los pa\u00edses de la Uni\u00f3n Europea, el presidente galo subray\u00f3 que para salir de la crisis es necesario \u00abmantener las medidas de apoyo presupuestario mientras dure la crisis sanitaria y la puesta en marcha de un r\u00e1pido plan de reactivaci\u00f3n europeo\u00bb.<\/p>\n\n\n\n<p>Este es, seg\u00fan \u00e9l, un compromiso importante de la UE, \u00abuna respuesta a la altura\u00bb,&nbsp;justo despu\u00e9s de la primera ola en la primavera de 2020. Pero en vista de la segunda y tercera ola \u201ctendremos sin duda que completar dicha respuesta\u201d.<\/p>\n\n\n\n<p><strong>Europa, ante una posible p\u00e9rdida de crecimiento en relaci\u00f3n con EE.UU<\/strong><\/p>\n\n\n\n<p>\u00abLa fortaleza de la respuesta americana y del plan anunciado hace unos d\u00edas por el presidente Biden y el Congreso nos ponen ante una responsabilidad hist\u00f3rica\u00bb, afirm\u00f3 Macron, al referirse a la inyecci\u00f3n de 1,9 billones de d\u00f3lares a la econom\u00eda estadounidense.<\/p>\n\n\n\n<p>Seg\u00fan las proyecciones, \u00abvemos que Estados Unidos volver\u00e1n al nivel que ten\u00edan antes de la crisis hacia mediados de 2021 y sobre todo van a retomar la trayectoria sobre la que estaban\u00bb, explic\u00f3 el mandatario.<\/p>\n\n\n\n<p>En comparaci\u00f3n, la Uni\u00f3n Europea no volver\u00e1 a ese nivel sino hasta la primera-verano de 2022. \u00abUn desfase en la trayectoria preocupante porque es una&nbsp;potencial p\u00e9rdida de crecimiento\u00bb, dijo Macron.<\/p>\n\n\n\n<p>Para remediar esto, en parte, el presidente franc\u00e9s\u00a0espera que se hagan inversiones m\u00e1s r\u00e1pido, m\u00e1s importantes y en los sectores prioritarios. Lo que busca es que se d\u00e9 un debate y \u00abplantar una semilla\u00bb para que se aborde este tema que por ahora no ha entrado a debatir con los dem\u00e1s pa\u00edses del bloque.<\/p>\n\n\n\n<p><\/p>\n\n\n\n<p>V\u00eda: <a href=\"https:\/\/www.france24.com\/es\/francia\/20210326-francia-macron-confinamiento-enero-nuevas-medidas\">France 24<\/a><\/p>\n\n\n\n<p><a rel=\"noreferrer noopener\" href=\"https:\/\/www.facebook.com\/dialog\/share?app_id=121241974571942&amp;href=https%3A%2F%2Ff24.my%2F7VW7.F&amp;redirect_uri=https%3A%2F%2Fwww.france24.com%2Fes%2Ffrancia%2F20210326-francia-macron-confinamiento-enero-nuevas-medidas&amp;locale=es_LA\" target=\"_blank\"><\/a><a rel=\"noreferrer noopener\" href=\"https:\/\/web.whatsapp.com\/send?text=Macron%20asume%20no%20haber%20confinado%20el%20pa%C3%ADs%20en%20enero%2C%20pero%20evoca%20%22nuevas%20medidas%22%20-%20https%3A%2F%2Ff24.my%2F7VW7.W\" target=\"_blank\"><\/a><a rel=\"noreferrer noopener\" href=\"https:\/\/twitter.com\/intent\/tweet?url=https%3A%2F%2Ff24.my%2F7VW7.T&amp;via=France24_es&amp;related=France24_es&amp;text=Macron%20asume%20no%20haber%20confinado%20el%20pa%C3%ADs%20en%20enero%2C%20pero%20evoca%20%22nuevas%20medidas%22&amp;lang=es\" target=\"_blank\"><\/a><\/p>\n\n\n\n<p><a rel=\"noreferrer noopener\" href=\"https:\/\/www.facebook.com\/dialog\/share?app_id=121241974571942&amp;href=https%3A%2F%2Ff24.my%2F7VW7.F&amp;redirect_uri=https%3A%2F%2Fwww.france24.com%2Fes%2Ffrancia%2F20210326-francia-macron-confinamiento-enero-nuevas-medidas&amp;locale=es_LA\" target=\"_blank\"><\/a><a rel=\"noreferrer noopener\" href=\"https:\/\/web.whatsapp.com\/send?text=Macron%20asume%20no%20haber%20confinado%20el%20pa%C3%ADs%20en%20enero%2C%20pero%20evoca%20%22nuevas%20medidas%22%20-%20https%3A%2F%2Ff24.my%2F7VW7.W\" target=\"_blank\"><\/a><a rel=\"noreferrer noopener\" href=\"https:\/\/twitter.com\/intent\/tweet?url=https%3A%2F%2Ff24.my%2F7VW7.T&amp;via=France24_es&amp;related=France24_es&amp;text=Macron%20asume%20no%20haber%20confinado%20el%20pa%C3%ADs%20en%20enero%2C%20pero%20evoca%20%22nuevas%20medidas%22&amp;lang=es\" target=\"_blank\"><\/a><\/p>\n","protected":false},"excerpt":{"rendered":"<p>Al t\u00e9rmino de la reuni\u00f3n del Consejo Europeo, el presidente franc\u00e9s dijo que \u00abtuvo raz\u00f3n\u00bb de no confinar a Francia en enero, pero anunci\u00f3 \u00abnuevas medidas en las pr\u00f3ximas semanas\u00bb para amortiguar el embate de&nbsp;la tercera ola de contagios. Adem\u00e1s, afirm\u00f3 que Europa debe reforzar su plan para reactivar la econom\u00eda, semejante a lo que [&hellip;]<\/p>\n","protected":false},"author":1,"featured_media":7726,"comment_status":"closed","ping_status":"closed","sticky":false,"template":"","format":"standard","meta":{"footnotes":""},"categories":[14,2],"tags":[],"class_list":["post-8143","post","type-post","status-publish","format-standard","has-post-thumbnail","hentry","category-entertainment","category-portada"],"_links":{"self":[{"href":"https:\/\/ciudadliberal.cl\/index.php?rest_route=\/wp\/v2\/posts\/8143","targetHints":{"allow":["GET"]}}],"collection":[{"href":"https:\/\/ciudadliberal.cl\/index.php?rest_route=\/wp\/v2\/posts"}],"about":[{"href":"https:\/\/ciudadliberal.cl\/index.php?rest_route=\/wp\/v2\/types\/post"}],"author":[{"embeddable":true,"href":"https:\/\/ciudadliberal.cl\/index.php?rest_route=\/wp\/v2\/users\/1"}],"replies":[{"embeddable":true,"href":"https:\/\/ciudadliberal.cl\/index.php?rest_route=%2Fwp%2Fv2%2Fcomments&post=8143"}],"version-history":[{"count":1,"href":"https:\/\/ciudadliberal.cl\/index.php?rest_route=\/wp\/v2\/posts\/8143\/revisions"}],"predecessor-version":[{"id":8144,"href":"https:\/\/ciudadliberal.cl\/index.php?rest_route=\/wp\/v2\/posts\/8143\/revisions\/8144"}],"wp:featuredmedia":[{"embeddable":true,"href":"https:\/\/ciudadliberal.cl\/index.php?rest_route=\/wp\/v2\/media\/7726"}],"wp:attachment":[{"href":"https:\/\/ciudadliberal.cl\/index.php?rest_route=%2Fwp%2Fv2%2Fmedia&parent=8143"}],"wp:term":[{"taxonomy":"category","embeddable":true,"href":"https:\/\/ciudadliberal.cl\/index.php?rest_route=%2Fwp%2Fv2%2Fcategories&post=8143"},{"taxonomy":"post_tag","embeddable":true,"href":"https:\/\/ciudadliberal.cl\/index.php?rest_route=%2Fwp%2Fv2%2Ftags&post=8143"}],"curies":[{"name":"wp","href":"https:\/\/api.w.org\/{rel}","templated":true}]}}