{"id":811,"date":"2017-04-12T23:53:22","date_gmt":"2017-04-13T02:53:22","guid":{"rendered":"https:\/\/ciudadliberal.cl\/?p=811"},"modified":"2017-04-13T00:04:46","modified_gmt":"2017-04-13T03:04:46","slug":"juventudes-politicas-piden-a-sus-pares-participar-del-proceso-electoral-hacia-los-comicios-de-noviembre","status":"publish","type":"post","link":"https:\/\/ciudadliberal.cl\/?p=811","title":{"rendered":"Juventudes Politicas piden a sus pares participar del proceso electoral hacia los comicios de noviembre"},"content":{"rendered":"<p><strong>Los lideres juveniles de la DC y de RN ademas de representantes de la UDI, el PC y de otros movimientos de izquierda participaron hoy miercoles de un foro realizado por estudiantes de la carrera de Ingenieria Comercial de esa casa de estudios, donde confrontaron diversas posiciones en materias contingentes poltiicas y nacionales en un ambiente tranquilo con algunas situaciones polemicas, pidiendo entre todos de una u otra forma participar en politica, ex presidenta de la FEUSACH justifica el uso de las barricadas, lider de la JDC considera \u00abinfantilismo\u00bb no votar por ningun candidato presidencial y presidenta de la JRN se\u00f1alo que esta \u00abpersonalmente\u00bb a favor del aborto libre, pero no a nivel partidario<\/strong><\/p>\n<p>Durante este mediodia y en dependencias de la Universidad de Santiago, los presidentes de las juventudes de la DC (Diego Calderon) y de Renovacion Nacional (Renata Santander), ademas de representantes de otras colectividades politicas como el vicepresidente de las juventudes de la UDI Sergio Matamala, el ex vocero estudiantil de la CONES el PC Ricardo Paredes, el secretario general de la federacion estudiantil de esa universidad Ricardo Fierro quien es militante del Movimiento de Izquierda Revolucionaria (MIR) y Marta Matamala ex presidenta de la FEUSACH quien es fundadora y miembro del grupo politico de izquierda \u00abSomos\u00bb, Entre todos ellos hubo un trato cordial antes y despues de este encuentro, limitado en el tiempo con 1 minuto de presentacion y 2 de respuestas a las preguntas pero disputado en las ideas, aunque sin desbordes en los argumentos, pero con tratos y alusiones directas entre uno y otro invitado en especial entre el representante comunista y sus pares de la derecha, tambien hubo quienes llevaron barra como el grupo mencionado de M.Matamala que incluso una de sus integrantes interpelo en pleno debate al representante de la UDI sobre la propuesta de reduccion de la jornada laboral de 40 horas que, cerca de 50 estudiantes e incluso funcionarios escucharon este intercambio de ideas que se realizo sin desbordes y que consistio en una presentacion de los representantes mencionados, 4 preguntas, 2 realizadas por los dirigentes estudiantiles y otras 2 por el publico, mas una despedida final, el unico punto problematico fueron los recurrentes problemas de audio que por ejemplo afectaron al mencionado Ricardo Paredes quien incluso tuvo que hablar al unisono ante los asistentes<\/p>\n<p>En las palabras finales sobre su participacion los foristas de este encuentro pidieron a sus pares informarse de las propuestas de los candidatos donde definiran el futuro de Chile por los proximos 4 a\u00f1os, la presidenta de la juventud RN Renata Santander invito a los presentes a incidir en los debates nacionales de una forma informada y tambien impulsiva: \u00abHoy d\u00eda la juventud tiene el poder de empujar el carro hacia el Chile que nosotros queremos, independientemente cual sea el Chile que nosotros queremos, pero hacerse parte de esto, involucrarse y saber que hoy d\u00eda esto no es un chiste, hoy d\u00eda lo que nos estamos jugando es el destino de nuestro pa\u00eds, es el futuro de nuestros hijos y darlo sea para adonde sea, empujar el carro, y a sacar la fuerza que tenemos como juventud para adelante\u00bb, por su parte el ex vocero estudiantil de la CONES el PC Ricardo Paredes mezclando la ironia con las peticiones serias, pidio a los asistentes participar desde las minimas instancias de la politica para influir en el futuro: \u00abAqu\u00ed hay que participar, hay que trabajar y hay que organizarse, lo principal es que todos militen en el Partido Comunis&#8230;&#8230; !No mentira\u00a1 lo principal chiquillos es que entiendan, independiente que sean comunistas o no, es que lo que nosotros estamos planteando en la izquierda es sentido com\u00fan, nada mas que eso, con eso los dejo chiquillos, vayan a sus asambleas, voten y marchen por favor, porque esta reforma tiene que salir para adelante\u00bb, mientras tanto Ricardo Fierro el actual secretario general de la FEUSACH citando al lider historico de su agrupacion Miguel Enriquez sobre las elecciones, se\u00f1alo que no hay que tener temores para militar en una organizacion politica: \u00abComo dec\u00eda Miguel Enriquez, No resuelven los problemas de las clases, solo los plantean, evidentemente como juventud tenemos que estar en todos los frentes sociales, tenemos que estar en todos los frentes sociales, organizarnos discutir de pol\u00edtica, no tengamos miedo en militar en alguna organizaci\u00f3n pol\u00edtica, que justamente el modelo de los compa\u00f1eros de la UDI han venido instalando de que las organizaciones sociales no podemos discutir de pol\u00edtica no podemos tener una proyecci\u00f3n, Los movimientos sociales requerimos discutir de pol\u00edtica\u00bb, se\u00f1alo asi este dirigente social<\/p>\n<p>Pero en las preguntas tematicas afloraron las diferencias en sus visiones de la realidad nacional, sobretodo en temas valoricos y sociales, por ejemplo la ex presidenta de la FEUSACH Marta Matamala al responder una pregunta sobre el conflicto mapuche justifico el uso de las barricadas en protestas para reclamar por algun conflicto, en especial en las zonas que estan siendo afectadas por la sequia y por los problemas de tierras que afectan a esa zona:<span style=\"color: #333333;\"> \u00abSi vamos a hablar de violencia de verdad, hablemos de violencia en serio, porque yo les quiero preguntar cuantos de ac\u00e1 no har\u00edan una barricada en la esquina de su casa, si un cami\u00f3n aljibe en la regi\u00f3n que llueve mas de todo el pa\u00eds, no tuviera agua, esa es la respuesta por la cual las comunidades en auto-defensa, defienden no solamente sus territorios, las pol\u00edticas publicas en este pa\u00eds han estado \u00fanicamente orientadas a la militarizaci\u00f3n, a la criminaci\u00f3n, al perfeccionamiento de las leyes que se hicieron durante la dictadura\u00bb<\/span>, y en una respuesta de esta dirigente sobre la actual contienda electoral donde se\u00f1alo que no tenia ningun candidato presidencial, el presidente de la JDC Diego Calderon califico como un comportamiento inmaduro las opciones de no apoyar ninguna opcion para llegar al palacio de La Moneda el proximo a\u00f1o, citando las dificultades del entendimiendo entre la izquierda y el centro: <span style=\"color: #333333;\">\u00abMi rechazo al infantilismo, al sostener mira no tengo candidato y probablemente ni tenga, porque lo que eso significa es que no vamos a mover un dedo para que los sectores empresariales y los sectores que hoy d\u00eda gobiernan nuestro pa\u00eds en buena parte por el poder econ\u00f3mico que es representado por Sebastian Pi\u00f1era lleguen al gobierno y nosotros vamos a estar sentados viendo como eso pasa, yo creo que no yo creo que tenemos que ser capaces (&#8230;) de tratar de construir una mayor\u00eda que nos permita sostener un segundo gobierno\u00bb, <\/span>mientras que la l\u00edder de la juventud RN Renata Santander sorprendi\u00f3 al revelar su postura personal sobre el aborto estando a favor de el, pero que por razones partidistas no lo puede apoyar: <span style=\"color: #0000ff;\"><span style=\"color: #333333;\">\u00abRespecto del aborto que es un tema un poco mas sensible, si me preguntas a mi, yo por su puesto que creo en el aborto libre,<\/span> <\/span><span style=\"color: #333333;\">completamente libre, pero soy presidenta de un partido, o sea soy la presidenta de la juventud de un partido y como vengo hoy d\u00eda en representaci\u00f3n de el, nosotros estamos abiertos a conversar el tema del aborto en las tres causales que son las mas criticas\u00bb,<\/span> se\u00f1alo esta dirigenta del partido mas antiguo de la derecha<\/p>\n<p>Durante esta jornada en el ambito politico, la agenda estuvo marcada por las primarias y los refichajes, en el primer tema nuevamente el precandidato presidencial Alejandro Guillier pidio la realizacion de las primarias dentro de la coalicion de gobierno, luego de sostener una reunion conjunta con las directivas del PS y el PPD esta ma\u00f1ana de miercoles, este candidato ademas recobio el apoyo del ex presidenciable PS Jose Miguel Insulza que atraves de una entrevista al diario \u00abLa Segunda\u00bb, declaro su respaldo al candidato, luego de haber sostenido el dia de ayer un cafe personal con la precandidata DC Carolina Goic, mientras que en la opositora Chile Vamos y ante las opiniones de reevaluar las primarias, finalmente el bloque opositor ratifico en una reunion de su comision oficial que hbra eleccion interna y que habran 2 debates nacionales entre los 3 precandidatos presidenciales del pacto y en el segundo tema, finalmente la mayoria de los grandes partidos como la DC, RN, el Partido Radical y el PPD consiguieron las firmas legales para revalidarse como colectividades pudiendo presentar candidatos en las proximas elecciones y recibir financiamiento publico, en el ultimo partido mencionado, celebraron este logro durante el atardecer con un conversatorio y una fiesta en su sede nacional ubicada en el centro de Santiago<\/p>\n","protected":false},"excerpt":{"rendered":"<p>Los lideres juveniles de la DC y de RN ademas de representantes de la UDI, el PC y de otros movimientos de izquierda participaron hoy miercoles de un foro realizado por estudiantes de la carrera de Ingenieria Comercial de esa casa de estudios, donde confrontaron diversas posiciones en materias contingentes poltiicas y nacionales en un [&hellip;]<\/p>\n","protected":false},"author":1,"featured_media":812,"comment_status":"closed","ping_status":"closed","sticky":false,"template":"","format":"standard","meta":{"footnotes":""},"categories":[6,16],"tags":[],"class_list":["post-811","post","type-post","status-publish","format-standard","has-post-thumbnail","hentry","category-actualidad","category-internet"],"_links":{"self":[{"href":"https:\/\/ciudadliberal.cl\/index.php?rest_route=\/wp\/v2\/posts\/811","targetHints":{"allow":["GET"]}}],"collection":[{"href":"https:\/\/ciudadliberal.cl\/index.php?rest_route=\/wp\/v2\/posts"}],"about":[{"href":"https:\/\/ciudadliberal.cl\/index.php?rest_route=\/wp\/v2\/types\/post"}],"author":[{"embeddable":true,"href":"https:\/\/ciudadliberal.cl\/index.php?rest_route=\/wp\/v2\/users\/1"}],"replies":[{"embeddable":true,"href":"https:\/\/ciudadliberal.cl\/index.php?rest_route=%2Fwp%2Fv2%2Fcomments&post=811"}],"version-history":[{"count":3,"href":"https:\/\/ciudadliberal.cl\/index.php?rest_route=\/wp\/v2\/posts\/811\/revisions"}],"predecessor-version":[{"id":815,"href":"https:\/\/ciudadliberal.cl\/index.php?rest_route=\/wp\/v2\/posts\/811\/revisions\/815"}],"wp:featuredmedia":[{"embeddable":true,"href":"https:\/\/ciudadliberal.cl\/index.php?rest_route=\/wp\/v2\/media\/812"}],"wp:attachment":[{"href":"https:\/\/ciudadliberal.cl\/index.php?rest_route=%2Fwp%2Fv2%2Fmedia&parent=811"}],"wp:term":[{"taxonomy":"category","embeddable":true,"href":"https:\/\/ciudadliberal.cl\/index.php?rest_route=%2Fwp%2Fv2%2Fcategories&post=811"},{"taxonomy":"post_tag","embeddable":true,"href":"https:\/\/ciudadliberal.cl\/index.php?rest_route=%2Fwp%2Fv2%2Ftags&post=811"}],"curies":[{"name":"wp","href":"https:\/\/api.w.org\/{rel}","templated":true}]}}