{"id":8093,"date":"2021-03-02T22:42:07","date_gmt":"2021-03-03T02:42:07","guid":{"rendered":"https:\/\/ciudadliberal.cl\/?p=8093"},"modified":"2021-03-02T22:42:09","modified_gmt":"2021-03-03T02:42:09","slug":"en-dos-dias-y-con-los-mismos-vocales-la-reforma-que-modifica-las-elecciones-de-abril","status":"publish","type":"post","link":"https:\/\/ciudadliberal.cl\/?p=8093","title":{"rendered":"En dos d\u00edas y con los mismos vocales: La reforma que modifica las elecciones de abril"},"content":{"rendered":"\n<p>Se trata de la votaci\u00f3n de alcaldes, gobernadores, concejales y constituyentes, cuya moci\u00f3n busca evitar la exposici\u00f3n por tiempos prolongados al virus.<\/p>\n\n\n\n<p>De ser aprobado, se aumentar\u00e1 el bono a 30.000 pesos para los vocales, adem\u00e1s de nuevas atribuciones al Servel.<\/p>\n\n\n\n<p>El Gobierno ingres\u00f3 este lunes al Congreso el anunciado&nbsp;<a href=\"https:\/\/www.cooperativa.cl\/noticias\/pais\/politica\/elecciones\/las-personas-podran-votar-sabado-o-domingo-gobierno-decidio-realizar\/2021-03-01\/231323.html\" target=\"_blank\" rel=\"noreferrer noopener\">proyecto de<strong>&nbsp;reforma constitucional<\/strong>&nbsp;que busca<strong>&nbsp;que las elecciones<\/strong>&nbsp;<strong>de alcaldes, concejales, gobernadores y convencionales constituyentes se realicen en dos d\u00edas<\/strong><\/a>:el<strong>&nbsp;s\u00e1bado 10 y el domingo 11 de abril<\/strong>.<\/p>\n\n\n\n<p>La moci\u00f3n, de discusi\u00f3n inmediata, argumenta que debido a la complejidad de la votaci\u00f3n y para evitar la exposici\u00f3n por tiempos prologandos por el Covid-19, se busca que las elecciones&nbsp;<strong>no sean un s\u00f3lo d\u00eda<\/strong>, como se plante\u00f3 preliminarmente para el 11 de abril.<\/p>\n\n\n\n<p>Ante esto, se postula que&nbsp;<strong>los vocales de mesa sean los mismos ambos d\u00edas<\/strong>, para lo cual se considera&nbsp;<strong>aumentar el bono a 30.000 pesos por jornada<\/strong>.<\/p>\n\n\n\n<p>Adem\u00e1s se otorgar\u00edan nuevas atribuciones al Servel para la organizaci\u00f3n, las que contemplan \u00abnormas e instrucciones\u00bb como&nbsp;<strong>determinar los horarios exclusivos o preferentes para adultos mayores<\/strong>, el sellado y custodia de las urnas y \u00fatiles electorales, como tambi\u00e9n el orden del escrutinio.<\/p>\n\n\n\n<p>El texto advierte que hay \u00abcuatro elecciones de gran envergadura y que involucran a un gran n\u00famero de candidatos y candidatas, como son las convencionales constituyentes, gobernadores regionales, alcaldes y concejales, quedaron para un mismo d\u00eda, el domingo 11 de abril\u00bb.<\/p>\n\n\n\n<p>Por lo que se busca \u00abuna medida sanitaria para resguardar la salud de los participantes del proceso eleccionario\u00bb, plantea.<\/p>\n\n\n\n<h2 class=\"wp-block-heading\"><em><strong>GOBIERNO: \u00abESPERAMOS QUE SEA DE \u00c1GIL TRAMITACI\u00d3N\u00bb<\/strong><\/em><\/h2>\n\n\n\n<p>El ministro secretario general de Gobierno,&nbsp;<strong>Jaime Bellolio<\/strong>, aclar\u00f3 enfatiz\u00f3 que, \u00abpor supuesto, los resguardos para evitar cualquier tipo de duda sobre la transparencia electoral son fundamentales, y de ah\u00ed, todos debemos cooperar\u00bb.<\/p>\n\n\n\n<p>En ese marco, subray\u00f3 que \u00abtenemos un sistema electoral que es impecable, que no s\u00f3lo es muy r\u00e1pido en el conteo, sino que tambi\u00e9n es muy transparente y est\u00e1 a la vista de todos los ciudadanos, y eso es lo que se quiere resguardar con este proyecto de ley\u00bb.<\/p>\n\n\n\n<p>\u00ab<strong>Esperamos que sea de \u00e1gil tramitaci\u00f3n (de la reforma) porque estamos a pocos d\u00edas de que empiece ya el \u00faltimo mes de campa\u00f1a<\/strong>\u00ab, inst\u00f3.<\/p>\n\n\n\n<h2 class=\"wp-block-heading\"><em>PRESIDENTA DEL SENADO RESPALDA IDEA<\/em><\/h2>\n\n\n\n<p>La reforma requiere en el Congreso un&nbsp;<strong>qu\u00f3rum de dos tercios<\/strong>.<\/p>\n\n\n\n<p>La presidenta del Senado,&nbsp;<strong>Adriana Mu\u00f1oz (PPD)<\/strong>, respald\u00f3 la idea: \u00abEs un tema que hay que discutir, es una propuesta atendible, todav\u00eda estamos en plena pandemia, la vacunaci\u00f3n est\u00e1 en proceso. Yo creo que es importante conversar estas modalidades\u00bb.<\/p>\n\n\n\n<p>A su vez, la&nbsp;<strong>diputada RN&nbsp;Karin Luck<\/strong>, de la Comisi\u00f3n de Gobierno Interior,&nbsp;se\u00f1al\u00f3 que \u00ab<strong>no hay que tenerle miedo cuando se habla que va a ser dos d\u00edas<\/strong>, a medida de que se vaya analizando el tema y se vayan perdiendo los miedos que tiene la gente o los mismos parlamentarios de los procesos que se van a llevar\u00bb.<\/p>\n\n\n\n<p>La organizaci\u00f3n de esta mega elecci\u00f3n recae en el Servicio Electoral, no obstante, desde la Asociaci\u00f3n Chilena de Municipalidades piden participar de la discusi\u00f3n.<\/p>\n\n\n\n<p><strong>\u00abSolicitamos al Servel que, antes de que se tome cualquier decisi\u00f3n, se considere la presencia de la representaci\u00f3n de los municipios de todo el pa\u00eds,<\/strong>&nbsp;porque la implementaci\u00f3n de un d\u00eda m\u00e1s de la elecci\u00f3n recaer\u00e1 en un mayor costo, trabajo y planificaci\u00f3n que tienen que asumir las municipalidades. Es impensable que se analicen y tomen decisiones a espaldas de los municpios\u00bb, sostuvo el presidente de la AChM,&nbsp;<strong>Fernando Paredes<\/strong>, alcalde de Natales.<\/p>\n\n\n\n<h2 class=\"wp-block-heading\"><em><strong>M\u00c1S TIEMPO PARA CONSTITUYENTES INDEPENDIENTES&nbsp;EN LA FRANJA<\/strong><\/em><\/h2>\n\n\n\n<p>El Ejecutivo anunci\u00f3 que, atendiendo al&nbsp;<a href=\"https:\/\/www.cooperativa.cl\/noticias\/pais\/politica\/constitucion\/candidatos-independientes-a-la-convencion-exigen-igualdad-en-la-franja\/2021-02-28\/125848.html\" target=\"_blank\" rel=\"noreferrer noopener\">reclamo de los candidatos convencionales constituyentes independientes de que pr\u00e1cticamente no tendr\u00e1n tiempo en las franjas<\/a>, se decidi\u00f3 hacer una segunda modificaci\u00f3n que subsane ese asunto.<\/p>\n\n\n\n<p>\u00abHoy existen 30 minutos de franja electoral, existe un 13% de este tiempo, algo m\u00e1s de tres minutos, que est\u00e1 reservado a los esca\u00f1os de pueblos originarios; eso no se toca. Sin embargo, el resto del universo, por decirlo simple, el 87%,&nbsp;<strong>ser\u00e1 distribuido de una forma distinta<\/strong>\u00ab, explic\u00f3 el ministro secretario general de la Presidencia,<strong>&nbsp;Juan Jos\u00e9 Ossa<\/strong>.<\/p>\n\n\n\n<p>Por lo que, de ese porcentaje, \u00ab<strong>el 22% estar\u00e1 a disposici\u00f3n de los independientes<\/strong>\u00ab, puntualiz\u00f3, complementando que la propuesta \u00abtambi\u00e9n les va a permitir a los independientes que&nbsp;<strong>se agrupen entre ellos<\/strong>\u00ab.<\/p>\n\n\n\n<p>El psic\u00f3logo&nbsp;<strong>Benito Baranda<\/strong>, candidato a constituyente por el Distrito 12 por la lista de Independientes No Neutrales, repar\u00f3 que&nbsp;<strong>\u00absiempre se act\u00faa de manera reactiva y no proactiva. Si t\u00fa vas a construir una nueva Constituci\u00f3n, deber\u00edas haber estudiado todo esto antes, como, por ejemplo, tambi\u00e9n el financiamiento, no s\u00f3lo los tiempos\u00bb.<\/strong><\/p>\n\n\n\n<p>\u00abEs distinta una elecci\u00f3n de diputados, senadores o concejales, donde ingresan muchos partidos partidos a batallar y hay una ley que les permite el financiamiento y le da los tiempos, pero cuando t\u00fa por una vez en 30 o 40 a\u00f1os decides construir una Constituci\u00f3n, y hay una votaci\u00f3n ciudadana que quiere tener muchos independientes en la Convenci\u00f3n, bueno, deber\u00edas haber actuado mucho antes y no de manera reactiva frente a las protestas que hacemos nosotros, adem\u00e1s, por el escaso tiempo. Esto tambi\u00e9n nos pas\u00f3 con las firmas. Siempre es como trabajoso\u00bb, expuso el ex director del Hogar de Cristo.<\/p>\n\n\n\n<p><strong>\u00abLe ha costado mucho al mundo pol\u00edtico que este es un momento excepcional para Chile\u00bb<\/strong>, remat\u00f3.\u00a0<\/p>\n\n\n\n<p><\/p>\n\n\n\n<p>V\u00eda: <a href=\"https:\/\/www.cooperativa.cl\/noticias\/pais\/politica\/elecciones\/en-dos-dias-y-con-los-mismos-vocales-la-reforma-que-modifica-las\/2021-03-02\/120753.html\">Cooperativa<\/a><\/p>\n","protected":false},"excerpt":{"rendered":"<p>Se trata de la votaci\u00f3n de alcaldes, gobernadores, concejales y constituyentes, cuya moci\u00f3n busca evitar la exposici\u00f3n por tiempos prolongados al virus. De ser aprobado, se aumentar\u00e1 el bono a 30.000 pesos para los vocales, adem\u00e1s de nuevas atribuciones al Servel. El Gobierno ingres\u00f3 este lunes al Congreso el anunciado&nbsp;proyecto de&nbsp;reforma constitucional&nbsp;que busca&nbsp;que las elecciones&nbsp;de [&hellip;]<\/p>\n","protected":false},"author":1,"featured_media":8094,"comment_status":"closed","ping_status":"closed","sticky":false,"template":"","format":"standard","meta":{"footnotes":""},"categories":[16,2],"tags":[],"class_list":["post-8093","post","type-post","status-publish","format-standard","has-post-thumbnail","hentry","category-internet","category-portada"],"_links":{"self":[{"href":"https:\/\/ciudadliberal.cl\/index.php?rest_route=\/wp\/v2\/posts\/8093","targetHints":{"allow":["GET"]}}],"collection":[{"href":"https:\/\/ciudadliberal.cl\/index.php?rest_route=\/wp\/v2\/posts"}],"about":[{"href":"https:\/\/ciudadliberal.cl\/index.php?rest_route=\/wp\/v2\/types\/post"}],"author":[{"embeddable":true,"href":"https:\/\/ciudadliberal.cl\/index.php?rest_route=\/wp\/v2\/users\/1"}],"replies":[{"embeddable":true,"href":"https:\/\/ciudadliberal.cl\/index.php?rest_route=%2Fwp%2Fv2%2Fcomments&post=8093"}],"version-history":[{"count":1,"href":"https:\/\/ciudadliberal.cl\/index.php?rest_route=\/wp\/v2\/posts\/8093\/revisions"}],"predecessor-version":[{"id":8095,"href":"https:\/\/ciudadliberal.cl\/index.php?rest_route=\/wp\/v2\/posts\/8093\/revisions\/8095"}],"wp:featuredmedia":[{"embeddable":true,"href":"https:\/\/ciudadliberal.cl\/index.php?rest_route=\/wp\/v2\/media\/8094"}],"wp:attachment":[{"href":"https:\/\/ciudadliberal.cl\/index.php?rest_route=%2Fwp%2Fv2%2Fmedia&parent=8093"}],"wp:term":[{"taxonomy":"category","embeddable":true,"href":"https:\/\/ciudadliberal.cl\/index.php?rest_route=%2Fwp%2Fv2%2Fcategories&post=8093"},{"taxonomy":"post_tag","embeddable":true,"href":"https:\/\/ciudadliberal.cl\/index.php?rest_route=%2Fwp%2Fv2%2Ftags&post=8093"}],"curies":[{"name":"wp","href":"https:\/\/api.w.org\/{rel}","templated":true}]}}