{"id":8090,"date":"2021-02-27T12:38:28","date_gmt":"2021-02-27T16:38:28","guid":{"rendered":"https:\/\/ciudadliberal.cl\/?p=8090"},"modified":"2021-02-27T12:38:31","modified_gmt":"2021-02-27T16:38:31","slug":"ee-uu-profundamente-preocupado-por-intolerancia-de-rusia-hacia-libertad","status":"publish","type":"post","link":"https:\/\/ciudadliberal.cl\/?p=8090","title":{"rendered":"EE. UU. \u00abprofundamente preocupado\u00bb por intolerancia de Rusia hacia libertad"},"content":{"rendered":"\n<p>Con motivo del aniversario del asesinato del pol\u00edtico opositor Boris Nemtsov, el secretario de Estado, Antony Blinken, habl\u00f3 de \u00abla creciente intolerancia del gobierno ruso hacia toda forma de expresi\u00f3n independiente\u00bb.<\/p>\n\n\n\n<p>El secretario de Estado estadounidense Antony Blinken dijo este s\u00e1bado (27.02.2021) que su pa\u00eds estaba \u00abprofundamente preocupado\u00bb por la creciente intolerancia de Rusia hacia la libertad de expresi\u00f3n, en el sexto aniversario del asesinato del pol\u00edtico opositor Boris Nemtsov.<\/p>\n\n\n\n<p>\u00abAl recordar a Nemtsov, reafirmamos nuestro inquebrantable compromiso con los derechos humanos y las libertades fundamentales\u00bb, expres\u00f3 Blinken en un comunicado.<\/p>\n\n\n\n<p>\u00abSeguimos profundamente preocupados por la creciente intolerancia del gobierno ruso hacia toda forma de expresi\u00f3n independiente\u00bb, subray\u00f3.<\/p>\n\n\n\n<p>\u00abEn el sexto aniversario del asesinato del l\u00edder de la oposici\u00f3n rusa Boris Nemtsov, reafirmamos nuestro apoyo inquebrantable a los derechos humanos\u00bb, escribi\u00f3 Blinken en Twitter.<\/p>\n\n\n\n<p>Cr\u00edtico declarado del presidente Vladimir Putin, Nemtsov fue asesinado a tiros en un puente de Mosc\u00fa cerca del Kremlin el 27 de febrero de 2015.<\/p>\n\n\n\n<p>Varios miles de rusos, junto con diplom\u00e1ticos occidentales, se reunieron en Mosc\u00fa para conmemorar el aniversario, y depositaron flores en un monumento improvisado en el lugar donde Nemtsov fue abatido de cuatro disparos.<\/p>\n\n\n\n<p>En 2017, un tribunal declar\u00f3 a un antiguo oficial de las fuerzas de seguridad de Chechenia culpable del asesinato de Nemtsov y lo conden\u00f3 a 20 a\u00f1os de prisi\u00f3n. Otros cuatro hombres fueron declarados culpables de participar en el asesinato. Pero la familia del pol\u00edtico asesinado y sus partidarios insisten en que las autoridades no han llevado a los autores intelectuales ante la justicia.<\/p>\n\n\n\n<p><\/p>\n\n\n\n<p>V\u00eda: <a href=\"https:\/\/www.dw.com\/es\/ee-uu-profundamente-preocupado-por-intolerancia-de-rusia-hacia-libertad\/a-56724533\">DW<\/a><\/p>\n","protected":false},"excerpt":{"rendered":"<p>Con motivo del aniversario del asesinato del pol\u00edtico opositor Boris Nemtsov, el secretario de Estado, Antony Blinken, habl\u00f3 de \u00abla creciente intolerancia del gobierno ruso hacia toda forma de expresi\u00f3n independiente\u00bb. El secretario de Estado estadounidense Antony Blinken dijo este s\u00e1bado (27.02.2021) que su pa\u00eds estaba \u00abprofundamente preocupado\u00bb por la creciente intolerancia de Rusia hacia [&hellip;]<\/p>\n","protected":false},"author":1,"featured_media":8091,"comment_status":"closed","ping_status":"closed","sticky":false,"template":"","format":"standard","meta":{"footnotes":""},"categories":[14,2],"tags":[],"class_list":["post-8090","post","type-post","status-publish","format-standard","has-post-thumbnail","hentry","category-entertainment","category-portada"],"_links":{"self":[{"href":"https:\/\/ciudadliberal.cl\/index.php?rest_route=\/wp\/v2\/posts\/8090","targetHints":{"allow":["GET"]}}],"collection":[{"href":"https:\/\/ciudadliberal.cl\/index.php?rest_route=\/wp\/v2\/posts"}],"about":[{"href":"https:\/\/ciudadliberal.cl\/index.php?rest_route=\/wp\/v2\/types\/post"}],"author":[{"embeddable":true,"href":"https:\/\/ciudadliberal.cl\/index.php?rest_route=\/wp\/v2\/users\/1"}],"replies":[{"embeddable":true,"href":"https:\/\/ciudadliberal.cl\/index.php?rest_route=%2Fwp%2Fv2%2Fcomments&post=8090"}],"version-history":[{"count":1,"href":"https:\/\/ciudadliberal.cl\/index.php?rest_route=\/wp\/v2\/posts\/8090\/revisions"}],"predecessor-version":[{"id":8092,"href":"https:\/\/ciudadliberal.cl\/index.php?rest_route=\/wp\/v2\/posts\/8090\/revisions\/8092"}],"wp:featuredmedia":[{"embeddable":true,"href":"https:\/\/ciudadliberal.cl\/index.php?rest_route=\/wp\/v2\/media\/8091"}],"wp:attachment":[{"href":"https:\/\/ciudadliberal.cl\/index.php?rest_route=%2Fwp%2Fv2%2Fmedia&parent=8090"}],"wp:term":[{"taxonomy":"category","embeddable":true,"href":"https:\/\/ciudadliberal.cl\/index.php?rest_route=%2Fwp%2Fv2%2Fcategories&post=8090"},{"taxonomy":"post_tag","embeddable":true,"href":"https:\/\/ciudadliberal.cl\/index.php?rest_route=%2Fwp%2Fv2%2Ftags&post=8090"}],"curies":[{"name":"wp","href":"https:\/\/api.w.org\/{rel}","templated":true}]}}