{"id":8087,"date":"2021-02-26T13:04:20","date_gmt":"2021-02-26T17:04:20","guid":{"rendered":"https:\/\/ciudadliberal.cl\/?p=8087"},"modified":"2021-02-26T13:04:23","modified_gmt":"2021-02-26T17:04:23","slug":"la-onu-reprende-a-china-por-usar-la-pandemia-para-aumentar-la-represion","status":"publish","type":"post","link":"https:\/\/ciudadliberal.cl\/?p=8087","title":{"rendered":"La ONU reprende a China por usar la pandemia para aumentar la represi\u00f3n"},"content":{"rendered":"\n<p>La alta comisionada de la ONU para Derechos Humanos, Michelle Bachelet, expres\u00f3 su preocupaci\u00f3n porque \u00ablas libertades c\u00edvicas en China siguen restringidas en nombre de la seguridad nacional y las medidas antipandemia\u00bb.<\/p>\n\n\n\n<p><\/p>\n\n\n\n<p>En su informe sobre la situaci\u00f3n de las libertades fundamentales en el planeta ante el Consejo de Derechos Humanos, Bachelet subray\u00f3 que en China \u00abactivistas, abogados y activistas, entre ellos algunos ciudadanos extranjeros, afrontan cargos criminales arbitrarios, detenciones y juicios injustos\u00bb.<\/p>\n\n\n\n<p>La alta comisionada aludi\u00f3 especialmente a la situaci\u00f3n en Hong Kong, donde seg\u00fan destac\u00f3 m\u00e1s de 600 personas han sido investigadas por participar en diferentes protestas, algunas de ellas en aplicaci\u00f3n de la pol\u00e9mica Ley de Seguridad Nacional aprobada el pasado a\u00f1o por el Gobierno chino.<\/p>\n\n\n\n<h2 class=\"wp-block-heading\">Bachelet pide a China \u00abevaluaci\u00f3n de la situaci\u00f3n\u201d<\/h2>\n\n\n\n<p>Tambi\u00e9n pidi\u00f3 a China una evaluaci\u00f3n completa de la situaci\u00f3n de los derechos humanos en la regi\u00f3n aut\u00f3noma de Xinjiang (noroeste), donde se ha denunciado que m\u00e1s de un mill\u00f3n de personas de etnias musulmanas como la uigur han sido recluidas en los \u00faltimos a\u00f1os en presuntos centros de reeducaci\u00f3n.<\/p>\n\n\n\n<p>La expresidenta chilena plante\u00f3 la posibilidad de realizar un viaje oficial a China para evaluar la situaci\u00f3n en ese pa\u00eds, y en ese sentido expres\u00f3 su confianza en que a trav\u00e9s de negociaciones con el Gobierno chino se acuerden las condiciones para esa visita.<\/p>\n\n\n\n<h2 class=\"wp-block-heading\">Ataques contra la prensa en la India y Birmania<\/h2>\n\n\n\n<p>De otros pa\u00edses asi\u00e1ticos, Bachelet denunci\u00f3 intentos en India de reducir la libertad de expresi\u00f3n, por ejemplo con acusaciones de sedici\u00f3n contra periodistas y activistas por informar de las recientes protestas campesinas.<\/p>\n\n\n\n<p>Tambi\u00e9n mostr\u00f3 su preocupaci\u00f3n por la \u00abalarmante situaci\u00f3n\u00bb en Birmania, (Myanmar), donde el ej\u00e9rcito dio un golpe de Estado a principios de este mes, y la persecuci\u00f3n de activistas, periodistas y defensores de derechos humanos en otros pa\u00edses de la zona como Camboya, Indonesia, Tailandia o Vietnam.<\/p>\n\n\n\n<p><\/p>\n\n\n\n<p>V\u00eda: <a href=\"https:\/\/www.dw.com\/es\/la-onu-reprende-a-china-por-usar-la-pandemia-para-aumentar-la-represi%C3%B3n\/a-56714404\">DW<\/a><\/p>\n","protected":false},"excerpt":{"rendered":"<p>La alta comisionada de la ONU para Derechos Humanos, Michelle Bachelet, expres\u00f3 su preocupaci\u00f3n porque \u00ablas libertades c\u00edvicas en China siguen restringidas en nombre de la seguridad nacional y las medidas antipandemia\u00bb. En su informe sobre la situaci\u00f3n de las libertades fundamentales en el planeta ante el Consejo de Derechos Humanos, Bachelet subray\u00f3 que en [&hellip;]<\/p>\n","protected":false},"author":1,"featured_media":8088,"comment_status":"closed","ping_status":"closed","sticky":false,"template":"","format":"standard","meta":{"footnotes":""},"categories":[14,2],"tags":[],"class_list":["post-8087","post","type-post","status-publish","format-standard","has-post-thumbnail","hentry","category-entertainment","category-portada"],"_links":{"self":[{"href":"https:\/\/ciudadliberal.cl\/index.php?rest_route=\/wp\/v2\/posts\/8087","targetHints":{"allow":["GET"]}}],"collection":[{"href":"https:\/\/ciudadliberal.cl\/index.php?rest_route=\/wp\/v2\/posts"}],"about":[{"href":"https:\/\/ciudadliberal.cl\/index.php?rest_route=\/wp\/v2\/types\/post"}],"author":[{"embeddable":true,"href":"https:\/\/ciudadliberal.cl\/index.php?rest_route=\/wp\/v2\/users\/1"}],"replies":[{"embeddable":true,"href":"https:\/\/ciudadliberal.cl\/index.php?rest_route=%2Fwp%2Fv2%2Fcomments&post=8087"}],"version-history":[{"count":1,"href":"https:\/\/ciudadliberal.cl\/index.php?rest_route=\/wp\/v2\/posts\/8087\/revisions"}],"predecessor-version":[{"id":8089,"href":"https:\/\/ciudadliberal.cl\/index.php?rest_route=\/wp\/v2\/posts\/8087\/revisions\/8089"}],"wp:featuredmedia":[{"embeddable":true,"href":"https:\/\/ciudadliberal.cl\/index.php?rest_route=\/wp\/v2\/media\/8088"}],"wp:attachment":[{"href":"https:\/\/ciudadliberal.cl\/index.php?rest_route=%2Fwp%2Fv2%2Fmedia&parent=8087"}],"wp:term":[{"taxonomy":"category","embeddable":true,"href":"https:\/\/ciudadliberal.cl\/index.php?rest_route=%2Fwp%2Fv2%2Fcategories&post=8087"},{"taxonomy":"post_tag","embeddable":true,"href":"https:\/\/ciudadliberal.cl\/index.php?rest_route=%2Fwp%2Fv2%2Ftags&post=8087"}],"curies":[{"name":"wp","href":"https:\/\/api.w.org\/{rel}","templated":true}]}}