{"id":8084,"date":"2021-02-26T12:57:23","date_gmt":"2021-02-26T16:57:23","guid":{"rendered":"https:\/\/ciudadliberal.cl\/?p=8084"},"modified":"2021-02-26T12:57:26","modified_gmt":"2021-02-26T16:57:26","slug":"justin-trudeau-durante-su-reunion-con-joe-biden-en-los-ultimos-anos-faltaba-mucho-el-liderazgo-de-ee-uu","status":"publish","type":"post","link":"https:\/\/ciudadliberal.cl\/?p=8084","title":{"rendered":"Justin Trudeau durante su reuni\u00f3n con Joe Biden: \u00abEn los \u00faltimos a\u00f1os faltaba mucho el liderazgo de EE.UU.\u00bb"},"content":{"rendered":"\n<p><\/p>\n\n\n\n<p>Durante la reuni\u00f3n de este martes en el formato de videoconferencia con el presidente de EE.UU., Joe Biden, el primer ministro de Canad\u00e1, Justin Trudeau, declar\u00f3 que en los \u00faltimos a\u00f1os se ech\u00f3 mucho en falta el liderazgo estadounidense en los asuntos internacionales,&nbsp;<a href=\"https:\/\/www.france24.com\/en\/americas\/20210224-canada-s-trudeau-tells-biden-us-leadership-sorely-missed\" target=\"_blank\" rel=\"noreferrer noopener\">recoge<\/a>&nbsp;AFP. Al mismo tiempo, el l\u00edder canadiense asegur\u00f3 que ambas naciones trabajar\u00e1n para \u00abhacer del mundo un lugar mejor y m\u00e1s seguro para todos\u00bb. A su vez,&nbsp;el inquilino de la Casa Blanca enfatiz\u00f3 que&nbsp;\u00abEE.UU.&nbsp;no tiene un amigo m\u00e1s cercano que Canad\u00e1\u00bb.<\/p>\n\n\n\n<p>Entre los temas en la agenda figuraban el cambio clim\u00e1tico, la cooperaci\u00f3n en el \u00e1mbito econ\u00f3mico y de defensa, las relaciones con China y la situaci\u00f3n con los derechos humanos en la palestra internacional. Ambos l\u00edderes destacaron la afinidad de sus opiniones sobre varios temas y acordaron afianzar la cooperaci\u00f3n entre sus pa\u00edses. En la reuni\u00f3n tambi\u00e9n participaron la\u00a0vicepresidenta Kamala Harris,\u00a0el secretario de Estado Antony Blinken y el consejero de Seguridad Nacional Jake Sullivan, junto con sus\u00a0hom\u00f3logos canadienses.<\/p>\n\n\n\n<p><\/p>\n\n\n\n<p>V\u00eda: <a href=\"https:\/\/actualidad.rt.com\/actualidad\/384496-justin-trudeau-reunion-joe-biden-liderazgo-eeuu\">RT<\/a><\/p>\n","protected":false},"excerpt":{"rendered":"<p>Durante la reuni\u00f3n de este martes en el formato de videoconferencia con el presidente de EE.UU., Joe Biden, el primer ministro de Canad\u00e1, Justin Trudeau, declar\u00f3 que en los \u00faltimos a\u00f1os se ech\u00f3 mucho en falta el liderazgo estadounidense en los asuntos internacionales,&nbsp;recoge&nbsp;AFP. Al mismo tiempo, el l\u00edder canadiense asegur\u00f3 que ambas naciones trabajar\u00e1n para [&hellip;]<\/p>\n","protected":false},"author":1,"featured_media":8085,"comment_status":"closed","ping_status":"closed","sticky":false,"template":"","format":"standard","meta":{"footnotes":""},"categories":[14,2],"tags":[],"class_list":["post-8084","post","type-post","status-publish","format-standard","has-post-thumbnail","hentry","category-entertainment","category-portada"],"_links":{"self":[{"href":"https:\/\/ciudadliberal.cl\/index.php?rest_route=\/wp\/v2\/posts\/8084","targetHints":{"allow":["GET"]}}],"collection":[{"href":"https:\/\/ciudadliberal.cl\/index.php?rest_route=\/wp\/v2\/posts"}],"about":[{"href":"https:\/\/ciudadliberal.cl\/index.php?rest_route=\/wp\/v2\/types\/post"}],"author":[{"embeddable":true,"href":"https:\/\/ciudadliberal.cl\/index.php?rest_route=\/wp\/v2\/users\/1"}],"replies":[{"embeddable":true,"href":"https:\/\/ciudadliberal.cl\/index.php?rest_route=%2Fwp%2Fv2%2Fcomments&post=8084"}],"version-history":[{"count":1,"href":"https:\/\/ciudadliberal.cl\/index.php?rest_route=\/wp\/v2\/posts\/8084\/revisions"}],"predecessor-version":[{"id":8086,"href":"https:\/\/ciudadliberal.cl\/index.php?rest_route=\/wp\/v2\/posts\/8084\/revisions\/8086"}],"wp:featuredmedia":[{"embeddable":true,"href":"https:\/\/ciudadliberal.cl\/index.php?rest_route=\/wp\/v2\/media\/8085"}],"wp:attachment":[{"href":"https:\/\/ciudadliberal.cl\/index.php?rest_route=%2Fwp%2Fv2%2Fmedia&parent=8084"}],"wp:term":[{"taxonomy":"category","embeddable":true,"href":"https:\/\/ciudadliberal.cl\/index.php?rest_route=%2Fwp%2Fv2%2Fcategories&post=8084"},{"taxonomy":"post_tag","embeddable":true,"href":"https:\/\/ciudadliberal.cl\/index.php?rest_route=%2Fwp%2Fv2%2Ftags&post=8084"}],"curies":[{"name":"wp","href":"https:\/\/api.w.org\/{rel}","templated":true}]}}