{"id":8081,"date":"2021-02-24T14:40:53","date_gmt":"2021-02-24T18:40:53","guid":{"rendered":"https:\/\/ciudadliberal.cl\/?p=8081"},"modified":"2021-02-24T14:40:56","modified_gmt":"2021-02-24T18:40:56","slug":"ee-uu-regresa-al-consejo-de-dd-hh-de-la-onu","status":"publish","type":"post","link":"https:\/\/ciudadliberal.cl\/?p=8081","title":{"rendered":"EE.UU. regresa al Consejo de DD.HH. de la ONU"},"content":{"rendered":"\n<p>Anthony Blinken asegur\u00f3 en su primera intervenci\u00f3n que ser\u00e1n severos con las naciones donde se violen los Derechos Humanos y que buscan presidir el organismo en el pr\u00f3ximo trienio.<\/p>\n\n\n\n<p><br>El secretario de Estado de EE.UU., Antony Blinken, reivindic\u00f3 que su pa\u00eds este de regreso en el Consejo de Derechos Humanos de la ONU, un \u00f3rgano que Washington repudi\u00f3 durante la Administraci\u00f3n de Donald Trump, pero advirti\u00f3 que usar\u00e1 ese foro para condenar las violaciones de estados como China o Rusia.<\/p>\n\n\n\n<p>Adem\u00e1s, se\u00f1al\u00f3 Blinken, EE.UU. \u00abseguir\u00e1 denunciando abusos en pa\u00edses como Venezuela, Nicaragua, Cuba o Ir\u00e1n\u00bb, tambi\u00e9n anunci\u00f3 que su pa\u00eds buscar\u00e1 liderar el \u00f3rgano durante el trienio 2022-24. \u00abTengo el placer de anunciarles que Estados Unidos buscar\u00e1 una banca en el Consejo de Derechos Humanos de la ONU para el mandato 2022-2024. Pedimos humildemente el apoyo de todos los miembros de la ONU en nuestro deseo de tener una banca en esta instituci\u00f3n\u00bb, dijo Blinken durante su intervenci\u00f3n por videoconferencia ante el Consejo.<\/p>\n\n\n\n<p>Blinken recalc\u00f3 asimismo que la vuelta de EE.UU. al Consejo no significa reconocer que \u00e9ste sea perfecto, y subray\u00f3 al respecto que el \u00f3rgano de la ONU debe reconsiderar \u00absu desproporcionado enfoque contra Israel\u00bb o el hecho de que entre sus miembros haya frecuentemente reg\u00edmenes autoritarios. \u00abLos que tienen peores registros de derechos humanos no deber\u00edan ser miembros de este Consejo\u00bb, defendi\u00f3 ante un \u00f3rgano que actualmente tiene en su composici\u00f3n a pa\u00edses como Cuba, Venezuela, Rusia o China.<\/p>\n\n\n\n<p>El secretario estadounidense asegur\u00f3 que Estados Unidos usar\u00e1 su voz en el Consejo para denunciar \u00ablas atrocidades cometidas en Xinjiang\u00bb (regi\u00f3n del noroeste chino donde es reprimida la minor\u00eda musulmana uigur) o \u00abcuando las libertades fundamentales son atacadas en Hong Kong\u00bb.<\/p>\n\n\n\n<p>Por otra parte, le exigi\u00f3 al gobierno ruso una vez m\u00e1s que \u00ablibere inmediatamente y sin condiciones a Alexei Navalni y otros cientos de ciudadanos rusos err\u00f3neamente detenidos por ejercer sus derechos\u00bb, y tambi\u00e9n record\u00f3 los ataques a las libertades fundamentales en Birmania (Myanmar), Siria o Corea del Norte.<\/p>\n\n\n\n<p>Blinken asegur\u00f3 que la nueva Administraci\u00f3n de Joe Biden ha puesto la democracia y los derechos humanos en el centro de su pol\u00edtica, algo que empieza por \u00abluchar por ellos en casa\u00bb, abordando problemas como el \u00absistem\u00e1tico racismo\u00bb de la poblaci\u00f3n negra en EE.UU., entre otros.<\/p>\n\n\n\n<p><\/p>\n\n\n\n<p>V\u00eda: <a href=\"https:\/\/www.dw.com\/es\/eeuu-regresa-al-consejo-de-ddhh-de-la-onu\/a-56675144\">DW<\/a><\/p>\n","protected":false},"excerpt":{"rendered":"<p>Anthony Blinken asegur\u00f3 en su primera intervenci\u00f3n que ser\u00e1n severos con las naciones donde se violen los Derechos Humanos y que buscan presidir el organismo en el pr\u00f3ximo trienio. El secretario de Estado de EE.UU., Antony Blinken, reivindic\u00f3 que su pa\u00eds este de regreso en el Consejo de Derechos Humanos de la ONU, un \u00f3rgano [&hellip;]<\/p>\n","protected":false},"author":1,"featured_media":8082,"comment_status":"closed","ping_status":"closed","sticky":false,"template":"","format":"standard","meta":{"footnotes":""},"categories":[14,2],"tags":[],"class_list":["post-8081","post","type-post","status-publish","format-standard","has-post-thumbnail","hentry","category-entertainment","category-portada"],"_links":{"self":[{"href":"https:\/\/ciudadliberal.cl\/index.php?rest_route=\/wp\/v2\/posts\/8081","targetHints":{"allow":["GET"]}}],"collection":[{"href":"https:\/\/ciudadliberal.cl\/index.php?rest_route=\/wp\/v2\/posts"}],"about":[{"href":"https:\/\/ciudadliberal.cl\/index.php?rest_route=\/wp\/v2\/types\/post"}],"author":[{"embeddable":true,"href":"https:\/\/ciudadliberal.cl\/index.php?rest_route=\/wp\/v2\/users\/1"}],"replies":[{"embeddable":true,"href":"https:\/\/ciudadliberal.cl\/index.php?rest_route=%2Fwp%2Fv2%2Fcomments&post=8081"}],"version-history":[{"count":1,"href":"https:\/\/ciudadliberal.cl\/index.php?rest_route=\/wp\/v2\/posts\/8081\/revisions"}],"predecessor-version":[{"id":8083,"href":"https:\/\/ciudadliberal.cl\/index.php?rest_route=\/wp\/v2\/posts\/8081\/revisions\/8083"}],"wp:featuredmedia":[{"embeddable":true,"href":"https:\/\/ciudadliberal.cl\/index.php?rest_route=\/wp\/v2\/media\/8082"}],"wp:attachment":[{"href":"https:\/\/ciudadliberal.cl\/index.php?rest_route=%2Fwp%2Fv2%2Fmedia&parent=8081"}],"wp:term":[{"taxonomy":"category","embeddable":true,"href":"https:\/\/ciudadliberal.cl\/index.php?rest_route=%2Fwp%2Fv2%2Fcategories&post=8081"},{"taxonomy":"post_tag","embeddable":true,"href":"https:\/\/ciudadliberal.cl\/index.php?rest_route=%2Fwp%2Fv2%2Ftags&post=8081"}],"curies":[{"name":"wp","href":"https:\/\/api.w.org\/{rel}","templated":true}]}}