{"id":8072,"date":"2021-02-22T20:55:34","date_gmt":"2021-02-23T00:55:34","guid":{"rendered":"https:\/\/ciudadliberal.cl\/?p=8072"},"modified":"2021-02-22T20:55:36","modified_gmt":"2021-02-23T00:55:36","slug":"esta-es-la-razon-por-la-que-emmanuel-macron-considera-que-la-otan-perdio-relevancia","status":"publish","type":"post","link":"https:\/\/ciudadliberal.cl\/?p=8072","title":{"rendered":"Esta es la raz\u00f3n por la que Emmanuel Macron considera que la OTAN perdi\u00f3 relevancia"},"content":{"rendered":"\n<p>El presidente franc\u00e9s, Emmanuel Macron, ha afirmado en m\u00e1s de una ocasi\u00f3n que Europa deber\u00eda defender sus intereses por s\u00ed misma y no delegar los asuntos relacionados con su defensa a la OTAN. El l\u00edder galo, adem\u00e1s, considera importante que los pa\u00edses europeos vuelvan a dialogar con Rusia.En una reciente entrevista, Macron afirm\u00f3 que la Alianza del Norte es una organizaci\u00f3n que\u00a0<strong>ya no tiene la relevancia de otrora<\/strong>. Eso se debe, en particular, al fin del Tratado de Amistad, Colaboraci\u00f3n y Asistencia Mutua de las naciones del Bloque del Este.<\/p>\n\n\n\n<blockquote class=\"wp-block-quote is-layout-flow wp-block-quote-is-layout-flow\"><p>\u00abNadie puede decirme que la OTAN de hoy es una estructura que, en sus cimientos, sigue siendo pertinente. Fue fundada para hacer frente al Pacto de Varsovia. Ya no existe un Pacto de Varsovia\u00bb, se\u00f1al\u00f3 Macron en\u00a0<a rel=\"noreferrer noopener\" href=\"https:\/\/www.ft.com\/content\/d8b9629a-92b1-4e02-92b7-41e9152d56ea\" target=\"_blank\">una entrevista<\/a>\u00a0con Financial Times<\/p><\/blockquote>\n\n\n\n<p>\u00abSeguimos a veces luchando contra una ideolog\u00eda o una organizaci\u00f3n que ya no existe con una l\u00f3gica geopol\u00edtica que ya no existe y que ha seguido fracturando Europa. Tenemos que aceptar que lleva tiempo y que seguir\u00e1 habiendo desilusi\u00f3n\u00bb, agreg\u00f3 el l\u00edder galo.Macron considera que Europa debe desarrollar\u00a0<strong>su propia estrategia de defensa unificada<\/strong>, por lo que pidi\u00f3 a los pa\u00edses de la Uni\u00f3n Europea no \u00abdelegar su protecci\u00f3n y la protecci\u00f3n de su vecindad en los EEUU\u00bb, sino defender de forma independiente sus intereses cooperando en el \u00e1mbito militar.<\/p>\n\n\n\n<blockquote class=\"wp-block-quote is-layout-flow wp-block-quote-is-layout-flow\"><p>\u00abSoy un defensor de la soberan\u00eda europea, de la autonom\u00eda estrat\u00e9gica, no porque est\u00e9 en contra de la OTAN o porque dude de nuestros amigos estadounidenses, sino porque soy l\u00facido sobre el estado del mundo\u00bb, subray\u00f3 el presidente franc\u00e9s.<\/p><\/blockquote>\n\n\n\n<p>Al d\u00eda siguiente, al presentarse virtualmente en la Conferencia de Seguridad de M\u00fanich, Macron volvi\u00f3 a hablar sobre la OTAN y consider\u00f3 que es necesario \u00abun nuevo concepto\u00bb para la Alianza del Norte. Adem\u00e1s, el presidente se pronunci\u00f3\u00a0<strong>a favor del di\u00e1logo con Rusia<\/strong>, un di\u00e1logo que, seg\u00fan \u00e9l, debe ser \u00abexigente\u00bb, pero que es fundamental para la paz en Europa.Sin embargo, el hom\u00f3logo estadounidense de Macron, Joe Biden, tiene u<strong>na visi\u00f3n opuesta sobre las relaciones con Mosc\u00fa<\/strong>. Al hablar en la misma Conferencia de Seguridad de M\u00fanich, el presidente norteamericano acus\u00f3 al liderazgo ruso de buscar \u00abdebilitar el proyecto europeo y la alianza de la OTAN\u00bb y \u00absocavar la unidad transatl\u00e1ntica\u00bb.<\/p>\n\n\n\n<p>En enero pasado, el secretario general de la OTAN, Jens Stoltenberg, inst\u00f3 a los aliados a aumentar los gastos en defensa con el fin de garantizar la preparaci\u00f3n de la Alianza Atl\u00e1ntica para&nbsp;<strong>afrontar \u00abel comportamiento agresivo de Rusia\u00bb<\/strong>&nbsp;y \u00abel auge de China\u00bb. M\u00e1s recientemente, el funcionario abog\u00f3 por actualizar el concepto de estrategia de la OTAN tomando en cuenta, entre otras cuestiones, el deterioro de las relaciones con Rusia.Mosc\u00fa ha declarado en repetidas ocasiones que&nbsp;<strong>jam\u00e1s atacar\u00eda<\/strong>&nbsp;a ninguno de los pa\u00edses del bloque.<\/p>\n\n\n\n<h2 class=\"wp-block-heading\">Liderazgo en Europa<\/h2>\n\n\n\n<p>La reciente entrevista de Macron no ha sido la primera vez en la que el mandatario galo se posicion\u00f3 duramente con relaci\u00f3n a la OTAN. En noviembre de 2019, el presidente habl\u00f3 de los problemas estrat\u00e9gicos y pol\u00edticos dentro de la Alianza y de lo que llam\u00f3\u00a0<strong><u><a rel=\"noreferrer noopener\" href=\"https:\/\/mundo.sputniknews.com\/20191107\/macron-la-otan-esta-sufriendo-la-muerte-cerebral-1089233282.html\" target=\"_blank\">la \u00abmuerte cerebral\u00bb de la organizaci\u00f3n<\/a><\/u><\/strong>.<\/p>\n\n\n\n<p>En aquella ocasi\u00f3n, Macron subray\u00f3 la importancia de\u00a0<strong>un di\u00e1logo estrat\u00e9gico entre Europa y Rusia<\/strong>. Adem\u00e1s, el presidente franc\u00e9s record\u00f3 que Estados Unidos y Rusia est\u00e1n separados por un oc\u00e9ano, mientras que, para Europa, Rusia es un vecino.De acuerdo con Sergu\u00e9i Fiodorov, investigador del Instituto de Europa de la Academia de Ciencia de Rusia, pese a las contradicciones que existen entre Rusia y Francia, Macron mantiene\u00a0<strong>un enfoque pragm\u00e1tico<\/strong>\u00a0sobre los problemas de seguridad europeos.<\/p>\n\n\n\n<blockquote class=\"wp-block-quote is-layout-flow wp-block-quote-is-layout-flow\"><p>\u00abMacron comprende que es imposible resolver cualquier problema internacional complejo sin la participaci\u00f3n de Rusia y mucho menos cuando se tratan de cuestiones de seguridad europea y estabilidad estrat\u00e9gica. Adem\u00e1s, Par\u00eds cree que Europa deber\u00eda adquirir una mayor independencia dentro de la OTAN\u00bb,\u00a0<a rel=\"noreferrer noopener\" href=\"https:\/\/russian.rt.com\/world\/article\/834778-emmanuel-makron-nato-oborona\" target=\"_blank\">explic\u00f3<\/a>\u00a0el experto a RT.<\/p><\/blockquote>\n\n\n\n<p>Fiodorov detall\u00f3 que Macron recurre a las ideas del gaullismo, en la que el \u00e9nfasis est\u00e1 en la independencia militar y pol\u00edtica de la naci\u00f3n.\u00bbPor eso, Macron habla de las transformaciones en la OTAN y del di\u00e1logo con Rusia\u00bb, agreg\u00f3 el acad\u00e9mico.Por su parte, Andr\u00e9i Suzdaltsev, profesor asociado de la Facultad de Econom\u00eda y Pol\u00edtica Mundial de la Escuela Superior de Econom\u00eda de Mosc\u00fa, cree que detr\u00e1s de las palabras del presidente franc\u00e9s se esconde\u00a0<strong>el deseo de ocupar una posici\u00f3n de liderazgo<\/strong>\u00a0en el \u00e1mbito europeo.<\/p>\n\n\n\n<blockquote class=\"wp-block-quote is-layout-flow wp-block-quote-is-layout-flow\"><p>\u00abHoy la OTAN es un instrumento de control estadounidense sobre Europa. Es Estados Unidos el que juega el papel principal en esta alianza pol\u00edtico-militar. Sin embargo, el propio Emmanuel Macron busca ser el l\u00edder en Europa\u00bb, se\u00f1al\u00f3 el experto a RT.<\/p><\/blockquote>\n\n\n\n<p>Fiodorov y Suzdaltsev coinciden que es poco probable que Washington acepte disminuir el papel de la OTAN en Europa.\u00bbJoe Biden quiere normalizar las relaciones con Europa, por lo que intentar\u00e1 llevar a cabo su pol\u00edtica teniendo en cuenta las posiciones de los aliados europeos. Pero las autoridades estadounidenses\u00a0<strong>no seguir\u00e1n el llamado de Macron<\/strong>\u00a0y no construir\u00e1n un di\u00e1logo con Rusia. Es inaceptable para la OTAN y Estados Unidos construir un di\u00e1logo de este tipo entre Rusia y Europa\u00bb, apunt\u00f3 Suzdaltsev.Para Fiodorov, las declaraciones de Stoltenberg reflejan los intereses y la posici\u00f3n de Estados Unidos, aunque \u00ablos pol\u00edticos occidentales cuerdos entienden que Rusia no va a atacar a los pa\u00edses de la OTAN\u00bb. Sin embargo, es poco probable que sus voces, as\u00ed como la del presidente franc\u00e9s, dominen, ya que\u00a0<strong>contradicen la posici\u00f3n de EEUU<\/strong>.<\/p>\n\n\n\n<p><\/p>\n\n\n\n<p>V\u00eda: <a href=\"https:\/\/mundo.sputniknews.com\/20200930\/macron-llama-a-europa-a-construir-las-relaciones-con-rusia-sin-ayuda-de-otan-1092959131.html\">DW<\/a><\/p>\n","protected":false},"excerpt":{"rendered":"<p>El presidente franc\u00e9s, Emmanuel Macron, ha afirmado en m\u00e1s de una ocasi\u00f3n que Europa deber\u00eda defender sus intereses por s\u00ed misma y no delegar los asuntos relacionados con su defensa a la OTAN. El l\u00edder galo, adem\u00e1s, considera importante que los pa\u00edses europeos vuelvan a dialogar con Rusia.En una reciente entrevista, Macron afirm\u00f3 que la [&hellip;]<\/p>\n","protected":false},"author":1,"featured_media":7469,"comment_status":"closed","ping_status":"closed","sticky":false,"template":"","format":"standard","meta":{"footnotes":""},"categories":[14,2],"tags":[],"class_list":["post-8072","post","type-post","status-publish","format-standard","has-post-thumbnail","hentry","category-entertainment","category-portada"],"_links":{"self":[{"href":"https:\/\/ciudadliberal.cl\/index.php?rest_route=\/wp\/v2\/posts\/8072","targetHints":{"allow":["GET"]}}],"collection":[{"href":"https:\/\/ciudadliberal.cl\/index.php?rest_route=\/wp\/v2\/posts"}],"about":[{"href":"https:\/\/ciudadliberal.cl\/index.php?rest_route=\/wp\/v2\/types\/post"}],"author":[{"embeddable":true,"href":"https:\/\/ciudadliberal.cl\/index.php?rest_route=\/wp\/v2\/users\/1"}],"replies":[{"embeddable":true,"href":"https:\/\/ciudadliberal.cl\/index.php?rest_route=%2Fwp%2Fv2%2Fcomments&post=8072"}],"version-history":[{"count":1,"href":"https:\/\/ciudadliberal.cl\/index.php?rest_route=\/wp\/v2\/posts\/8072\/revisions"}],"predecessor-version":[{"id":8073,"href":"https:\/\/ciudadliberal.cl\/index.php?rest_route=\/wp\/v2\/posts\/8072\/revisions\/8073"}],"wp:featuredmedia":[{"embeddable":true,"href":"https:\/\/ciudadliberal.cl\/index.php?rest_route=\/wp\/v2\/media\/7469"}],"wp:attachment":[{"href":"https:\/\/ciudadliberal.cl\/index.php?rest_route=%2Fwp%2Fv2%2Fmedia&parent=8072"}],"wp:term":[{"taxonomy":"category","embeddable":true,"href":"https:\/\/ciudadliberal.cl\/index.php?rest_route=%2Fwp%2Fv2%2Fcategories&post=8072"},{"taxonomy":"post_tag","embeddable":true,"href":"https:\/\/ciudadliberal.cl\/index.php?rest_route=%2Fwp%2Fv2%2Ftags&post=8072"}],"curies":[{"name":"wp","href":"https:\/\/api.w.org\/{rel}","templated":true}]}}