{"id":8065,"date":"2021-02-20T22:20:20","date_gmt":"2021-02-21T02:20:20","guid":{"rendered":"https:\/\/ciudadliberal.cl\/?p=8065"},"modified":"2021-02-20T22:20:22","modified_gmt":"2021-02-21T02:20:22","slug":"opiniones-divididas-en-los-diputados-ante-idea-de-extender-elecciones-a-dos-dias","status":"publish","type":"post","link":"https:\/\/ciudadliberal.cl\/?p=8065","title":{"rendered":"Opiniones divididas en los diputados ante idea de extender elecciones a dos d\u00edas"},"content":{"rendered":"\n<p>El ministro de la Segpres, Juan Jos\u00e9 Ossa, abri\u00f3 la puerta a extender las votaciones al s\u00e1bado 10 y domingo 11 de abril debido a que son cuatro elecciones en una.<\/p>\n\n\n\n<p>El diputado de Convergencia Social Diego Ib\u00e1\u00f1ez apunt\u00f3 que \u00aba esta altura el Gobierno no puede improvisar, es una elecci\u00f3n que es importante\u00bb.<\/p>\n\n\n\n<p>Los&nbsp;<strong>diputados de todos los sectores mostraron opiniones dispares<\/strong>&nbsp;ante la posibilidad que abri\u00f3 el Gobierno de&nbsp;<a href=\"https:\/\/www.cooperativa.cl\/noticias\/pais\/politica\/elecciones\/gobierno-estudia-extender-las-elecciones-del-11-de-abril-a-dos-jornadas\/2021-02-19\/144112.html\">realizar las&nbsp;<strong>elecciones del pr\u00f3ximo 11 de abril en dos jornadas<\/strong><\/a>, debido a la extensi\u00f3n que tendr\u00e1n estos comicios, donde se elegir\u00e1n a&nbsp;alcaldes, concejales, gobernadores regionales y convencionales constituyentes.<\/p>\n\n\n\n<p>El ministro de la Segpres,<strong>&nbsp;Juan Jos\u00e9 Ossa, fue quien abri\u00f3 la puerta a esta posibilidad<\/strong>&nbsp;anteriormente desechada por el Gobierno en el Plebiscito de octubre pasado. El secretario de Estado se\u00f1al\u00f3 que \u00abse est\u00e1 estudiando incorporar innovaciones\u00bb, una de ellas es realizar la elecci\u00f3n el<strong>&nbsp;s\u00e1bado 10 y domingo 11 de abril<\/strong>, lo que ser\u00eda a\u00f1adido al proyecto del voto anticipado que&nbsp;<a href=\"https:\/\/www.cooperativa.cl\/noticias\/pais\/politica\/elecciones\/sin-definicion-de-cuando-regira-camara-baja-despacho-al-senado-el-voto\/2021-01-29\/213404.html\">ser\u00e1 analizado por el Senado<\/a>.&nbsp;<\/p>\n\n\n\n<p>Desde el Ministerio de Salud, la subsecretaria de Salud P\u00fablica,<strong>\u00a0Paula Daza<\/strong>, recalc\u00f3 que \u00ab<strong>todav\u00eda es precoz para poder definir<\/strong>\u00ab, ya que se debe tomar en cuenta c\u00f3mo evoluciona la pandemia y el proceso de vacunaci\u00f3n en el pa\u00eds.\u00a0<\/p>\n\n\n\n<p>Por su parte, el diputado DC<strong>&nbsp;Mat\u00edas Walker<\/strong>&nbsp;acot\u00f3 que \u00ab<strong>hay que estar plenamente abierto<\/strong>\u00bb ante cualquier adecuaci\u00f3n que estime realizar el Servicio Electoral (Servel), mientras que su par&nbsp;<strong>Jaime Mulet<\/strong>&nbsp;(FRVS) se\u00f1al\u00f3 que hacer la elecci\u00f3n en dos d\u00edas es una \u00ab<strong>posibilidad realista<\/strong>\u00ab, pero que \u00abse haga de la manera lo m\u00e1s normal posible\u00bb.&nbsp;<\/p>\n\n\n\n<p>Y, en la misma l\u00ednea, el jefe de bancada de RN<strong>&nbsp;Sebasti\u00e1n Torrealba<\/strong>&nbsp;subray\u00f3 que \u00ablas elecciones que vienen en abril son demasiado importantes para nuestro pa\u00eds y tenemos que&nbsp;<strong>dar todas las garant\u00edas<\/strong>\u00ab.&nbsp;<\/p>\n\n\n\n<h2 class=\"wp-block-heading\"><em><strong>\u00abEl Gobierno no puede improvisar\u00bb<\/strong><\/em><\/h2>\n\n\n\n<p>Contrario a los dem\u00e1s parlamentarios, el diputado de Convergencia Social&nbsp;<strong>Diego Ib\u00e1\u00f1ez<\/strong>&nbsp;apunt\u00f3 que \u00ab<strong>a esta altura el Gobierno no puede improvisar,<\/strong>&nbsp;es una elecci\u00f3n que es importante y tiene que tener las garant\u00edas de que sea un momento seguro, democr\u00e1tico\u00bb.<\/p>\n\n\n\n<p>Ib\u00e1\u00f1ez puso \u00e9nfasis en el voto anticipado, lo que calificado como \u00ablo pertinente\u00bb de hacer, y a\u00f1adi\u00f3 que \u00ab<strong>para la poblaci\u00f3n en general debe ser en un solo d\u00eda<\/strong>, creo que no es momento para improvisar porque eso puede arriesgar que se genere un proceso electoral manchado por anuncios comunicacionales previos al cumplimiento de los protocolos y el anuncio de los resultados de manera formal por parte del Servel\u00bb.<\/p>\n\n\n\n<p><\/p>\n\n\n\n<p>V\u00eda: <a href=\"https:\/\/www.cooperativa.cl\/noticias\/pais\/politica\/elecciones\/opiniones-divididas-en-los-diputados-ante-idea-de-extender-elecciones-a\/2021-02-20\/142312.html\">DW<\/a><\/p>\n","protected":false},"excerpt":{"rendered":"<p>El ministro de la Segpres, Juan Jos\u00e9 Ossa, abri\u00f3 la puerta a extender las votaciones al s\u00e1bado 10 y domingo 11 de abril debido a que son cuatro elecciones en una. El diputado de Convergencia Social Diego Ib\u00e1\u00f1ez apunt\u00f3 que \u00aba esta altura el Gobierno no puede improvisar, es una elecci\u00f3n que es importante\u00bb. Los&nbsp;diputados [&hellip;]<\/p>\n","protected":false},"author":1,"featured_media":8066,"comment_status":"closed","ping_status":"closed","sticky":false,"template":"","format":"standard","meta":{"footnotes":""},"categories":[16,2],"tags":[],"class_list":["post-8065","post","type-post","status-publish","format-standard","has-post-thumbnail","hentry","category-internet","category-portada"],"_links":{"self":[{"href":"https:\/\/ciudadliberal.cl\/index.php?rest_route=\/wp\/v2\/posts\/8065","targetHints":{"allow":["GET"]}}],"collection":[{"href":"https:\/\/ciudadliberal.cl\/index.php?rest_route=\/wp\/v2\/posts"}],"about":[{"href":"https:\/\/ciudadliberal.cl\/index.php?rest_route=\/wp\/v2\/types\/post"}],"author":[{"embeddable":true,"href":"https:\/\/ciudadliberal.cl\/index.php?rest_route=\/wp\/v2\/users\/1"}],"replies":[{"embeddable":true,"href":"https:\/\/ciudadliberal.cl\/index.php?rest_route=%2Fwp%2Fv2%2Fcomments&post=8065"}],"version-history":[{"count":1,"href":"https:\/\/ciudadliberal.cl\/index.php?rest_route=\/wp\/v2\/posts\/8065\/revisions"}],"predecessor-version":[{"id":8067,"href":"https:\/\/ciudadliberal.cl\/index.php?rest_route=\/wp\/v2\/posts\/8065\/revisions\/8067"}],"wp:featuredmedia":[{"embeddable":true,"href":"https:\/\/ciudadliberal.cl\/index.php?rest_route=\/wp\/v2\/media\/8066"}],"wp:attachment":[{"href":"https:\/\/ciudadliberal.cl\/index.php?rest_route=%2Fwp%2Fv2%2Fmedia&parent=8065"}],"wp:term":[{"taxonomy":"category","embeddable":true,"href":"https:\/\/ciudadliberal.cl\/index.php?rest_route=%2Fwp%2Fv2%2Fcategories&post=8065"},{"taxonomy":"post_tag","embeddable":true,"href":"https:\/\/ciudadliberal.cl\/index.php?rest_route=%2Fwp%2Fv2%2Ftags&post=8065"}],"curies":[{"name":"wp","href":"https:\/\/api.w.org\/{rel}","templated":true}]}}