{"id":8062,"date":"2021-02-18T20:21:47","date_gmt":"2021-02-19T00:21:47","guid":{"rendered":"https:\/\/ciudadliberal.cl\/?p=8062"},"modified":"2021-02-18T20:21:50","modified_gmt":"2021-02-19T00:21:50","slug":"cntv-en-la-practica-el-40-de-los-candidatos-independientes-quedara-fuera-de-la-franja-constituyente","status":"publish","type":"post","link":"https:\/\/ciudadliberal.cl\/?p=8062","title":{"rendered":"CNTV: En la pr\u00e1ctica, el 40 % de los candidatos independientes quedar\u00e1 fuera de la franja constituyente"},"content":{"rendered":"\n<p>\u00abNo es una situaci\u00f3n deseable\u00bb, dijo su presidenta, Carolina Cuevas, tras una reuni\u00f3n extraordinaria convocada para analizar la distribuci\u00f3n de los tiempos.<\/p>\n\n\n\n<p>\u00abNo tenemos atribuciones para solucionar un problema que el Congreso no previ\u00f3\u00bb, precis\u00f3.<\/p>\n\n\n\n<p>El&nbsp;<strong>Consejo Nacional de Televisi\u00f3n advirti\u00f3 que, tal como est\u00e1 la ley electoral, cuatro de cada diez candidatos independientes quedar\u00e1n, \u00aben la pr\u00e1ctica\u00bb, fuera de la franja<\/strong>&nbsp;para la elecci\u00f3n de convencionales constituyentes, debido a la forma establecida para distribuir los tiempos.<\/p>\n\n\n\n<p>El CNTV realiz\u00f3 este jueves una reuni\u00f3n extraordinaria para analizar la situaci\u00f3n, con enfoque en la franja ind\u00edgena y el espacio de los independientes.<\/p>\n\n\n\n<p>La Franja Electoral de Convencionales Constituyentes debe transmitirse entre el 12 de marzo de 2021 y el 8 de abril de 2021, con una&nbsp;<strong>duraci\u00f3n de 30 minutos<\/strong>&nbsp;<strong>diarios<\/strong>&nbsp;distribuidos en dos bloques (incluyendo la franja ind\u00edgena).<\/p>\n\n\n\n<p>Seg\u00fan la normativa vigente, la&nbsp;<strong>franja ind\u00edgena<\/strong>&nbsp;tendr\u00e1 una duraci\u00f3n equivalente al 13 por ciento del tiempo total, lo que equivale a 234 segundos -o 3 minutos y 54 segundos diarios-, que ser\u00e1n repartidos en forma proporcional entre los diversos pueblos.<\/p>\n\n\n\n<p><strong>El tiempo restante, 26 minutos y 6 segundos, se distribuir\u00e1 entre los candidatos que no disputen los esca\u00f1os reservados<\/strong>&nbsp;para los pueblos ind\u00edgenas.<\/p>\n\n\n\n<p>En ese marco, \u00abal conjunto de candidaturas independientes corresponder\u00e1, asimismo, un tiempo equivalente al del partido pol\u00edtico que hubiere obtenido menos sufragios en la \u00faltima elecci\u00f3n (de diputados), el que se distribuir\u00e1 entre ellas por partes iguales\u00bb, explic\u00f3 la presidenta del Consejo, Carolina Cuevas.<\/p>\n\n\n\n<p>Atendiendo a esas reglas,&nbsp;<strong>\u00abpara el CNTV no es una situaci\u00f3n deseable que cerca del 40 por ciento de los candidatos quede, en la pr\u00e1ctica, fuera de la franja\u00bb,<\/strong>&nbsp;enfatiz\u00f3.<\/p>\n\n\n\n<p>Pero sostuvo que en el organismo \u00absomos responsables de aplicar la normativa vigente y la participaci\u00f3n de las candidaturas independientes est\u00e1 definida en la ley, y que \u00abcualquier cambio o perfeccionamiento es potestad del Poder Legislativo\u00bb, por lo que en el CNTV&nbsp;<strong>\u00abno tenemos atribuciones para solucionar un problema que el Congreso no previ\u00f3\u00bb.<\/strong><\/p>\n\n\n\n<p>De todos modos, a fin de garantizar la participaci\u00f3n informada, \u00abaceleraremos la ronda de reuniones con los partidos pol\u00edticos, comandos, representantes de candidaturas independientes y de pueblos ind\u00edgenas, incluido el director nacional de la Conadi, Ignacio Malig\u00bb.<\/p>\n\n\n\n<p>La distribuci\u00f3n del tiempo de la franja se realizar\u00e1 luego de que el Servicio Electoral emita el registro definitivo de las candidaturas, lo cual se espera ocurra en los pr\u00f3ximos d\u00edas.<\/p>\n\n\n\n<p>Seg\u00fan dijo el presidente del Consejo Directivo del Servel, Patricio Santamar\u00eda, las votaciones del\u00a0<strong>11 de abril<\/strong>, cuando Chile escoger\u00e1 gobernadores regionales, alcaldes, concejales y convencionales,\u00a0<strong>ser\u00e1 el proceso \u00abcon m\u00e1s candidaturas que ha existido\u00bb<\/strong>, con\u00a0<a href=\"http:\/\/www.cooperativa.cl\/noticias\/pais\/politica\/elecciones\/servel-el-11-de-abril-sera-la-eleccion-con-mas-candidaturas-que-ha\/2021-02-15\/091734.html\">cerca de 18 mil postulantes inscritos para 2.768 cargos en juego<\/a>.<\/p>\n\n\n\n<p><\/p>\n\n\n\n<p>V\u00eda: <a href=\"https:\/\/www.cooperativa.cl\/noticias\/pais\/politica\/constitucion\/cntv-en-la-practica-el-40-de-los-candidatos-independientes-quedara\/2021-02-18\/183331.html\">Cooperativa<\/a><\/p>\n","protected":false},"excerpt":{"rendered":"<p>\u00abNo es una situaci\u00f3n deseable\u00bb, dijo su presidenta, Carolina Cuevas, tras una reuni\u00f3n extraordinaria convocada para analizar la distribuci\u00f3n de los tiempos. \u00abNo tenemos atribuciones para solucionar un problema que el Congreso no previ\u00f3\u00bb, precis\u00f3. El&nbsp;Consejo Nacional de Televisi\u00f3n advirti\u00f3 que, tal como est\u00e1 la ley electoral, cuatro de cada diez candidatos independientes quedar\u00e1n, \u00aben [&hellip;]<\/p>\n","protected":false},"author":1,"featured_media":8063,"comment_status":"closed","ping_status":"closed","sticky":false,"template":"","format":"standard","meta":{"footnotes":""},"categories":[16,2],"tags":[],"class_list":["post-8062","post","type-post","status-publish","format-standard","has-post-thumbnail","hentry","category-internet","category-portada"],"_links":{"self":[{"href":"https:\/\/ciudadliberal.cl\/index.php?rest_route=\/wp\/v2\/posts\/8062","targetHints":{"allow":["GET"]}}],"collection":[{"href":"https:\/\/ciudadliberal.cl\/index.php?rest_route=\/wp\/v2\/posts"}],"about":[{"href":"https:\/\/ciudadliberal.cl\/index.php?rest_route=\/wp\/v2\/types\/post"}],"author":[{"embeddable":true,"href":"https:\/\/ciudadliberal.cl\/index.php?rest_route=\/wp\/v2\/users\/1"}],"replies":[{"embeddable":true,"href":"https:\/\/ciudadliberal.cl\/index.php?rest_route=%2Fwp%2Fv2%2Fcomments&post=8062"}],"version-history":[{"count":1,"href":"https:\/\/ciudadliberal.cl\/index.php?rest_route=\/wp\/v2\/posts\/8062\/revisions"}],"predecessor-version":[{"id":8064,"href":"https:\/\/ciudadliberal.cl\/index.php?rest_route=\/wp\/v2\/posts\/8062\/revisions\/8064"}],"wp:featuredmedia":[{"embeddable":true,"href":"https:\/\/ciudadliberal.cl\/index.php?rest_route=\/wp\/v2\/media\/8063"}],"wp:attachment":[{"href":"https:\/\/ciudadliberal.cl\/index.php?rest_route=%2Fwp%2Fv2%2Fmedia&parent=8062"}],"wp:term":[{"taxonomy":"category","embeddable":true,"href":"https:\/\/ciudadliberal.cl\/index.php?rest_route=%2Fwp%2Fv2%2Fcategories&post=8062"},{"taxonomy":"post_tag","embeddable":true,"href":"https:\/\/ciudadliberal.cl\/index.php?rest_route=%2Fwp%2Fv2%2Ftags&post=8062"}],"curies":[{"name":"wp","href":"https:\/\/api.w.org\/{rel}","templated":true}]}}