{"id":796,"date":"2017-04-10T23:50:07","date_gmt":"2017-04-11T02:50:07","guid":{"rendered":"https:\/\/ciudadliberal.cl\/?p=796"},"modified":"2017-05-15T12:04:53","modified_gmt":"2017-05-15T15:04:53","slug":"carta-del-movimiento-sociedad-ante-la-marcha-nacional-de-la-confech","status":"publish","type":"post","link":"https:\/\/ciudadliberal.cl\/?p=796","title":{"rendered":"Carta del \u00abMovimiento Sociedad\u00bb ante la marcha nacional de la CONFECH"},"content":{"rendered":"<p><strong>Se\u00f1or director:<\/strong><\/p>\n<p>Hace casi 6 a\u00f1os la Confech llam\u00f3 a la primera movilizaci\u00f3n nacional que dar\u00eda inicio al Movimiento Estudiantil. Desde entonces una educaci\u00f3n al alcance de todos, de calidad y con vocaci\u00f3n p\u00fablica ha movilizado a miles de estudiantes en todo Chile.<\/p>\n<p>Pero la Confech perdi\u00f3 el rumbo. Ante las evidentes falencias del sistema educacional, la hegem\u00f3nica dirigencia socialista de esta organizaci\u00f3n transform\u00f3 las demandas de la calle en propuestas que han profundizando a\u00fan m\u00e1s la crisis educacional: un Estado centralizado y homogeneizante interviniendo la autonom\u00eda universitaria, un entendimiento de lo p\u00fablico como lo estatal ignorando el enorme aporte de la sociedad civil para que miles puedan educarse, y una demanda de gratuidad universal, que m\u00e1s all\u00e1 de ser regresiva e insostenible, se concibe bajo la l\u00f3gica de un total asistencialismo y una perpetua dependencia del pueblo respecto de la clase pol\u00edtica.<\/p>\n<p>Pero esto est\u00e1 comenzando a cambiar. Este 11 de abril, en la primera marcha de la Confech de este a\u00f1o, seremos muchos los movilizados por una nueva revoluci\u00f3n en la educaci\u00f3n que le asigne al Estado la vigorosa funci\u00f3n social de hacerse cada vez menos necesario, entendiendo que la efectividad del apoyo estatal no debe evaluarse seg\u00fan el n\u00famero de personas que abarca, sino el n\u00famero que dejan de depender de \u00e9l.<\/p>\n<p>Llamamos a todos los estudiantes a sumarse a un cambio de paradigma educacional, por una educaci\u00f3n que asegure la autonom\u00eda de las personas y organizaciones, que surja de la iniciativa y diversidad ciudadana, y que sea el verdadero motor para el empoderamiento y realizaci\u00f3n de las personas.<\/p>\n<p><strong>\u00a0<\/strong><\/p>\n<p><strong>Francisco Costa Y.<\/strong><\/p>\n<p>Coordinador Nacional<\/p>\n<p><strong>Mat\u00edas Alcayaga T.<\/strong><\/p>\n<p>Coordinador Zonal Norte<\/p>\n<p><strong>Mar\u00eda Victoria Far\u00edas M<\/strong>.<\/p>\n<p>Coordinadora Zonal Valpara\u00edso<\/p>\n<p><strong>Esteban Montoya M.<\/strong><\/p>\n<p>Coordinador Zonal Metropolitano<\/p>\n<p><strong>Ignacio Tarud M<\/strong>.<\/p>\n<p>Coordinador Zonal Sur<\/p>\n<p><strong>Sebasti\u00e1n Marfil T.<\/strong><\/p>\n<p>Coordinador UCN<\/p>\n<p><strong>Gabriel Matus V.<\/strong><\/p>\n<p>Coordinador UNAB<\/p>\n<p><strong>Juan Pablo Morales M.<\/strong><\/p>\n<p>Coordinador UTFSM<\/p>\n<p><strong>Marcelo Gonz\u00e1lez C.<\/strong><\/p>\n<p>Coordinador PUCV<\/p>\n<p><strong>Sebasti\u00e1n Silva M.<\/strong><\/p>\n<p>Coordinador UDLA<\/p>\n<p><strong>Camila Zoppi F.<\/strong><\/p>\n<p>Coordinadora UAI<\/p>\n<p><strong>Mar\u00eda Ignacia Galilea R.<\/strong><\/p>\n<p>Coordinadora UDP<\/p>\n<p><strong>C\u00e9sar Cer\u00f3n B.<\/strong><\/p>\n<p>Coordinador UCT<\/p>\n<p><b>Movimiento Sociedad<\/b><\/p>\n","protected":false},"excerpt":{"rendered":"<p>Se\u00f1or director: Hace casi 6 a\u00f1os la Confech llam\u00f3 a la primera movilizaci\u00f3n nacional que dar\u00eda inicio al Movimiento Estudiantil. Desde entonces una educaci\u00f3n al alcance de todos, de calidad y con vocaci\u00f3n p\u00fablica ha movilizado a miles de estudiantes en todo Chile. Pero la Confech perdi\u00f3 el rumbo. Ante las evidentes falencias del sistema [&hellip;]<\/p>\n","protected":false},"author":1,"featured_media":798,"comment_status":"closed","ping_status":"closed","sticky":false,"template":"","format":"standard","meta":{"footnotes":""},"categories":[13],"tags":[],"class_list":["post-796","post","type-post","status-publish","format-standard","has-post-thumbnail","hentry","category-voces"],"_links":{"self":[{"href":"https:\/\/ciudadliberal.cl\/index.php?rest_route=\/wp\/v2\/posts\/796","targetHints":{"allow":["GET"]}}],"collection":[{"href":"https:\/\/ciudadliberal.cl\/index.php?rest_route=\/wp\/v2\/posts"}],"about":[{"href":"https:\/\/ciudadliberal.cl\/index.php?rest_route=\/wp\/v2\/types\/post"}],"author":[{"embeddable":true,"href":"https:\/\/ciudadliberal.cl\/index.php?rest_route=\/wp\/v2\/users\/1"}],"replies":[{"embeddable":true,"href":"https:\/\/ciudadliberal.cl\/index.php?rest_route=%2Fwp%2Fv2%2Fcomments&post=796"}],"version-history":[{"count":2,"href":"https:\/\/ciudadliberal.cl\/index.php?rest_route=\/wp\/v2\/posts\/796\/revisions"}],"predecessor-version":[{"id":799,"href":"https:\/\/ciudadliberal.cl\/index.php?rest_route=\/wp\/v2\/posts\/796\/revisions\/799"}],"wp:featuredmedia":[{"embeddable":true,"href":"https:\/\/ciudadliberal.cl\/index.php?rest_route=\/wp\/v2\/media\/798"}],"wp:attachment":[{"href":"https:\/\/ciudadliberal.cl\/index.php?rest_route=%2Fwp%2Fv2%2Fmedia&parent=796"}],"wp:term":[{"taxonomy":"category","embeddable":true,"href":"https:\/\/ciudadliberal.cl\/index.php?rest_route=%2Fwp%2Fv2%2Fcategories&post=796"},{"taxonomy":"post_tag","embeddable":true,"href":"https:\/\/ciudadliberal.cl\/index.php?rest_route=%2Fwp%2Fv2%2Ftags&post=796"}],"curies":[{"name":"wp","href":"https:\/\/api.w.org\/{rel}","templated":true}]}}