{"id":791,"date":"2017-04-09T22:50:06","date_gmt":"2017-04-10T01:50:06","guid":{"rendered":"https:\/\/ciudadliberal.cl\/?p=791"},"modified":"2017-04-09T22:50:06","modified_gmt":"2017-04-10T01:50:06","slug":"el-olvido-de-la-competencia-electoral","status":"publish","type":"post","link":"https:\/\/ciudadliberal.cl\/?p=791","title":{"rendered":"El olvido de la competencia electoral"},"content":{"rendered":"<p class=\"bajada\"><strong>Con las limitaciones que se han impuesto al financiamiento electoral, podr\u00eda ser que desafiar a un parlamentario en ejercicio sea m\u00e1s dif\u00edcil que antes.<\/strong><\/p>\n<div class=\"CUERPO grid-12\">\n<p>El inicio del per\u00edodo de campa\u00f1as electorales parece estar ya a la vuelta de la esquina. Y estas elecciones tendr\u00e1n una particularidad especial dada la cantidad de reformas que entraran en funcionamiento. Quiz\u00e1s uno de los cambios m\u00e1s debatidos ha sido la nueva ley sobre financiamiento de las campa\u00f1as electorales. Durante la discusi\u00f3n de dicha regulaci\u00f3n, una de las principales preocupaciones era el efecto que las nuevas reglas podr\u00edan tener sobre la competencia electoral. Algunos indicios de esto ya se observaron en las \u00faltimas elecciones municipales.<\/p>\n<p>Pero hay un aspecto relacionado que parece haber quedado en el olvido: aquellas pr\u00e1cticas que benefician a las autoridades que van a la reelecci\u00f3n. El desequilibrio entre el candidato desafiante y el que busca la reelecci\u00f3n no solo se ve afectado por el financiamiento que logren conseguir para las campa\u00f1as, sino tambi\u00e9n por el acceso a recursos p\u00fablicos con que cuentan quienes son autoridades en ejercicio.<\/p>\n<p><span class=\"cita_1\">\u00abEl desequilibrio entre el candidato desafiante y el que busca la reelecci\u00f3n no solo se ve afectado por el financiamiento que logren conseguir para las campa\u00f1as, sino tambi\u00e9n por el acceso a recursos p\u00fablicos con que cuentan quienes son autoridades en ejercicio\u00bb<\/span>El Informe Engel propuso una serie de medidas para fortalecer la regulaci\u00f3n y fiscalizaci\u00f3n del intervencionismo electoral. Son propuestas que apuntan a prevenir y sancionar los malos usos que se puedan hacer de las asignaciones parlamentarias as\u00ed como la mala utilizaci\u00f3n de recursos p\u00fablicos por las autoridades. La Comisi\u00f3n recomend\u00f3, por ejemplo, prohibir las nuevas contrataciones a honorarios y limitar el gasto en publicidad a ciertos par\u00e1metros en per\u00edodos pre eleccionarios, as\u00ed como cautelar el uso de recursos p\u00fablicos en inauguraciones y eventos excepcionales en dichos meses.<\/p>\n<p>Con el inicio de las campa\u00f1as, se torna frecuente las denuncias a Contralor\u00eda y al Consejo de Asignaciones Parlamentarias y Comit\u00e9s de \u00c9tica del Congreso sobre potenciales casos de intervencionismo electoral. Mejorar la regulaci\u00f3n al respecto es importante en cuanto prevendr\u00eda y sancionar\u00eda muchos de las malas pr\u00e1cticas que hoy ocurren, pero tambi\u00e9n tiene importancia en la b\u00fasqueda de aumentar la competencia electoral.<\/p>\n<p class=\"cita_1\">\u00abCon las limitaciones que se han impuesto al financiamiento electoral, podr\u00eda ser que desafiar a un parlamentario en ejercicio sea m\u00e1s dif\u00edcil que antes\u00bb.<\/p>\n<p>La regulaci\u00f3n del financiamiento electoral debe velar por evitar la corrupci\u00f3n y la extorsi\u00f3n pero tambi\u00e9n por la competitividad del sistema: que los desafiantes puedan ganarle a los incumbentes, a aquellos que van a la reelecci\u00f3n. En ese sentido, el aumento de la reelecci\u00f3n de los alcaldes en la \u00faltima elecci\u00f3n municipal es preocupante. M\u00e1s all\u00e1 de casos anecd\u00f3ticos, las cifras muestran que el 73% de los que ya eran alcaldes y que buscaron la reelecci\u00f3n la consigui\u00f3, revirtiendo la tendencia a la baja que se ven\u00eda observando de este indicador (la elecci\u00f3n anterior la cifra de reelecci\u00f3n alcanz\u00f3 el 60%). Con las limitaciones que se han impuesto al financiamiento electoral, podr\u00eda ser que desafiar a un parlamentario en ejercicio sea m\u00e1s dif\u00edcil que antes. Regular entonces qu\u00e9 pasa con los recursos p\u00fablicos con que cuentan las autoridades en ejercicio durante los per\u00edodos de campa\u00f1a cobra una especial importancia. Si hablamos de igualar la cancha, aqu\u00ed hay una oportunidad.<\/p>\n<p><strong><img loading=\"lazy\" decoding=\"async\" class=\" wp-image-793 alignleft\" src=\"https:\/\/ciudadliberal.cl\/wp-content\/uploads\/2017\/04\/Isabel-Aninat.jpg\" alt=\"\" width=\"190\" height=\"190\" srcset=\"https:\/\/ciudadliberal.cl\/wp-content\/uploads\/2017\/04\/Isabel-Aninat.jpg 260w, https:\/\/ciudadliberal.cl\/wp-content\/uploads\/2017\/04\/Isabel-Aninat-150x150.jpg 150w\" sizes=\"auto, (max-width: 190px) 100vw, 190px\" \/><\/strong><\/p>\n<p>&nbsp;<\/p>\n<p><strong>Isabel Aninat S<\/strong>.<\/p>\n<p>Investigadora Centro de Estudios Publicos<\/p>\n<\/div>\n","protected":false},"excerpt":{"rendered":"<p>Con las limitaciones que se han impuesto al financiamiento electoral, podr\u00eda ser que desafiar a un parlamentario en ejercicio sea m\u00e1s dif\u00edcil que antes. El inicio del per\u00edodo de campa\u00f1as electorales parece estar ya a la vuelta de la esquina. Y estas elecciones tendr\u00e1n una particularidad especial dada la cantidad de reformas que entraran en [&hellip;]<\/p>\n","protected":false},"author":1,"featured_media":792,"comment_status":"closed","ping_status":"closed","sticky":false,"template":"","format":"standard","meta":{"footnotes":""},"categories":[13],"tags":[],"class_list":["post-791","post","type-post","status-publish","format-standard","has-post-thumbnail","hentry","category-voces"],"_links":{"self":[{"href":"https:\/\/ciudadliberal.cl\/index.php?rest_route=\/wp\/v2\/posts\/791","targetHints":{"allow":["GET"]}}],"collection":[{"href":"https:\/\/ciudadliberal.cl\/index.php?rest_route=\/wp\/v2\/posts"}],"about":[{"href":"https:\/\/ciudadliberal.cl\/index.php?rest_route=\/wp\/v2\/types\/post"}],"author":[{"embeddable":true,"href":"https:\/\/ciudadliberal.cl\/index.php?rest_route=\/wp\/v2\/users\/1"}],"replies":[{"embeddable":true,"href":"https:\/\/ciudadliberal.cl\/index.php?rest_route=%2Fwp%2Fv2%2Fcomments&post=791"}],"version-history":[{"count":1,"href":"https:\/\/ciudadliberal.cl\/index.php?rest_route=\/wp\/v2\/posts\/791\/revisions"}],"predecessor-version":[{"id":794,"href":"https:\/\/ciudadliberal.cl\/index.php?rest_route=\/wp\/v2\/posts\/791\/revisions\/794"}],"wp:featuredmedia":[{"embeddable":true,"href":"https:\/\/ciudadliberal.cl\/index.php?rest_route=\/wp\/v2\/media\/792"}],"wp:attachment":[{"href":"https:\/\/ciudadliberal.cl\/index.php?rest_route=%2Fwp%2Fv2%2Fmedia&parent=791"}],"wp:term":[{"taxonomy":"category","embeddable":true,"href":"https:\/\/ciudadliberal.cl\/index.php?rest_route=%2Fwp%2Fv2%2Fcategories&post=791"},{"taxonomy":"post_tag","embeddable":true,"href":"https:\/\/ciudadliberal.cl\/index.php?rest_route=%2Fwp%2Fv2%2Ftags&post=791"}],"curies":[{"name":"wp","href":"https:\/\/api.w.org\/{rel}","templated":true}]}}