{"id":787,"date":"2017-04-09T08:54:50","date_gmt":"2017-04-09T11:54:50","guid":{"rendered":"https:\/\/ciudadliberal.cl\/?p=787"},"modified":"2017-05-15T12:05:15","modified_gmt":"2017-05-15T15:05:15","slug":"milo-no-te-hace-grande","status":"publish","type":"post","link":"https:\/\/ciudadliberal.cl\/?p=787","title":{"rendered":"\u00abMilo no te hace grande\u00bb"},"content":{"rendered":"<p><strong>En Chile le hemos dado tribuna a una serie de Milos, como el periodista y bloguero ingl\u00e9s Milo Yiannopoulos, que insulta a musulmanes, a los gordos, a los transexuales y a los pueblos ind\u00edgenas. Tanto \u00e9l como sus versiones criollas son igual de da\u00f1inos para la convivencia pol\u00edtica.<\/strong><\/p>\n<p>Desde el comienzo de los tiempos, los viejos han mandado a los j\u00f3venes a morir en los campos de batalla. Y como hoy es m\u00e1s com\u00fan que las batallas se den en los medios sociales y las columnas de opini\u00f3n que en sus lugares tradicionales, se han reclutado j\u00f3venes articulados para decir aquello que sus mayores no se atreven a decir. Sin embargo, el efecto para el debate p\u00fablico y la calidad de la democracia es similar al que tuvieron las guerras tradicionales. Es dif\u00edcil mantener los est\u00e1ndares democr\u00e1ticos en medio de una guerra.<\/p>\n<p>Milo Yiannopoulos fue uno de estos j\u00f3venes, que vio la oportunidad de hacerse famoso y ganar algo de dinero transmitiendo, de forma dram\u00e1tica y exagerada, lo que otros no estaban dispuestos a decir. Comenz\u00f3 como periodista de tecnolog\u00eda, pero sus comentarios y opiniones sexistas y racistas \u2013y a favor de Donald Trump, a quien se refer\u00eda como \u201cDaddy\u201d\u2013 lo convirtieron en columnista estrella de Breitbart News, sitio que ha sido criticado por darles espacio a grupos que hoy se hacen llamar la derecha alternativa, o alt-right. Insulta a musulmanes, a los gordos, a los transexuales, a los pueblos ind\u00edgenas.<\/p>\n<p>El mismo Milo, quien es conocido por su nombre \u2013como Lula o Cher\u2013 ha reconocido que ni \u00e9l cree la mitad de las cosas que dice. No importa. Le es \u00fatil a un sector pol\u00edtico que tambi\u00e9n piensa que las mujeres de clase media representan la clase m\u00e1s privilegiada en la historia de la civilizaci\u00f3n, que los musulmanes se ubican en el \u00e1pice de la pir\u00e1mide de la victimizaci\u00f3n, o que la izquierda es \u201cel refugio de gente fea\u201d.<\/p>\n<p>Las declaraciones exageradas y las cu\u00f1as lograron que Milo consiguiera una oferta de 250 mil d\u00f3lares para publicar un libro con la editorial Simon &amp; Schuster, invitaciones a programas de televisi\u00f3n y, m\u00e1s recientemente, para hablar en la reuni\u00f3n anual de los conservadores norteamericanos, CPAC. Pero cuando sali\u00f3 a la luz que entre sus posturas extremas se encontraba la defensa a la pedofilia, las ofertas e invitaciones fueron retiradas. El racismo, sexismo y transfobia, eran aceptables mientras Yiannopoulos dec\u00eda lo que otros pensaban pero no se atrev\u00edan a decir. Fue s\u00f3lo luego de la filtraci\u00f3n de un video donde, esencialmente, promov\u00eda un delito, que le quitaron el piso (y el contrato del libro).<\/p>\n<p>En Chile le hemos dado tribuna a una serie de Milos. Una columnista de derecha que dice que los mapuches son malcriados por haber \u201csido objeto de tanto trato preferente\u201d. Otro columnista cree que el mundo \u201cest\u00e1 lleno de fetos inviables\u201d\u2026 \u201cStephen Hawking era un feto inviable\u201d (cosa que, cualquiera que haya visto la pel\u00edcula La teor\u00eda del todo sabe que no es efectivo). Por el otro lado, tenemos a un columnista\/precandidato presidencial que lleva siete a\u00f1os pronosticando el derrumbe del modelo chileno y otro que insiste que la calidad de la educaci\u00f3n universitaria es irrelevante si es que el lucro persiste, puesto que \u00e9sta, la calidad, \u201cno es un argumento para permitir establecimientos con fines de lucro\u201d. Citando a Mill o a Marx, inspirados por Gramsci o Guzm\u00e1n, ambos casos son igual de at\u00e1vicos.<\/p>\n<p>Tanto Milo como sus versiones criollas son igual de da\u00f1inos para la convivencia pol\u00edtica. Las cu\u00f1as logran atraer atenci\u00f3n y la ret\u00f3rica de la furia pareciera representar las frustraciones de muchos. Pero como observ\u00f3 recientemente Tony Blair, los seguidores del nuevo populismo se ven identificados por la rabia de sus l\u00edderes. Con la polarizaci\u00f3n del debate, cada cual escoge a qu\u00e9 lado desea apoyar. La pol\u00edtica de la ira es la pol\u00edtica de la tribu, de pertenecer y no pertenecer al mismo tiempo. Cuando uno se identifica con los que odian a los que uno odia, la convivencia pol\u00edtica y social se hace casi imposible. Pasamos de cuestionar los consensos que limitaron nuestro pasado a imposibilitar aqu\u00e9llos que construyen futuro. El futuro, as\u00ed, no llegar\u00e1 nunca, tal como se dieron cuenta los j\u00f3venes protagonistas de Les Miserables reunidos en una cantina despu\u00e9s de la batalla:<\/p>\n<p>\u201cAqu\u00ed hablaron de la revoluci\u00f3n<br \/>\nAqu\u00ed fue donde prendieron la llama<br \/>\nAqu\u00ed cantaron de ma\u00f1ana<br \/>\nPero ma\u00f1ana nunca lleg\u00f3.\u201d<\/p>\n<p><img loading=\"lazy\" decoding=\"async\" class=\"size-full wp-image-788 alignleft\" src=\"https:\/\/ciudadliberal.cl\/wp-content\/uploads\/2017\/04\/robert-funk.jpg\" alt=\"\" width=\"166\" height=\"166\" srcset=\"https:\/\/ciudadliberal.cl\/wp-content\/uploads\/2017\/04\/robert-funk.jpg 166w, https:\/\/ciudadliberal.cl\/wp-content\/uploads\/2017\/04\/robert-funk-150x150.jpg 150w\" sizes=\"auto, (max-width: 166px) 100vw, 166px\" \/><\/p>\n<p>&nbsp;<\/p>\n<p><strong>Robert Funk<\/strong><\/p>\n<p>Director Ejecutivo Centro de Estudios \u00abPlural Chile\u00bb<\/p>\n<p>&nbsp;<\/p>\n","protected":false},"excerpt":{"rendered":"<p>En Chile le hemos dado tribuna a una serie de Milos, como el periodista y bloguero ingl\u00e9s Milo Yiannopoulos, que insulta a musulmanes, a los gordos, a los transexuales y a los pueblos ind\u00edgenas. Tanto \u00e9l como sus versiones criollas son igual de da\u00f1inos para la convivencia pol\u00edtica. Desde el comienzo de los tiempos, los [&hellip;]<\/p>\n","protected":false},"author":1,"featured_media":789,"comment_status":"closed","ping_status":"closed","sticky":false,"template":"","format":"standard","meta":{"footnotes":""},"categories":[13],"tags":[],"class_list":["post-787","post","type-post","status-publish","format-standard","has-post-thumbnail","hentry","category-voces"],"_links":{"self":[{"href":"https:\/\/ciudadliberal.cl\/index.php?rest_route=\/wp\/v2\/posts\/787","targetHints":{"allow":["GET"]}}],"collection":[{"href":"https:\/\/ciudadliberal.cl\/index.php?rest_route=\/wp\/v2\/posts"}],"about":[{"href":"https:\/\/ciudadliberal.cl\/index.php?rest_route=\/wp\/v2\/types\/post"}],"author":[{"embeddable":true,"href":"https:\/\/ciudadliberal.cl\/index.php?rest_route=\/wp\/v2\/users\/1"}],"replies":[{"embeddable":true,"href":"https:\/\/ciudadliberal.cl\/index.php?rest_route=%2Fwp%2Fv2%2Fcomments&post=787"}],"version-history":[{"count":1,"href":"https:\/\/ciudadliberal.cl\/index.php?rest_route=\/wp\/v2\/posts\/787\/revisions"}],"predecessor-version":[{"id":790,"href":"https:\/\/ciudadliberal.cl\/index.php?rest_route=\/wp\/v2\/posts\/787\/revisions\/790"}],"wp:featuredmedia":[{"embeddable":true,"href":"https:\/\/ciudadliberal.cl\/index.php?rest_route=\/wp\/v2\/media\/789"}],"wp:attachment":[{"href":"https:\/\/ciudadliberal.cl\/index.php?rest_route=%2Fwp%2Fv2%2Fmedia&parent=787"}],"wp:term":[{"taxonomy":"category","embeddable":true,"href":"https:\/\/ciudadliberal.cl\/index.php?rest_route=%2Fwp%2Fv2%2Fcategories&post=787"},{"taxonomy":"post_tag","embeddable":true,"href":"https:\/\/ciudadliberal.cl\/index.php?rest_route=%2Fwp%2Fv2%2Ftags&post=787"}],"curies":[{"name":"wp","href":"https:\/\/api.w.org\/{rel}","templated":true}]}}