{"id":784,"date":"2017-04-08T23:47:47","date_gmt":"2017-04-09T02:47:47","guid":{"rendered":"https:\/\/ciudadliberal.cl\/?p=784"},"modified":"2017-04-08T23:47:47","modified_gmt":"2017-04-09T02:47:47","slug":"carolina-goic-emplaza-a-pinera-y-es-proclamada-presidencialmente-por-jovenes","status":"publish","type":"post","link":"https:\/\/ciudadliberal.cl\/?p=784","title":{"rendered":"Carolina Goic emplaza a Pi\u00f1era y es proclamada presidencialmente por j\u00f3venes"},"content":{"rendered":"<p><strong>La presidenta de la DC y precandidata a La Moneda por su colectividad fue proclamada hoy s\u00e1bado por los j\u00f3venes falangistas en el marco de la junta nacional de este frente interno realizado en la comuna de Providencia en la capital, la l\u00edder partidaria emplazo al ex presidente Sebasti\u00e1n Pi\u00f1era por las AFPs y la transparencia de sus negocios como tambi\u00e9n a condenar los casos de colusi\u00f3n, Al respecto se comprometi\u00f3 con organizaciones de consumidores para evitar mas abusos empresariales, Junta juvenil se realizo con presencia de dirigente de las JJ.CC y elecciones de directiva\u00a0se realizaran en agosto<\/strong><\/p>\n<p>Este acto de proclamacion se desarrollo esta ma\u00f1ana en el centro cultural \u201cSan Gines\u201d ubicado en el \u201cbohemo\u201d barrio Bellavista, en la comuna de Providencia en nuestra capital nacional, donde la historica Juventud DC realizo su junta nacional para analizar sus situaciones internas como frente partidario y tambien declarar este apoyo formal con la asistencia de delegados de todo el pais que incluso llegaron con maletas a este lugar mencionado acreditandose correspondientemente para participar de este encuento, la presidenciable falangista llego despues de las 11 de la ma\u00f1ana siendo recibida por el presidente de la juventud DC Diego Calderon, donde saludo uno por uno a todos los militantes juveniles que la esperaron tanto en las afueras, en el trayecto y en el ingreso al salon donde se desarrollo esta proclamacion, de dirigentes de relevancia solo se vio a los vicepresidentes DC Osvaldo Badenier y Ramon Mallea al igual que el consejero regional independiende pro-DC el actor Juan Pablo Saez, quienes al igual que los presentes vitorearon los cl\u00e1sicos: \u201cSe siente, Se siente\u2026\u2026\u201d en honor a la postulante a La Moneda posando junto con el mencionado l\u00edder juvenil Diego Calder\u00f3n ante los fot\u00f3grafos y camar\u00f3grafos presentes en el lugar, tambi\u00e9n asisti\u00f3 a este encuentro y en un gesto no menor ante las actuales tensiones de la Nueva Mayor\u00eda, el secretario general de las Juventudes Comunistas Reynaldo Morales, cuyo presencia fue destacada tanto por la senadora Goic como por el mencionado Calder\u00f3n, quienes ambos hablaron ante los presentes con sus respectivos discursos, la entrega de flores y del documento program\u00e1tico de la JDC para que sea incorporado al programa de gobierno de la candidata marcaron el fin de este acto, donde la presidenta falangista se saco una selfie y se mantuvo por varios minutos recibiendo el apoyo de varios sus partidarios, Los \u00fanicos puntos curiosos de este encuentro fue la interrupci\u00f3n de este acto entre medio de los discursos de los lideres partidarios se\u00f1alados, ya que medios de prensa en especial la televisi\u00f3n quer\u00edan hablar con la legisladora, obteni\u00e9ndose este espacio por cerca de 15 minutos, y tambi\u00e9n la informaci\u00f3n por parte del locutor oficial del resultado del supercl\u00e1sico del futbol chileno entre los equipos de Colo Colo y la Universidad de Chile que finalmente empataron a 2 goles, con todos estos hechos se puso fin a la primera parte de este encuentro pol\u00edtico<\/p>\n<p>En sus declaraciones a la prensa, la senadora Carolina Goic destaco el aporte juvenil hacia su campa\u00f1a se\u00f1alando que aportan positivamente a ella y que no solo serviran para hacer campa\u00f1a si no tambien para hacer su aporte para el beneficio del pais: \u201cCuando cerca del 80% de los j\u00f3venes no cree en la pol\u00edtica y manifiestan eso, aqu\u00ed vemos el contraste, aqu\u00ed vemos a la juventud de nuestro partido entusiasta, no solo para hacer campa\u00f1a, no solo para sumarse en eso en hacer un recorrido o entregar un panfleto, si no con propuestas concretas respecto de como abordamos nosotros los intereses de los j\u00f3venes, como los temas de salud mental, como enfrentamos los temas de educaci\u00f3n publica y generar alternativas, as\u00ed como lo hemos hecho con gratuidad, as\u00ed que muy contenta de como esta candidatura ha significado tambi\u00e9n que j\u00f3venes hoy d\u00eda recuperan la confianza en la pol\u00edtica, se ponen al servicio adem\u00e1s de construir un mejor pa\u00eds y van sumando cada vez a esta campa\u00f1a que seg\u00fan yo tiene mas energ\u00eda\u201d, sobre sus emplazamientos hacia el ex presidente Sebastian Pi\u00f1era, la presidenciable falangista rechazo las ideas que ha mostrado el mandatario indicando que son \u201clo mismo de siempre\u201d y pidio el rechazo del ex mandatario en contra de las colusiones: \u201cYo espero que en esto Sebasti\u00e1n Pi\u00f1era no se equivoque que mire bien cual es su elenco, cual es su equipo, no hemos escuchado nada, ni una palabra de rechazo a las practicas de colusi\u00f3n, hasta el d\u00eda de hoy todav\u00eda en el caso de la colusi\u00f3n del papel higi\u00e9nico, no ha habido compensaci\u00f3n a los consumidores y no han dicho nada en torno a lo que significa esta practica que no podemos aceptar\u201d, por su parte el presidente de la juventud DC Diego Calderon se\u00f1alo en su discurso que la propuesta programatica de su candidatura declare enfaticamente las posturas de su partido en diversas materias que los chilenos quieren saber: \u201cNuestro rol tambi\u00e9n es que el programa presidencial de la Democracia Cristiana, sea un programa para transformar Chile sea un programa que le hable a los chilenos respecto de los temas que hoy d\u00eda, los chilenos quieren escuchar, que necesitan de nuestros liderazgos pol\u00edticos respuestas, necesitamos de una vez por todas que la DC diga no quiere mas AFP, que de una vez por todas queremos un sistema previsional distinto, que le de dignidad a nuestros adultos mayores, Queremos adem\u00e1s una DC que tome en serio el tema medioambiental, porque a nosotros nos preocupa como j\u00f3venes el mundo que vamos a vivir en 30, 40, o 50 a\u00f1os mas y queremos que ese tema sea una agenda de hoy, queremos que hablemos de una vez por todas de como enfrentar la desigualdad, tan grosera en nuestro pa\u00eds, comparado con el de Am\u00e9rica Latina\u201d, se\u00f1alo entre otras cosas, el tambien precandidato a diputado por la Region Metropolitana<\/p>\n<p>Durante esta tarde y despues del receso de almuerzo, los delegados juveniles de la DC continuaron con su debate interno donde conocieron la cuenta publica de su directiva, definieron su calendario para sus proximas elecciones internas cuyos comicios definieron para el mes de agosto, y analizaron diversas reformas hacia su reglamento organico, como tambien varios participantes hablaron sobre las contingencias partidarias, politicas y nacionales en su habitual \u201cdebate politico\u201d, En su balance economico actualizado hasta este mes, su tesoreria declaro perdidas por $292.317 pesos, aunque en sus ingresos, un 58% provino de aportes voluntarios de sus militantes y un 42% al pago de las cuotas obligatorias por parte de sus consejeros y otras personas con deber de aportar, pidiendose \u201cun mayor compromiso y estructura\u201d, a la hora de aportar financieramente, sobretodo con las nuevas y altas exigencias en torno a obtener financiamiento publico como colectivida politica, Sobre la reunion del Comite Central del PS que proclamaria hacia algun candidato presidencial, la lider DC se\u00f1alo que respetara las decisiones de ese partido, descartando presiones para inclinar alguna resolucion, pero reconociendo que lo que decida esa colectividad poltiica influira en sus decisiones futuras, en especial ante la junta nacional que realizaran como colectividad el proximo 29 de abril, En materias de otros competidores presidenciables, Sebastian Pi\u00f1era presento a su equipo de campa\u00f1a donde sorprendio la presencia del ex contralor Ramiro Mendoza y Felipe Kast presento a la lista parlamentaria de su partido que ayudo a formar: EVOPOLI<\/p>\n","protected":false},"excerpt":{"rendered":"<p>La presidenta de la DC y precandidata a La Moneda por su colectividad fue proclamada hoy s\u00e1bado por los j\u00f3venes falangistas en el marco de la junta nacional de este frente interno realizado en la comuna de Providencia en la capital, la l\u00edder partidaria emplazo al ex presidente Sebasti\u00e1n Pi\u00f1era por las AFPs y la [&hellip;]<\/p>\n","protected":false},"author":1,"featured_media":785,"comment_status":"closed","ping_status":"closed","sticky":false,"template":"","format":"standard","meta":{"footnotes":""},"categories":[6,16],"tags":[],"class_list":["post-784","post","type-post","status-publish","format-standard","has-post-thumbnail","hentry","category-actualidad","category-internet"],"_links":{"self":[{"href":"https:\/\/ciudadliberal.cl\/index.php?rest_route=\/wp\/v2\/posts\/784","targetHints":{"allow":["GET"]}}],"collection":[{"href":"https:\/\/ciudadliberal.cl\/index.php?rest_route=\/wp\/v2\/posts"}],"about":[{"href":"https:\/\/ciudadliberal.cl\/index.php?rest_route=\/wp\/v2\/types\/post"}],"author":[{"embeddable":true,"href":"https:\/\/ciudadliberal.cl\/index.php?rest_route=\/wp\/v2\/users\/1"}],"replies":[{"embeddable":true,"href":"https:\/\/ciudadliberal.cl\/index.php?rest_route=%2Fwp%2Fv2%2Fcomments&post=784"}],"version-history":[{"count":1,"href":"https:\/\/ciudadliberal.cl\/index.php?rest_route=\/wp\/v2\/posts\/784\/revisions"}],"predecessor-version":[{"id":786,"href":"https:\/\/ciudadliberal.cl\/index.php?rest_route=\/wp\/v2\/posts\/784\/revisions\/786"}],"wp:featuredmedia":[{"embeddable":true,"href":"https:\/\/ciudadliberal.cl\/index.php?rest_route=\/wp\/v2\/media\/785"}],"wp:attachment":[{"href":"https:\/\/ciudadliberal.cl\/index.php?rest_route=%2Fwp%2Fv2%2Fmedia&parent=784"}],"wp:term":[{"taxonomy":"category","embeddable":true,"href":"https:\/\/ciudadliberal.cl\/index.php?rest_route=%2Fwp%2Fv2%2Fcategories&post=784"},{"taxonomy":"post_tag","embeddable":true,"href":"https:\/\/ciudadliberal.cl\/index.php?rest_route=%2Fwp%2Fv2%2Ftags&post=784"}],"curies":[{"name":"wp","href":"https:\/\/api.w.org\/{rel}","templated":true}]}}